{"id":1040,"date":"2019-06-29T22:30:46","date_gmt":"2019-06-30T01:30:46","guid":{"rendered":"https:\/\/mapadadiversidade.com.br\/ipatinga\/?p=1040"},"modified":"2019-07-07T11:34:26","modified_gmt":"2019-07-07T14:34:26","slug":"vanessa-eloisa-b-oliveira-velas-artes","status":"publish","type":"post","link":"https:\/\/mapadadiversidade.com.br\/ipatinga\/vanessa-eloisa-b-oliveira-velas-artes\/","title":{"rendered":"Vanessa Eloisa B. Oliveira &#8211; Velas artes"},"content":{"rendered":"\n<p>Velas decorativas<\/p>\n\n\n\n<p>Artesanato<\/p>\n\n\n\n<p>Confec\u00e7\u00e3o de velas com parafina de v\u00e1rios modelos, cores e ess\u00eancias. Velas ornamentais e decorativas<\/p>\n\n\n\n<p>Telefone: (31) 985492655  973417234<br>E-mail: vanessaebo@gmail.com<br>Faceboock: Vanessa Oliveira Velas Artes<br>Instagram: vanessa Oliveira &#8211; Velas artes<\/p>\n\n\n\n<ul class=\"wp-block-gallery columns-3 is-cropped wp-block-gallery-1 is-layout-flex wp-block-gallery-is-layout-flex\"><li class=\"blocks-gallery-item\"><figure><img loading=\"lazy\" decoding=\"async\" width=\"1024\" height=\"576\" src=\"https:\/\/mapadadiversidade.com.br\/ipatinga\/wp-content\/uploads\/2019\/06\/IMG-20190619-WA0025-1024x576.jpg\" alt=\"\" data-id=\"1041\" data-link=\"https:\/\/mapadadiversidade.com.br\/ipatinga\/?attachment_id=1041\" class=\"wp-image-1041\" srcset=\"https:\/\/mapadadiversidade.com.br\/ipatinga\/wp-content\/uploads\/2019\/06\/IMG-20190619-WA0025-1024x576.jpg 1024w, https:\/\/mapadadiversidade.com.br\/ipatinga\/wp-content\/uploads\/2019\/06\/IMG-20190619-WA0025-300x169.jpg 300w, https:\/\/mapadadiversidade.com.br\/ipatinga\/wp-content\/uploads\/2019\/06\/IMG-20190619-WA0025-768x432.jpg 768w, https:\/\/mapadadiversidade.com.br\/ipatinga\/wp-content\/uploads\/2019\/06\/IMG-20190619-WA0025.jpg 1280w\" sizes=\"auto, (max-width: 1024px) 100vw, 1024px\" \/><\/figure><\/li><li class=\"blocks-gallery-item\"><figure><img loading=\"lazy\" decoding=\"async\" width=\"1024\" height=\"576\" src=\"https:\/\/mapadadiversidade.com.br\/ipatinga\/wp-content\/uploads\/2019\/06\/IMG-20190619-WA0029-1024x576.jpg\" alt=\"\" data-id=\"1042\" data-link=\"https:\/\/mapadadiversidade.com.br\/ipatinga\/?attachment_id=1042\" class=\"wp-image-1042\" srcset=\"https:\/\/mapadadiversidade.com.br\/ipatinga\/wp-content\/uploads\/2019\/06\/IMG-20190619-WA0029-1024x576.jpg 1024w, https:\/\/mapadadiversidade.com.br\/ipatinga\/wp-content\/uploads\/2019\/06\/IMG-20190619-WA0029-300x169.jpg 300w, https:\/\/mapadadiversidade.com.br\/ipatinga\/wp-content\/uploads\/2019\/06\/IMG-20190619-WA0029-768x432.jpg 768w, https:\/\/mapadadiversidade.com.br\/ipatinga\/wp-content\/uploads\/2019\/06\/IMG-20190619-WA0029.jpg 1280w\" sizes=\"auto, (max-width: 1024px) 100vw, 1024px\" \/><\/figure><\/li><li class=\"blocks-gallery-item\"><figure><img loading=\"lazy\" decoding=\"async\" width=\"1024\" height=\"576\" src=\"https:\/\/mapadadiversidade.com.br\/ipatinga\/wp-content\/uploads\/2019\/06\/IMG-20190619-WA0031-1024x576.jpg\" alt=\"\" data-id=\"1043\" data-link=\"https:\/\/mapadadiversidade.com.br\/ipatinga\/?attachment_id=1043\" class=\"wp-image-1043\" srcset=\"https:\/\/mapadadiversidade.com.br\/ipatinga\/wp-content\/uploads\/2019\/06\/IMG-20190619-WA0031-1024x576.jpg 1024w, https:\/\/mapadadiversidade.com.br\/ipatinga\/wp-content\/uploads\/2019\/06\/IMG-20190619-WA0031-300x169.jpg 300w, https:\/\/mapadadiversidade.com.br\/ipatinga\/wp-content\/uploads\/2019\/06\/IMG-20190619-WA0031-768x432.jpg 768w, https:\/\/mapadadiversidade.com.br\/ipatinga\/wp-content\/uploads\/2019\/06\/IMG-20190619-WA0031.jpg 1280w\" sizes=\"auto, (max-width: 1024px) 100vw, 1024px\" \/><\/figure><\/li><li class=\"blocks-gallery-item\"><figure><img loading=\"lazy\" decoding=\"async\" width=\"1024\" height=\"576\" src=\"https:\/\/mapadadiversidade.com.br\/ipatinga\/wp-content\/uploads\/2019\/06\/IMG-20190619-WA0034-1024x576.jpg\" alt=\"\" data-id=\"1044\" data-link=\"https:\/\/mapadadiversidade.com.br\/ipatinga\/?attachment_id=1044\" class=\"wp-image-1044\" srcset=\"https:\/\/mapadadiversidade.com.br\/ipatinga\/wp-content\/uploads\/2019\/06\/IMG-20190619-WA0034-1024x576.jpg 1024w, https:\/\/mapadadiversidade.com.br\/ipatinga\/wp-content\/uploads\/2019\/06\/IMG-20190619-WA0034-300x169.jpg 300w, https:\/\/mapadadiversidade.com.br\/ipatinga\/wp-content\/uploads\/2019\/06\/IMG-20190619-WA0034-768x432.jpg 768w, https:\/\/mapadadiversidade.com.br\/ipatinga\/wp-content\/uploads\/2019\/06\/IMG-20190619-WA0034.jpg 1280w\" sizes=\"auto, (max-width: 1024px) 100vw, 1024px\" \/><\/figure><\/li><li class=\"blocks-gallery-item\"><figure><img loading=\"lazy\" decoding=\"async\" width=\"1024\" height=\"576\" src=\"https:\/\/mapadadiversidade.com.br\/ipatinga\/wp-content\/uploads\/2019\/06\/IMG-20190619-WA0036-1024x576.jpg\" alt=\"\" data-id=\"1045\" data-link=\"https:\/\/mapadadiversidade.com.br\/ipatinga\/?attachment_id=1045\" class=\"wp-image-1045\" srcset=\"https:\/\/mapadadiversidade.com.br\/ipatinga\/wp-content\/uploads\/2019\/06\/IMG-20190619-WA0036-1024x576.jpg 1024w, https:\/\/mapadadiversidade.com.br\/ipatinga\/wp-content\/uploads\/2019\/06\/IMG-20190619-WA0036-300x169.jpg 300w, https:\/\/mapadadiversidade.com.br\/ipatinga\/wp-content\/uploads\/2019\/06\/IMG-20190619-WA0036-768x432.jpg 768w, https:\/\/mapadadiversidade.com.br\/ipatinga\/wp-content\/uploads\/2019\/06\/IMG-20190619-WA0036.jpg 1280w\" sizes=\"auto, (max-width: 1024px) 100vw, 1024px\" \/><\/figure><\/li><li class=\"blocks-gallery-item\"><figure><img loading=\"lazy\" decoding=\"async\" width=\"1024\" height=\"576\" src=\"https:\/\/mapadadiversidade.com.br\/ipatinga\/wp-content\/uploads\/2019\/06\/IMG-20190619-WA0035-1024x576.jpg\" alt=\"\" data-id=\"1046\" data-link=\"https:\/\/mapadadiversidade.com.br\/ipatinga\/?attachment_id=1046\" class=\"wp-image-1046\" srcset=\"https:\/\/mapadadiversidade.com.br\/ipatinga\/wp-content\/uploads\/2019\/06\/IMG-20190619-WA0035-1024x576.jpg 1024w, https:\/\/mapadadiversidade.com.br\/ipatinga\/wp-content\/uploads\/2019\/06\/IMG-20190619-WA0035-300x169.jpg 300w, https:\/\/mapadadiversidade.com.br\/ipatinga\/wp-content\/uploads\/2019\/06\/IMG-20190619-WA0035-768x432.jpg 768w, https:\/\/mapadadiversidade.com.br\/ipatinga\/wp-content\/uploads\/2019\/06\/IMG-20190619-WA0035.jpg 1280w\" sizes=\"auto, (max-width: 1024px) 100vw, 1024px\" \/><\/figure><\/li><\/ul>\n","protected":false},"excerpt":{"rendered":"<p>Confec\u00e7\u00e3o de velas com parafina de v\u00e1rios modelos, cores e ess\u00eancias.<\/p>\n","protected":false},"author":12,"featured_media":1041,"comment_status":"open","ping_status":"open","sticky":false,"template":"","format":"standard","meta":{"footnotes":""},"categories":[1,11],"tags":[30,175],"class_list":["post-1040","post","type-post","status-publish","format-standard","has-post-thumbnail","hentry","category-ipatinga","category-artesanato","tag-artesanato","tag-velas-decorativas","item-wrap"],"_links":{"self":[{"href":"https:\/\/mapadadiversidade.com.br\/ipatinga\/wp-json\/wp\/v2\/posts\/1040","targetHints":{"allow":["GET"]}}],"collection":[{"href":"https:\/\/mapadadiversidade.com.br\/ipatinga\/wp-json\/wp\/v2\/posts"}],"about":[{"href":"https:\/\/mapadadiversidade.com.br\/ipatinga\/wp-json\/wp\/v2\/types\/post"}],"author":[{"embeddable":true,"href":"https:\/\/mapadadiversidade.com.br\/ipatinga\/wp-json\/wp\/v2\/users\/12"}],"replies":[{"embeddable":true,"href":"https:\/\/mapadadiversidade.com.br\/ipatinga\/wp-json\/wp\/v2\/comments?post=1040"}],"version-history":[{"count":2,"href":"https:\/\/mapadadiversidade.com.br\/ipatinga\/wp-json\/wp\/v2\/posts\/1040\/revisions"}],"predecessor-version":[{"id":1123,"href":"https:\/\/mapadadiversidade.com.br\/ipatinga\/wp-json\/wp\/v2\/posts\/1040\/revisions\/1123"}],"wp:featuredmedia":[{"embeddable":true,"href":"https:\/\/mapadadiversidade.com.br\/ipatinga\/wp-json\/wp\/v2\/media\/1041"}],"wp:attachment":[{"href":"https:\/\/mapadadiversidade.com.br\/ipatinga\/wp-json\/wp\/v2\/media?parent=1040"}],"wp:term":[{"taxonomy":"category","embeddable":true,"href":"https:\/\/mapadadiversidade.com.br\/ipatinga\/wp-json\/wp\/v2\/categories?post=1040"},{"taxonomy":"post_tag","embeddable":true,"href":"https:\/\/mapadadiversidade.com.br\/ipatinga\/wp-json\/wp\/v2\/tags?post=1040"}],"curies":[{"name":"wp","href":"https:\/\/api.w.org\/{rel}","templated":true}]}}