{"id":1125,"date":"2019-06-01T09:44:10","date_gmt":"2019-06-01T12:44:10","guid":{"rendered":"https:\/\/mapadadiversidade.com.br\/ipatinga\/?p=1125"},"modified":"2019-07-11T11:22:10","modified_gmt":"2019-07-11T14:22:10","slug":"marcony-carvalho-bispo","status":"publish","type":"post","link":"https:\/\/mapadadiversidade.com.br\/ipatinga\/marcony-carvalho-bispo\/","title":{"rendered":"Marcony Carvalho Bispo"},"content":{"rendered":"\n<p>Instrumentista, Pianista, tecladista, acordeonista <\/p>\n\n\n\n<p>Linguagens Art\u00edsticas <br>M\u00fasica<\/p>\n\n\n\n<p>Hist\u00f3rico: Comecei estudar m\u00fasica ainda crian\u00e7a quando eu tinha por volta de 9 anos na Escola de M\u00fasica Tenente Osvaldo Machado, em Ipatinga. Quando adolescente, tive d\u00favidas em qual carreira seguir, e optei e prestei vestibular na UEMG, licenciatura em habilita\u00e7\u00e3o em piano, por motivos familiares acabei n\u00e3o concluindo, mas segui a minha voca\u00e7\u00e3o mesmo e voltei a trabalhar com m\u00fasica. Desenvolve trabalhos em v\u00e1rias bandas e faz releituras de secos e molhados, releitura Legi\u00e3o Urbana, The Doors, tem um cantor tamb\u00e9m de m\u00fasica caipira chamado Yuri Luna, toco com Coral da Funda\u00e7\u00e3o Aperam em Tim\u00f3teo. <\/p>\n\n\n\n<p>Arte Educador<\/p>\n\n\n\n<p>Educador musical na rede municipal de Ipatinga e atuo como arranjador. <\/p>\n\n\n\n<p>Telefone:(31) 98658-0491<\/p>\n\n\n\n<p>Email: marcony.bispo@gmail.com<\/p>\n\n\n\n<p>Facebook: <a href=\"https:\/\/www.facebook.com\/marcony.carvalho\">Marcony Bispo <\/a><\/p>\n\n\n\n<p>Instagram: <a href=\"https:\/\/www.instagram.com\/marconycarvalho\/\">Marcony Carvalho<\/a><\/p>\n\n\n\n<figure class=\"wp-block-embed-youtube wp-block-embed is-type-video is-provider-youtube wp-embed-aspect-16-9 wp-has-aspect-ratio\"><div class=\"wp-block-embed__wrapper\">\n<iframe loading=\"lazy\" title=\"Marcony Carvalho\" width=\"944\" height=\"531\" src=\"https:\/\/www.youtube.com\/embed\/zwwOzRuY6G4?feature=oembed\" frameborder=\"0\" allow=\"accelerometer; autoplay; encrypted-media; gyroscope; picture-in-picture\" allowfullscreen><\/iframe>\n<\/div><\/figure>\n\n\n\n<ul class=\"wp-block-gallery columns-3 is-cropped wp-block-gallery-1 is-layout-flex wp-block-gallery-is-layout-flex\"><li class=\"blocks-gallery-item\"><figure><img loading=\"lazy\" decoding=\"async\" width=\"1024\" height=\"682\" src=\"https:\/\/mapadadiversidade.com.br\/ipatinga\/wp-content\/uploads\/2019\/06\/marcone-perfil-1024x682.jpg\" alt=\"\" data-id=\"1128\" data-link=\"https:\/\/mapadadiversidade.com.br\/ipatinga\/?attachment_id=1128\" class=\"wp-image-1128\" srcset=\"https:\/\/mapadadiversidade.com.br\/ipatinga\/wp-content\/uploads\/2019\/06\/marcone-perfil-1024x682.jpg 1024w, https:\/\/mapadadiversidade.com.br\/ipatinga\/wp-content\/uploads\/2019\/06\/marcone-perfil-300x200.jpg 300w, https:\/\/mapadadiversidade.com.br\/ipatinga\/wp-content\/uploads\/2019\/06\/marcone-perfil-768x512.jpg 768w, https:\/\/mapadadiversidade.com.br\/ipatinga\/wp-content\/uploads\/2019\/06\/marcone-perfil.jpg 1280w\" sizes=\"auto, (max-width: 1024px) 100vw, 1024px\" \/><\/figure><\/li><li class=\"blocks-gallery-item\"><figure><img loading=\"lazy\" decoding=\"async\" width=\"1024\" height=\"449\" src=\"https:\/\/mapadadiversidade.com.br\/ipatinga\/wp-content\/uploads\/2019\/06\/marcony-1-1024x449.jpg\" alt=\"\" data-id=\"1130\" data-link=\"https:\/\/mapadadiversidade.com.br\/ipatinga\/?attachment_id=1130\" class=\"wp-image-1130\" srcset=\"https:\/\/mapadadiversidade.com.br\/ipatinga\/wp-content\/uploads\/2019\/06\/marcony-1-1024x449.jpg 1024w, https:\/\/mapadadiversidade.com.br\/ipatinga\/wp-content\/uploads\/2019\/06\/marcony-1-300x131.jpg 300w, https:\/\/mapadadiversidade.com.br\/ipatinga\/wp-content\/uploads\/2019\/06\/marcony-1-768x337.jpg 768w\" sizes=\"auto, (max-width: 1024px) 100vw, 1024px\" \/><\/figure><\/li><li class=\"blocks-gallery-item\"><figure><img loading=\"lazy\" decoding=\"async\" width=\"1024\" height=\"1024\" src=\"https:\/\/mapadadiversidade.com.br\/ipatinga\/wp-content\/uploads\/2019\/06\/marcony-4-1024x1024.jpg\" alt=\"\" data-id=\"1133\" data-link=\"https:\/\/mapadadiversidade.com.br\/ipatinga\/?attachment_id=1133\" class=\"wp-image-1133\" srcset=\"https:\/\/mapadadiversidade.com.br\/ipatinga\/wp-content\/uploads\/2019\/06\/marcony-4-1024x1024.jpg 1024w, https:\/\/mapadadiversidade.com.br\/ipatinga\/wp-content\/uploads\/2019\/06\/marcony-4-150x150.jpg 150w, https:\/\/mapadadiversidade.com.br\/ipatinga\/wp-content\/uploads\/2019\/06\/marcony-4-300x300.jpg 300w, https:\/\/mapadadiversidade.com.br\/ipatinga\/wp-content\/uploads\/2019\/06\/marcony-4-768x768.jpg 768w, https:\/\/mapadadiversidade.com.br\/ipatinga\/wp-content\/uploads\/2019\/06\/marcony-4.jpg 1366w\" sizes=\"auto, (max-width: 1024px) 100vw, 1024px\" \/><\/figure><\/li><li class=\"blocks-gallery-item\"><figure><img loading=\"lazy\" decoding=\"async\" width=\"960\" height=\"637\" src=\"https:\/\/mapadadiversidade.com.br\/ipatinga\/wp-content\/uploads\/2019\/06\/marcony-10.jpg\" alt=\"\" data-id=\"1136\" data-link=\"https:\/\/mapadadiversidade.com.br\/ipatinga\/?attachment_id=1136\" class=\"wp-image-1136\" srcset=\"https:\/\/mapadadiversidade.com.br\/ipatinga\/wp-content\/uploads\/2019\/06\/marcony-10.jpg 960w, https:\/\/mapadadiversidade.com.br\/ipatinga\/wp-content\/uploads\/2019\/06\/marcony-10-300x199.jpg 300w, https:\/\/mapadadiversidade.com.br\/ipatinga\/wp-content\/uploads\/2019\/06\/marcony-10-768x510.jpg 768w\" sizes=\"auto, (max-width: 960px) 100vw, 960px\" \/><\/figure><\/li><li class=\"blocks-gallery-item\"><figure><img loading=\"lazy\" decoding=\"async\" width=\"1024\" height=\"510\" src=\"https:\/\/mapadadiversidade.com.br\/ipatinga\/wp-content\/uploads\/2019\/06\/Marcony-1024x510.jpg\" alt=\"\" data-id=\"1138\" data-link=\"https:\/\/mapadadiversidade.com.br\/ipatinga\/?attachment_id=1138\" class=\"wp-image-1138\" srcset=\"https:\/\/mapadadiversidade.com.br\/ipatinga\/wp-content\/uploads\/2019\/06\/Marcony-1024x510.jpg 1024w, https:\/\/mapadadiversidade.com.br\/ipatinga\/wp-content\/uploads\/2019\/06\/Marcony-300x149.jpg 300w, https:\/\/mapadadiversidade.com.br\/ipatinga\/wp-content\/uploads\/2019\/06\/Marcony-768x382.jpg 768w, https:\/\/mapadadiversidade.com.br\/ipatinga\/wp-content\/uploads\/2019\/06\/Marcony.jpg 1968w\" sizes=\"auto, (max-width: 1024px) 100vw, 1024px\" \/><\/figure><\/li><li class=\"blocks-gallery-item\"><figure><img loading=\"lazy\" decoding=\"async\" width=\"720\" height=\"404\" src=\"https:\/\/mapadadiversidade.com.br\/ipatinga\/wp-content\/uploads\/2019\/06\/marcony2.jpg\" alt=\"\" data-id=\"1139\" data-link=\"https:\/\/mapadadiversidade.com.br\/ipatinga\/?attachment_id=1139\" class=\"wp-image-1139\" srcset=\"https:\/\/mapadadiversidade.com.br\/ipatinga\/wp-content\/uploads\/2019\/06\/marcony2.jpg 720w, https:\/\/mapadadiversidade.com.br\/ipatinga\/wp-content\/uploads\/2019\/06\/marcony2-300x168.jpg 300w\" sizes=\"auto, (max-width: 720px) 100vw, 720px\" \/><\/figure><\/li><li class=\"blocks-gallery-item\"><figure><img loading=\"lazy\" decoding=\"async\" width=\"1024\" height=\"682\" src=\"https:\/\/mapadadiversidade.com.br\/ipatinga\/wp-content\/uploads\/2019\/06\/marcony3-1024x682.jpg\" alt=\"\" data-id=\"1140\" data-link=\"https:\/\/mapadadiversidade.com.br\/ipatinga\/?attachment_id=1140\" class=\"wp-image-1140\" srcset=\"https:\/\/mapadadiversidade.com.br\/ipatinga\/wp-content\/uploads\/2019\/06\/marcony3-1024x682.jpg 1024w, https:\/\/mapadadiversidade.com.br\/ipatinga\/wp-content\/uploads\/2019\/06\/marcony3-300x200.jpg 300w, https:\/\/mapadadiversidade.com.br\/ipatinga\/wp-content\/uploads\/2019\/06\/marcony3-768x512.jpg 768w, https:\/\/mapadadiversidade.com.br\/ipatinga\/wp-content\/uploads\/2019\/06\/marcony3.jpg 1280w\" sizes=\"auto, (max-width: 1024px) 100vw, 1024px\" \/><\/figure><\/li><li class=\"blocks-gallery-item\"><figure><img loading=\"lazy\" decoding=\"async\" width=\"1024\" height=\"683\" src=\"https:\/\/mapadadiversidade.com.br\/ipatinga\/wp-content\/uploads\/2019\/07\/Marcony-Carvalho-2-1024x683.jpg\" alt=\"\" data-id=\"1547\" data-link=\"https:\/\/mapadadiversidade.com.br\/ipatinga\/marcony-carvalho-bispo\/marcony-carvalho-2\/\" class=\"wp-image-1547\" srcset=\"https:\/\/mapadadiversidade.com.br\/ipatinga\/wp-content\/uploads\/2019\/07\/Marcony-Carvalho-2-1024x683.jpg 1024w, https:\/\/mapadadiversidade.com.br\/ipatinga\/wp-content\/uploads\/2019\/07\/Marcony-Carvalho-2-300x200.jpg 300w, https:\/\/mapadadiversidade.com.br\/ipatinga\/wp-content\/uploads\/2019\/07\/Marcony-Carvalho-2-768x512.jpg 768w\" sizes=\"auto, (max-width: 1024px) 100vw, 1024px\" \/><\/figure><\/li><\/ul>\n","protected":false},"excerpt":{"rendered":"<p>M\u00fasico, Instrumentista, Pianista, tecladista, acordeonista,arte educador.<\/p>\n","protected":false},"author":3,"featured_media":1548,"comment_status":"open","ping_status":"open","sticky":false,"template":"","format":"standard","meta":{"footnotes":""},"categories":[1,5,12],"tags":[250,160,33,161,162,100,123,159],"class_list":["post-1125","post","type-post","status-publish","format-standard","has-post-thumbnail","hentry","category-ipatinga","category-arte-educador-educador-social","category-musica","tag-arcodion","tag-arranjador","tag-arte-educador","tag-educador-musical","tag-instrumentista","tag-musico","tag-pianista","tag-tecladista","item-wrap"],"_links":{"self":[{"href":"https:\/\/mapadadiversidade.com.br\/ipatinga\/wp-json\/wp\/v2\/posts\/1125","targetHints":{"allow":["GET"]}}],"collection":[{"href":"https:\/\/mapadadiversidade.com.br\/ipatinga\/wp-json\/wp\/v2\/posts"}],"about":[{"href":"https:\/\/mapadadiversidade.com.br\/ipatinga\/wp-json\/wp\/v2\/types\/post"}],"author":[{"embeddable":true,"href":"https:\/\/mapadadiversidade.com.br\/ipatinga\/wp-json\/wp\/v2\/users\/3"}],"replies":[{"embeddable":true,"href":"https:\/\/mapadadiversidade.com.br\/ipatinga\/wp-json\/wp\/v2\/comments?post=1125"}],"version-history":[{"count":10,"href":"https:\/\/mapadadiversidade.com.br\/ipatinga\/wp-json\/wp\/v2\/posts\/1125\/revisions"}],"predecessor-version":[{"id":2266,"href":"https:\/\/mapadadiversidade.com.br\/ipatinga\/wp-json\/wp\/v2\/posts\/1125\/revisions\/2266"}],"wp:featuredmedia":[{"embeddable":true,"href":"https:\/\/mapadadiversidade.com.br\/ipatinga\/wp-json\/wp\/v2\/media\/1548"}],"wp:attachment":[{"href":"https:\/\/mapadadiversidade.com.br\/ipatinga\/wp-json\/wp\/v2\/media?parent=1125"}],"wp:term":[{"taxonomy":"category","embeddable":true,"href":"https:\/\/mapadadiversidade.com.br\/ipatinga\/wp-json\/wp\/v2\/categories?post=1125"},{"taxonomy":"post_tag","embeddable":true,"href":"https:\/\/mapadadiversidade.com.br\/ipatinga\/wp-json\/wp\/v2\/tags?post=1125"}],"curies":[{"name":"wp","href":"https:\/\/api.w.org\/{rel}","templated":true}]}}