{"id":115,"date":"2019-07-08T11:19:16","date_gmt":"2019-07-08T14:19:16","guid":{"rendered":"https:\/\/mapadadiversidade.com.br\/ipatinga\/?p=115"},"modified":"2019-07-09T15:18:47","modified_gmt":"2019-07-09T18:18:47","slug":"biblioteca-do-max","status":"publish","type":"post","link":"https:\/\/mapadadiversidade.com.br\/ipatinga\/biblioteca-do-max\/","title":{"rendered":"Biblioteca do Max"},"content":{"rendered":"\n<p>Max \u00e9 uma crian\u00e7a de 7 anos que decidiu dividir seus livros com as crian\u00e7as de sua comunidade. Ele leva sua biblioteca itinerante para a pra\u00e7a e para as escolas.<\/p>\n\n\n\n<p>Linguagens Art\u00edsticas<br>Literatura<\/p>\n\n\n\n<p>Hist\u00f3rico:  Max das Colinas \u00e9 uma crian\u00e7a, que come\u00e7ou seu trabalho no campo cultural devido a seu interesse pela literatura. Observando que alguns de seus livros n\u00e3o iriam mais ser utilizados, ele decidiu dividi-los com outras crian\u00e7as. <\/p>\n\n\n\n<p>A ideia inicial foi ir para o t\u00e9rreo de seu pr\u00e9dio com seus livros, e assim, desenvolver atividades de leitura com outras crian\u00e7as.<\/p>\n\n\n\n<p>Sua m\u00e3e K\u00eania, teve a ideia de criar um mobili\u00e1rio com rodinhas, para que a ideia se estendesse para as pra\u00e7as e escolas. <\/p>\n\n\n\n<p><strong>Facebook:<\/strong> <a href=\"https:\/\/www.facebook.com\/bibliotecadomax\/\">Biblioteca do Max<\/a><br>I<strong>nstagram:<\/strong> <a href=\"https:\/\/www.instagram.com\/bibliotecadomax\/\">@bibliotecadomax<\/a><\/p>\n\n\n\n<figure class=\"wp-block-embed-youtube wp-block-embed is-type-video is-provider-youtube wp-embed-aspect-16-9 wp-has-aspect-ratio\"><div class=\"wp-block-embed__wrapper\">\n<iframe loading=\"lazy\" title=\"Biblioteca do Max\" width=\"944\" height=\"531\" src=\"https:\/\/www.youtube.com\/embed\/xqSkgSw3RpU?feature=oembed\" frameborder=\"0\" allow=\"accelerometer; autoplay; encrypted-media; gyroscope; picture-in-picture\" allowfullscreen><\/iframe>\n<\/div><\/figure>\n\n\n\n<ul class=\"wp-block-gallery columns-2 is-cropped wp-block-gallery-1 is-layout-flex wp-block-gallery-is-layout-flex\"><li class=\"blocks-gallery-item\"><figure><img loading=\"lazy\" decoding=\"async\" width=\"587\" height=\"596\" src=\"https:\/\/mapadadiversidade.com.br\/ipatinga\/wp-content\/uploads\/2019\/06\/1-1.png\" alt=\"\" data-id=\"124\" data-link=\"https:\/\/mapadadiversidade.com.br\/ipatinga\/?attachment_id=124\" class=\"wp-image-124\" srcset=\"https:\/\/mapadadiversidade.com.br\/ipatinga\/wp-content\/uploads\/2019\/06\/1-1.png 587w, https:\/\/mapadadiversidade.com.br\/ipatinga\/wp-content\/uploads\/2019\/06\/1-1-295x300.png 295w\" sizes=\"auto, (max-width: 587px) 100vw, 587px\" \/><\/figure><\/li><li class=\"blocks-gallery-item\"><figure><img loading=\"lazy\" decoding=\"async\" width=\"600\" height=\"585\" src=\"https:\/\/mapadadiversidade.com.br\/ipatinga\/wp-content\/uploads\/2019\/06\/2-1.png\" alt=\"\" data-id=\"125\" data-link=\"https:\/\/mapadadiversidade.com.br\/ipatinga\/?attachment_id=125\" class=\"wp-image-125\" srcset=\"https:\/\/mapadadiversidade.com.br\/ipatinga\/wp-content\/uploads\/2019\/06\/2-1.png 600w, https:\/\/mapadadiversidade.com.br\/ipatinga\/wp-content\/uploads\/2019\/06\/2-1-300x293.png 300w\" sizes=\"auto, (max-width: 600px) 100vw, 600px\" \/><\/figure><\/li><li class=\"blocks-gallery-item\"><figure><img loading=\"lazy\" decoding=\"async\" width=\"567\" height=\"566\" src=\"https:\/\/mapadadiversidade.com.br\/ipatinga\/wp-content\/uploads\/2019\/06\/3.png\" alt=\"\" data-id=\"126\" data-link=\"https:\/\/mapadadiversidade.com.br\/ipatinga\/?attachment_id=126\" class=\"wp-image-126\" srcset=\"https:\/\/mapadadiversidade.com.br\/ipatinga\/wp-content\/uploads\/2019\/06\/3.png 567w, https:\/\/mapadadiversidade.com.br\/ipatinga\/wp-content\/uploads\/2019\/06\/3-150x150.png 150w, https:\/\/mapadadiversidade.com.br\/ipatinga\/wp-content\/uploads\/2019\/06\/3-300x300.png 300w\" sizes=\"auto, (max-width: 567px) 100vw, 567px\" \/><\/figure><\/li><li class=\"blocks-gallery-item\"><figure><img loading=\"lazy\" decoding=\"async\" width=\"768\" height=\"1024\" src=\"https:\/\/mapadadiversidade.com.br\/ipatinga\/wp-content\/uploads\/2019\/06\/b69956a8-774d-440f-af5e-fe08a6461753-768x1024.jpg\" alt=\"\" data-id=\"127\" data-link=\"https:\/\/mapadadiversidade.com.br\/ipatinga\/?attachment_id=127\" class=\"wp-image-127\" srcset=\"https:\/\/mapadadiversidade.com.br\/ipatinga\/wp-content\/uploads\/2019\/06\/b69956a8-774d-440f-af5e-fe08a6461753-768x1024.jpg 768w, https:\/\/mapadadiversidade.com.br\/ipatinga\/wp-content\/uploads\/2019\/06\/b69956a8-774d-440f-af5e-fe08a6461753-225x300.jpg 225w, https:\/\/mapadadiversidade.com.br\/ipatinga\/wp-content\/uploads\/2019\/06\/b69956a8-774d-440f-af5e-fe08a6461753.jpg 873w\" sizes=\"auto, (max-width: 768px) 100vw, 768px\" \/><\/figure><\/li><\/ul>\n","protected":false},"excerpt":{"rendered":"<p>Max \u00e9 uma crian\u00e7a de 7 anos que decidiu dividir seus livros com as crian\u00e7as de sua comunidade. Ele leva sua biblioteca itinerante para a pra\u00e7a e para as escolas.<\/p>\n","protected":false},"author":8,"featured_media":127,"comment_status":"open","ping_status":"open","sticky":false,"template":"","format":"standard","meta":{"footnotes":""},"categories":[4,25],"tags":[45,44],"class_list":["post-115","post","type-post","status-publish","format-standard","has-post-thumbnail","hentry","category-linguagem-artisticas","category-literatura","tag-biblioteca","tag-literatura","item-wrap"],"_links":{"self":[{"href":"https:\/\/mapadadiversidade.com.br\/ipatinga\/wp-json\/wp\/v2\/posts\/115","targetHints":{"allow":["GET"]}}],"collection":[{"href":"https:\/\/mapadadiversidade.com.br\/ipatinga\/wp-json\/wp\/v2\/posts"}],"about":[{"href":"https:\/\/mapadadiversidade.com.br\/ipatinga\/wp-json\/wp\/v2\/types\/post"}],"author":[{"embeddable":true,"href":"https:\/\/mapadadiversidade.com.br\/ipatinga\/wp-json\/wp\/v2\/users\/8"}],"replies":[{"embeddable":true,"href":"https:\/\/mapadadiversidade.com.br\/ipatinga\/wp-json\/wp\/v2\/comments?post=115"}],"version-history":[{"count":6,"href":"https:\/\/mapadadiversidade.com.br\/ipatinga\/wp-json\/wp\/v2\/posts\/115\/revisions"}],"predecessor-version":[{"id":1978,"href":"https:\/\/mapadadiversidade.com.br\/ipatinga\/wp-json\/wp\/v2\/posts\/115\/revisions\/1978"}],"wp:featuredmedia":[{"embeddable":true,"href":"https:\/\/mapadadiversidade.com.br\/ipatinga\/wp-json\/wp\/v2\/media\/127"}],"wp:attachment":[{"href":"https:\/\/mapadadiversidade.com.br\/ipatinga\/wp-json\/wp\/v2\/media?parent=115"}],"wp:term":[{"taxonomy":"category","embeddable":true,"href":"https:\/\/mapadadiversidade.com.br\/ipatinga\/wp-json\/wp\/v2\/categories?post=115"},{"taxonomy":"post_tag","embeddable":true,"href":"https:\/\/mapadadiversidade.com.br\/ipatinga\/wp-json\/wp\/v2\/tags?post=115"}],"curies":[{"name":"wp","href":"https:\/\/api.w.org\/{rel}","templated":true}]}}