{"id":1151,"date":"2019-06-30T10:23:33","date_gmt":"2019-06-30T13:23:33","guid":{"rendered":"https:\/\/mapadadiversidade.com.br\/ipatinga\/?p=1151"},"modified":"2019-07-07T11:27:53","modified_gmt":"2019-07-07T14:27:53","slug":"carlos-passos-flux-cia-de-danca-filo-incubadora-cultural","status":"publish","type":"post","link":"https:\/\/mapadadiversidade.com.br\/ipatinga\/carlos-passos-flux-cia-de-danca-filo-incubadora-cultural\/","title":{"rendered":"Carlos Passos \u2013 Flux Cia. de Dan\u00e7a \/ Fil\u00f3 Incubadora Cultural"},"content":{"rendered":"\n<p> Bailarino e acrobata circense.<\/p>\n\n\n\n<p>Linguagens Art\u00edsticas<br>Dan\u00e7a e circo<\/p>\n\n\n\n<p>Hist\u00f3rico:  Carlos Passos \u00e9 bailarino desde 2000, com registro profissional em Dan\u00e7a \u2013 DRT: 7657\/MG e graduando em Educa\u00e7\u00e3o F\u00edsica. Desenvolve atrav\u00e9s da Flux Cia. de Dan\u00e7a, desde 2005, um trabalho de pesquisa na \u00e1rea de produ\u00e7\u00e3o e dan\u00e7a contempor\u00e2nea e t\u00e9cnicas circenses. <\/p>\n\n\n\n<p>Telefone: (31) 98892-0784<br> E-mail: cspassos2000@yahoo.com.br   <br> Facebook: <a href=\"https:\/\/www.facebook.com\/carlospassos2012\">Carlos Passos<\/a><br> Instagram: <a href=\"https:\/\/www.instagram.com\/carlos_passos_oficial\/?hl=pt-br\">Carlos Passos<\/a> <\/p>\n\n\n\n<figure class=\"wp-block-embed-youtube wp-block-embed is-type-video is-provider-youtube wp-embed-aspect-16-9 wp-has-aspect-ratio\"><div class=\"wp-block-embed__wrapper\">\n<iframe loading=\"lazy\" title=\"Carlos Passos\" width=\"944\" height=\"531\" src=\"https:\/\/www.youtube.com\/embed\/zlYzHzcItIE?feature=oembed\" frameborder=\"0\" allow=\"accelerometer; autoplay; encrypted-media; gyroscope; picture-in-picture\" allowfullscreen><\/iframe>\n<\/div><\/figure>\n\n\n\n<ul class=\"wp-block-gallery columns-3 is-cropped wp-block-gallery-1 is-layout-flex wp-block-gallery-is-layout-flex\"><li class=\"blocks-gallery-item\"><figure><img loading=\"lazy\" decoding=\"async\" width=\"640\" height=\"960\" src=\"https:\/\/mapadadiversidade.com.br\/ipatinga\/wp-content\/uploads\/2019\/06\/Carlos-DAN\u00c7A-02.jpg\" alt=\"\" data-id=\"1168\" data-link=\"https:\/\/mapadadiversidade.com.br\/ipatinga\/?attachment_id=1168\" class=\"wp-image-1168\" srcset=\"https:\/\/mapadadiversidade.com.br\/ipatinga\/wp-content\/uploads\/2019\/06\/Carlos-DAN\u00c7A-02.jpg 640w, https:\/\/mapadadiversidade.com.br\/ipatinga\/wp-content\/uploads\/2019\/06\/Carlos-DAN\u00c7A-02-200x300.jpg 200w\" sizes=\"auto, (max-width: 640px) 100vw, 640px\" \/><\/figure><\/li><li class=\"blocks-gallery-item\"><figure><img loading=\"lazy\" decoding=\"async\" width=\"960\" height=\"641\" src=\"https:\/\/mapadadiversidade.com.br\/ipatinga\/wp-content\/uploads\/2019\/06\/Carlos-DAN\u00c7A01.jpg\" alt=\"\" data-id=\"1169\" data-link=\"https:\/\/mapadadiversidade.com.br\/ipatinga\/?attachment_id=1169\" class=\"wp-image-1169\" srcset=\"https:\/\/mapadadiversidade.com.br\/ipatinga\/wp-content\/uploads\/2019\/06\/Carlos-DAN\u00c7A01.jpg 960w, https:\/\/mapadadiversidade.com.br\/ipatinga\/wp-content\/uploads\/2019\/06\/Carlos-DAN\u00c7A01-300x200.jpg 300w, https:\/\/mapadadiversidade.com.br\/ipatinga\/wp-content\/uploads\/2019\/06\/Carlos-DAN\u00c7A01-768x513.jpg 768w\" sizes=\"auto, (max-width: 960px) 100vw, 960px\" \/><\/figure><\/li><li class=\"blocks-gallery-item\"><figure><img loading=\"lazy\" decoding=\"async\" width=\"768\" height=\"960\" src=\"https:\/\/mapadadiversidade.com.br\/ipatinga\/wp-content\/uploads\/2019\/06\/CARLOS-FOTO-01.jpg\" alt=\"\" data-id=\"1170\" data-link=\"https:\/\/mapadadiversidade.com.br\/ipatinga\/?attachment_id=1170\" class=\"wp-image-1170\" srcset=\"https:\/\/mapadadiversidade.com.br\/ipatinga\/wp-content\/uploads\/2019\/06\/CARLOS-FOTO-01.jpg 768w, https:\/\/mapadadiversidade.com.br\/ipatinga\/wp-content\/uploads\/2019\/06\/CARLOS-FOTO-01-240x300.jpg 240w\" sizes=\"auto, (max-width: 768px) 100vw, 768px\" \/><\/figure><\/li><li class=\"blocks-gallery-item\"><figure><img loading=\"lazy\" decoding=\"async\" width=\"960\" height=\"960\" src=\"https:\/\/mapadadiversidade.com.br\/ipatinga\/wp-content\/uploads\/2019\/06\/CARLOS-FOTO-02.jpg\" alt=\"\" data-id=\"1171\" data-link=\"https:\/\/mapadadiversidade.com.br\/ipatinga\/?attachment_id=1171\" class=\"wp-image-1171\" srcset=\"https:\/\/mapadadiversidade.com.br\/ipatinga\/wp-content\/uploads\/2019\/06\/CARLOS-FOTO-02.jpg 960w, https:\/\/mapadadiversidade.com.br\/ipatinga\/wp-content\/uploads\/2019\/06\/CARLOS-FOTO-02-150x150.jpg 150w, https:\/\/mapadadiversidade.com.br\/ipatinga\/wp-content\/uploads\/2019\/06\/CARLOS-FOTO-02-300x300.jpg 300w, https:\/\/mapadadiversidade.com.br\/ipatinga\/wp-content\/uploads\/2019\/06\/CARLOS-FOTO-02-768x768.jpg 768w\" sizes=\"auto, (max-width: 960px) 100vw, 960px\" \/><\/figure><\/li><\/ul>\n\n\n\n<p> <\/p>\n","protected":false},"excerpt":{"rendered":"<p>Bailarino e acrobata circense.<\/p>\n","protected":false},"author":7,"featured_media":1170,"comment_status":"open","ping_status":"open","sticky":false,"template":"","format":"standard","meta":{"footnotes":""},"categories":[1,5,27,4],"tags":[72,71],"class_list":["post-1151","post","type-post","status-publish","format-standard","has-post-thumbnail","hentry","category-ipatinga","category-arte-educador-educador-social","category-danca","category-linguagem-artisticas","tag-circo","tag-danca","item-wrap"],"_links":{"self":[{"href":"https:\/\/mapadadiversidade.com.br\/ipatinga\/wp-json\/wp\/v2\/posts\/1151","targetHints":{"allow":["GET"]}}],"collection":[{"href":"https:\/\/mapadadiversidade.com.br\/ipatinga\/wp-json\/wp\/v2\/posts"}],"about":[{"href":"https:\/\/mapadadiversidade.com.br\/ipatinga\/wp-json\/wp\/v2\/types\/post"}],"author":[{"embeddable":true,"href":"https:\/\/mapadadiversidade.com.br\/ipatinga\/wp-json\/wp\/v2\/users\/7"}],"replies":[{"embeddable":true,"href":"https:\/\/mapadadiversidade.com.br\/ipatinga\/wp-json\/wp\/v2\/comments?post=1151"}],"version-history":[{"count":3,"href":"https:\/\/mapadadiversidade.com.br\/ipatinga\/wp-json\/wp\/v2\/posts\/1151\/revisions"}],"predecessor-version":[{"id":1649,"href":"https:\/\/mapadadiversidade.com.br\/ipatinga\/wp-json\/wp\/v2\/posts\/1151\/revisions\/1649"}],"wp:featuredmedia":[{"embeddable":true,"href":"https:\/\/mapadadiversidade.com.br\/ipatinga\/wp-json\/wp\/v2\/media\/1170"}],"wp:attachment":[{"href":"https:\/\/mapadadiversidade.com.br\/ipatinga\/wp-json\/wp\/v2\/media?parent=1151"}],"wp:term":[{"taxonomy":"category","embeddable":true,"href":"https:\/\/mapadadiversidade.com.br\/ipatinga\/wp-json\/wp\/v2\/categories?post=1151"},{"taxonomy":"post_tag","embeddable":true,"href":"https:\/\/mapadadiversidade.com.br\/ipatinga\/wp-json\/wp\/v2\/tags?post=1151"}],"curies":[{"name":"wp","href":"https:\/\/api.w.org\/{rel}","templated":true}]}}