{"id":116,"date":"2019-06-02T14:53:56","date_gmt":"2019-06-02T17:53:56","guid":{"rendered":"https:\/\/mapadadiversidade.com.br\/ipatinga\/?p=116"},"modified":"2019-07-09T11:39:39","modified_gmt":"2019-07-09T14:39:39","slug":"gesse-rosa-nucleo-danca-dor","status":"publish","type":"post","link":"https:\/\/mapadadiversidade.com.br\/ipatinga\/gesse-rosa-nucleo-danca-dor\/","title":{"rendered":"Gess\u00e9 Rosa \/ N\u00facleo Dan\u00e7a-Dor"},"content":{"rendered":"\n<p>Formado em Hatha Yoga, massagem e ventosaterapia. Ministra aulas de Yoga e medita\u00e7\u00e3o em v\u00e1rios pontos da cidade. Parque Ipanema, Centro Cultural Usiminas.<\/p>\n\n\n\n<p>Pr\u00e1ticas da Mente e do Corpo<\/p>\n\n\n\n<p>Linguagens Art\u00edsticas \/ Dan\u00e7a<\/p>\n\n\n\n<p>Hist\u00f3rico: Graduado e licenciatura em Teatro, forma\u00e7\u00e3o t\u00e9cnico em Dan\u00e7a na cidade de Recife Pernambuco, core\u00f3grafo do N\u00facleo de Dan\u00e7a-Dor.<\/p>\n\n\n\n<p>Telefone: (31) 99498-0412<br>E-mail: gesserosa@hotmail.com<br>Facebook:  <a href=\"https:\/\/www.facebook.com\/gesse.rosa\">Gesse.Rosa<\/a> <br>Instagram:   <a href=\"https:\/\/www.instagram.com\/gesserosa\/?igshid=1hmrt39zalbuy\">Gesserosa<\/a>  \/  <a href=\"https:\/\/www.instagram.com\/nucleodedancador\/\">@nucleodedancador<\/a>\u00a0 <br>Youtube:  <a href=\"https:\/\/www.youtube.com\/user\/gesserosa\">Gesserosa<\/a> <\/p>\n\n\n\n<figure class=\"wp-block-embed-youtube wp-block-embed is-type-video is-provider-youtube wp-embed-aspect-16-9 wp-has-aspect-ratio\"><div class=\"wp-block-embed__wrapper\">\n<iframe loading=\"lazy\" title=\"Gess\u00e9 Rosa\" width=\"944\" height=\"531\" src=\"https:\/\/www.youtube.com\/embed\/2ntELz5nZdQ?feature=oembed\" frameborder=\"0\" allow=\"accelerometer; autoplay; encrypted-media; gyroscope; picture-in-picture\" allowfullscreen><\/iframe>\n<\/div><\/figure>\n\n\n\n<ul class=\"wp-block-gallery columns-1 is-cropped wp-block-gallery-1 is-layout-flex wp-block-gallery-is-layout-flex\"><li class=\"blocks-gallery-item\"><figure><img loading=\"lazy\" decoding=\"async\" width=\"640\" height=\"640\" src=\"https:\/\/mapadadiversidade.com.br\/ipatinga\/wp-content\/uploads\/2019\/06\/GESSE-5.jpeg\" alt=\"\" data-id=\"266\" data-link=\"https:\/\/mapadadiversidade.com.br\/ipatinga\/gesse-rosa-nucleo-danca-dor\/gesse-5\/\" class=\"wp-image-266\" srcset=\"https:\/\/mapadadiversidade.com.br\/ipatinga\/wp-content\/uploads\/2019\/06\/GESSE-5.jpeg 640w, https:\/\/mapadadiversidade.com.br\/ipatinga\/wp-content\/uploads\/2019\/06\/GESSE-5-150x150.jpeg 150w, https:\/\/mapadadiversidade.com.br\/ipatinga\/wp-content\/uploads\/2019\/06\/GESSE-5-300x300.jpeg 300w\" sizes=\"auto, (max-width: 640px) 100vw, 640px\" \/><\/figure><\/li><\/ul>\n\n\n\n<ul class=\"wp-block-gallery columns-2 wp-block-gallery-2 is-layout-flex wp-block-gallery-is-layout-flex\"><li class=\"blocks-gallery-item\"><figure><img loading=\"lazy\" decoding=\"async\" width=\"1024\" height=\"682\" src=\"https:\/\/mapadadiversidade.com.br\/ipatinga\/wp-content\/uploads\/2019\/06\/gesse-2-1024x682.jpeg\" alt=\"\" data-id=\"257\" data-link=\"https:\/\/mapadadiversidade.com.br\/ipatinga\/?attachment_id=257\" class=\"wp-image-257\" srcset=\"https:\/\/mapadadiversidade.com.br\/ipatinga\/wp-content\/uploads\/2019\/06\/gesse-2-1024x682.jpeg 1024w, https:\/\/mapadadiversidade.com.br\/ipatinga\/wp-content\/uploads\/2019\/06\/gesse-2-300x200.jpeg 300w, https:\/\/mapadadiversidade.com.br\/ipatinga\/wp-content\/uploads\/2019\/06\/gesse-2-768x512.jpeg 768w, https:\/\/mapadadiversidade.com.br\/ipatinga\/wp-content\/uploads\/2019\/06\/gesse-2.jpeg 1280w\" sizes=\"auto, (max-width: 1024px) 100vw, 1024px\" \/><\/figure><\/li><li class=\"blocks-gallery-item\"><figure><img loading=\"lazy\" decoding=\"async\" width=\"1024\" height=\"682\" src=\"https:\/\/mapadadiversidade.com.br\/ipatinga\/wp-content\/uploads\/2019\/06\/gesse-3-1024x682.jpeg\" alt=\"\" data-id=\"258\" data-link=\"https:\/\/mapadadiversidade.com.br\/ipatinga\/?attachment_id=258\" class=\"wp-image-258\" srcset=\"https:\/\/mapadadiversidade.com.br\/ipatinga\/wp-content\/uploads\/2019\/06\/gesse-3-1024x682.jpeg 1024w, https:\/\/mapadadiversidade.com.br\/ipatinga\/wp-content\/uploads\/2019\/06\/gesse-3-300x200.jpeg 300w, https:\/\/mapadadiversidade.com.br\/ipatinga\/wp-content\/uploads\/2019\/06\/gesse-3-768x512.jpeg 768w, https:\/\/mapadadiversidade.com.br\/ipatinga\/wp-content\/uploads\/2019\/06\/gesse-3.jpeg 1280w\" sizes=\"auto, (max-width: 1024px) 100vw, 1024px\" \/><\/figure><\/li><li class=\"blocks-gallery-item\"><figure><img loading=\"lazy\" decoding=\"async\" width=\"640\" height=\"960\" src=\"https:\/\/mapadadiversidade.com.br\/ipatinga\/wp-content\/uploads\/2019\/06\/gesse-4.jpeg\" alt=\"\" data-id=\"259\" data-link=\"https:\/\/mapadadiversidade.com.br\/ipatinga\/?attachment_id=259\" class=\"wp-image-259\" srcset=\"https:\/\/mapadadiversidade.com.br\/ipatinga\/wp-content\/uploads\/2019\/06\/gesse-4.jpeg 640w, https:\/\/mapadadiversidade.com.br\/ipatinga\/wp-content\/uploads\/2019\/06\/gesse-4-200x300.jpeg 200w\" sizes=\"auto, (max-width: 640px) 100vw, 640px\" \/><\/figure><\/li><li class=\"blocks-gallery-item\"><figure><img loading=\"lazy\" decoding=\"async\" width=\"750\" height=\"724\" src=\"https:\/\/mapadadiversidade.com.br\/ipatinga\/wp-content\/uploads\/2019\/06\/Gesse.jpeg\" alt=\"\" data-id=\"260\" data-link=\"https:\/\/mapadadiversidade.com.br\/ipatinga\/?attachment_id=260\" class=\"wp-image-260\" srcset=\"https:\/\/mapadadiversidade.com.br\/ipatinga\/wp-content\/uploads\/2019\/06\/Gesse.jpeg 750w, https:\/\/mapadadiversidade.com.br\/ipatinga\/wp-content\/uploads\/2019\/06\/Gesse-300x290.jpeg 300w\" sizes=\"auto, (max-width: 750px) 100vw, 750px\" \/><\/figure><\/li><\/ul>\n\n\n\n<p><\/p>\n","protected":false},"excerpt":{"rendered":"<p>Formado em Hatha Yoga, massagem e ventosaterapia. Ministra aulas de Yoga e medita\u00e7\u00e3o em v\u00e1rios pontos da cidade.<\/p>\n","protected":false},"author":3,"featured_media":266,"comment_status":"open","ping_status":"open","sticky":false,"template":"","format":"standard","meta":{"footnotes":""},"categories":[1,27,4,15],"tags":[137,134,136,212,135],"class_list":["post-116","post","type-post","status-publish","format-standard","has-post-thumbnail","hentry","category-ipatinga","category-danca","category-linguagem-artisticas","category-praticas-da-mente-e-do-corpo","tag-coreografo","tag-massagem","tag-meditacao","tag-praticas-da-mente-e-do-corpo","tag-ventosaterapia","item-wrap"],"_links":{"self":[{"href":"https:\/\/mapadadiversidade.com.br\/ipatinga\/wp-json\/wp\/v2\/posts\/116","targetHints":{"allow":["GET"]}}],"collection":[{"href":"https:\/\/mapadadiversidade.com.br\/ipatinga\/wp-json\/wp\/v2\/posts"}],"about":[{"href":"https:\/\/mapadadiversidade.com.br\/ipatinga\/wp-json\/wp\/v2\/types\/post"}],"author":[{"embeddable":true,"href":"https:\/\/mapadadiversidade.com.br\/ipatinga\/wp-json\/wp\/v2\/users\/3"}],"replies":[{"embeddable":true,"href":"https:\/\/mapadadiversidade.com.br\/ipatinga\/wp-json\/wp\/v2\/comments?post=116"}],"version-history":[{"count":9,"href":"https:\/\/mapadadiversidade.com.br\/ipatinga\/wp-json\/wp\/v2\/posts\/116\/revisions"}],"predecessor-version":[{"id":1965,"href":"https:\/\/mapadadiversidade.com.br\/ipatinga\/wp-json\/wp\/v2\/posts\/116\/revisions\/1965"}],"wp:featuredmedia":[{"embeddable":true,"href":"https:\/\/mapadadiversidade.com.br\/ipatinga\/wp-json\/wp\/v2\/media\/266"}],"wp:attachment":[{"href":"https:\/\/mapadadiversidade.com.br\/ipatinga\/wp-json\/wp\/v2\/media?parent=116"}],"wp:term":[{"taxonomy":"category","embeddable":true,"href":"https:\/\/mapadadiversidade.com.br\/ipatinga\/wp-json\/wp\/v2\/categories?post=116"},{"taxonomy":"post_tag","embeddable":true,"href":"https:\/\/mapadadiversidade.com.br\/ipatinga\/wp-json\/wp\/v2\/tags?post=116"}],"curies":[{"name":"wp","href":"https:\/\/api.w.org\/{rel}","templated":true}]}}