{"id":1186,"date":"2019-06-30T11:42:10","date_gmt":"2019-06-30T14:42:10","guid":{"rendered":"https:\/\/mapadadiversidade.com.br\/ipatinga\/?p=1186"},"modified":"2019-07-07T21:29:20","modified_gmt":"2019-07-08T00:29:20","slug":"soniarts-artesanatos","status":"publish","type":"post","link":"https:\/\/mapadadiversidade.com.br\/ipatinga\/soniarts-artesanatos\/","title":{"rendered":"Soniart&#8217;s Artesanatos"},"content":{"rendered":"\n<p>Confecciona pe\u00e7as utilit\u00e1rias e decorativas. <\/p>\n\n\n\n<p>Artesanato<\/p>\n\n\n\n<p><strong>Hist\u00f3rico:<\/strong> Sonia Pereira Silva, nascida e criada na cidade de Ipatinga-MG, come\u00e7ou o seu envolvimento com o artesanato ainda aos 7 anos de idade, quando auxiliou uma amiga no bordado de um vestido. Desde ent\u00e3o, n\u00e3o parou. Nessa pr\u00e1tica, j\u00e1 h\u00e1 36 anos, ministra cursos e oficinas de pintura, bordado, tape\u00e7aria, costura, arte em mdf, lembrancinhas, entre outros, em seu atelier Soniat\u2019s Artesanatos. \u201cAl\u00e9m de fornecer a mat\u00e9ria prima, ensino a utiliza-los\u201d, relata. <\/p>\n\n\n\n<p><strong>Telefone: <\/strong>(31) 9 9120-1272<br><strong>E-mail:<\/strong> soniabijoux@hotmail.com<br><strong>P\u00e1gina da internet:<\/strong> <a href=\"https:\/\/soniart.loja2.com.br\/\">soniart.loja2.<\/a><br><strong>Facebook:<\/strong> <a href=\"https:\/\/www.facebook.com\/soniartsartesanatos\/\">Soniart\u2019s Artesanatos<\/a> <br><strong>Instagram:<\/strong> <a href=\"https:\/\/www.instagram.com\/p\/BvMnuVxhsMi\/\">@soniart.artesanato<\/a><\/p>\n\n\n\n<ul class=\"wp-block-gallery columns-2 is-cropped wp-block-gallery-1 is-layout-flex wp-block-gallery-is-layout-flex\"><li class=\"blocks-gallery-item\"><figure><img loading=\"lazy\" decoding=\"async\" width=\"1024\" height=\"566\" src=\"https:\/\/mapadadiversidade.com.br\/ipatinga\/wp-content\/uploads\/2019\/06\/20190628_094510-1024x566.jpg\" alt=\"\" data-id=\"1227\" data-link=\"https:\/\/mapadadiversidade.com.br\/ipatinga\/?attachment_id=1227\" class=\"wp-image-1227\" srcset=\"https:\/\/mapadadiversidade.com.br\/ipatinga\/wp-content\/uploads\/2019\/06\/20190628_094510-1024x566.jpg 1024w, https:\/\/mapadadiversidade.com.br\/ipatinga\/wp-content\/uploads\/2019\/06\/20190628_094510-300x166.jpg 300w, https:\/\/mapadadiversidade.com.br\/ipatinga\/wp-content\/uploads\/2019\/06\/20190628_094510-768x425.jpg 768w\" sizes=\"auto, (max-width: 1024px) 100vw, 1024px\" \/><\/figure><\/li><li class=\"blocks-gallery-item\"><figure><img loading=\"lazy\" decoding=\"async\" width=\"1024\" height=\"577\" src=\"https:\/\/mapadadiversidade.com.br\/ipatinga\/wp-content\/uploads\/2019\/06\/20190628_095612-1024x577.jpg\" alt=\"\" data-id=\"1228\" data-link=\"https:\/\/mapadadiversidade.com.br\/ipatinga\/?attachment_id=1228\" class=\"wp-image-1228\" srcset=\"https:\/\/mapadadiversidade.com.br\/ipatinga\/wp-content\/uploads\/2019\/06\/20190628_095612-1024x577.jpg 1024w, https:\/\/mapadadiversidade.com.br\/ipatinga\/wp-content\/uploads\/2019\/06\/20190628_095612-300x169.jpg 300w, https:\/\/mapadadiversidade.com.br\/ipatinga\/wp-content\/uploads\/2019\/06\/20190628_095612-768x433.jpg 768w\" sizes=\"auto, (max-width: 1024px) 100vw, 1024px\" \/><\/figure><\/li><\/ul>\n","protected":false},"excerpt":{"rendered":"<p>Nessa pr\u00e1tica, j\u00e1 h\u00e1 36 anos, ministra cursos e oficinas de pintura, bordado, tape\u00e7aria, costura, arte em mdf, lembrancinhas, entre outros, em seu atelier Soniat\u2019s Artesanatos. \u201cAl\u00e9m de fornecer a mat\u00e9ria prima, ensino a utiliza-los\u201d, relata. <\/p>\n","protected":false},"author":15,"featured_media":1224,"comment_status":"open","ping_status":"open","sticky":false,"template":"","format":"standard","meta":{"footnotes":""},"categories":[1,11,4],"tags":[33,30,76,29],"class_list":["post-1186","post","type-post","status-publish","format-standard","has-post-thumbnail","hentry","category-ipatinga","category-artesanato","category-linguagem-artisticas","tag-arte-educador","tag-artesanato","tag-oficina","tag-pintura","item-wrap"],"_links":{"self":[{"href":"https:\/\/mapadadiversidade.com.br\/ipatinga\/wp-json\/wp\/v2\/posts\/1186","targetHints":{"allow":["GET"]}}],"collection":[{"href":"https:\/\/mapadadiversidade.com.br\/ipatinga\/wp-json\/wp\/v2\/posts"}],"about":[{"href":"https:\/\/mapadadiversidade.com.br\/ipatinga\/wp-json\/wp\/v2\/types\/post"}],"author":[{"embeddable":true,"href":"https:\/\/mapadadiversidade.com.br\/ipatinga\/wp-json\/wp\/v2\/users\/15"}],"replies":[{"embeddable":true,"href":"https:\/\/mapadadiversidade.com.br\/ipatinga\/wp-json\/wp\/v2\/comments?post=1186"}],"version-history":[{"count":6,"href":"https:\/\/mapadadiversidade.com.br\/ipatinga\/wp-json\/wp\/v2\/posts\/1186\/revisions"}],"predecessor-version":[{"id":1792,"href":"https:\/\/mapadadiversidade.com.br\/ipatinga\/wp-json\/wp\/v2\/posts\/1186\/revisions\/1792"}],"wp:featuredmedia":[{"embeddable":true,"href":"https:\/\/mapadadiversidade.com.br\/ipatinga\/wp-json\/wp\/v2\/media\/1224"}],"wp:attachment":[{"href":"https:\/\/mapadadiversidade.com.br\/ipatinga\/wp-json\/wp\/v2\/media?parent=1186"}],"wp:term":[{"taxonomy":"category","embeddable":true,"href":"https:\/\/mapadadiversidade.com.br\/ipatinga\/wp-json\/wp\/v2\/categories?post=1186"},{"taxonomy":"post_tag","embeddable":true,"href":"https:\/\/mapadadiversidade.com.br\/ipatinga\/wp-json\/wp\/v2\/tags?post=1186"}],"curies":[{"name":"wp","href":"https:\/\/api.w.org\/{rel}","templated":true}]}}