{"id":1193,"date":"2019-06-30T11:12:18","date_gmt":"2019-06-30T14:12:18","guid":{"rendered":"https:\/\/mapadadiversidade.com.br\/ipatinga\/?p=1193"},"modified":"2019-07-07T11:26:38","modified_gmt":"2019-07-07T14:26:38","slug":"claudiane-dias-silva-grupo-farroupilha","status":"publish","type":"post","link":"https:\/\/mapadadiversidade.com.br\/ipatinga\/claudiane-dias-silva-grupo-farroupilha\/","title":{"rendered":"Claudiane Dias Silva \/ Grupo Farroupilha"},"content":{"rendered":"\n<p>Arte-educadora de teatro. <\/p>\n\n\n\n<p>Linguagens art\u00edsticas <br>Artes C\u00eanicas<\/p>\n\n\n\n<p>Hist\u00f3rico: Claudiane atua com processo pedag\u00f3gico em festivais do circuito mineiro de teatro, como oficineira e jurada, tamb\u00e9m como professora de artes no munic\u00edpio e estado. Est\u00e1 como diretora da parte c\u00eanica do musical do grupo Valentinas. H\u00e1 uma liga\u00e7\u00e3o entre trabalhos com oficinas e interven\u00e7\u00f5es c\u00eanica junto a movimentos organizados, sindicatos, institucionais e educacionais, desde o in\u00edcio nos espa\u00e7os alternativos e sobretudo na rua, utilizando o teatro e circo como ferramenta de mobiliza\u00e7\u00e3o e educa\u00e7\u00e3o.<\/p>\n\n\n\n<p>Telefone: (31) 98570-0193<br> E-mail: cacacreuzacrodiomira@hotmail.com  <br> Facebook: <a href=\"https:\/\/www.facebook.com\/claudiane.dias.1\">Claudiane Dias <\/a><br> Instagram: <a href=\"https:\/\/www.instagram.com\/claudiane.dias.1\/?hl=pt-br\">Claudiane Dias<\/a> <\/p>\n\n\n\n<figure class=\"wp-block-embed-youtube wp-block-embed is-type-video is-provider-youtube wp-embed-aspect-16-9 wp-has-aspect-ratio\"><div class=\"wp-block-embed__wrapper\">\n<iframe loading=\"lazy\" title=\"Claudiane Dias\" width=\"944\" height=\"531\" src=\"https:\/\/www.youtube.com\/embed\/LYmNsrwhy9A?feature=oembed\" frameborder=\"0\" allow=\"accelerometer; autoplay; encrypted-media; gyroscope; picture-in-picture\" allowfullscreen><\/iframe>\n<\/div><\/figure>\n\n\n\n<ul class=\"wp-block-gallery columns-3 is-cropped wp-block-gallery-1 is-layout-flex wp-block-gallery-is-layout-flex\"><li class=\"blocks-gallery-item\"><figure><img loading=\"lazy\" decoding=\"async\" width=\"528\" height=\"960\" src=\"https:\/\/mapadadiversidade.com.br\/ipatinga\/wp-content\/uploads\/2019\/06\/Claudiane-1.jpg\" alt=\"\" data-id=\"1202\" data-link=\"https:\/\/mapadadiversidade.com.br\/ipatinga\/?attachment_id=1202\" class=\"wp-image-1202\" srcset=\"https:\/\/mapadadiversidade.com.br\/ipatinga\/wp-content\/uploads\/2019\/06\/Claudiane-1.jpg 528w, https:\/\/mapadadiversidade.com.br\/ipatinga\/wp-content\/uploads\/2019\/06\/Claudiane-1-165x300.jpg 165w\" sizes=\"auto, (max-width: 528px) 100vw, 528px\" \/><\/figure><\/li><li class=\"blocks-gallery-item\"><figure><img loading=\"lazy\" decoding=\"async\" width=\"639\" height=\"960\" src=\"https:\/\/mapadadiversidade.com.br\/ipatinga\/wp-content\/uploads\/2019\/06\/Claudiane-2.jpg\" alt=\"\" data-id=\"1203\" data-link=\"https:\/\/mapadadiversidade.com.br\/ipatinga\/?attachment_id=1203\" class=\"wp-image-1203\" srcset=\"https:\/\/mapadadiversidade.com.br\/ipatinga\/wp-content\/uploads\/2019\/06\/Claudiane-2.jpg 639w, https:\/\/mapadadiversidade.com.br\/ipatinga\/wp-content\/uploads\/2019\/06\/Claudiane-2-200x300.jpg 200w\" sizes=\"auto, (max-width: 639px) 100vw, 639px\" \/><\/figure><\/li><li class=\"blocks-gallery-item\"><figure><img loading=\"lazy\" decoding=\"async\" width=\"960\" height=\"720\" src=\"https:\/\/mapadadiversidade.com.br\/ipatinga\/wp-content\/uploads\/2019\/06\/Claudiane-3.jpg\" alt=\"\" data-id=\"1204\" data-link=\"https:\/\/mapadadiversidade.com.br\/ipatinga\/?attachment_id=1204\" class=\"wp-image-1204\" srcset=\"https:\/\/mapadadiversidade.com.br\/ipatinga\/wp-content\/uploads\/2019\/06\/Claudiane-3.jpg 960w, https:\/\/mapadadiversidade.com.br\/ipatinga\/wp-content\/uploads\/2019\/06\/Claudiane-3-300x225.jpg 300w, https:\/\/mapadadiversidade.com.br\/ipatinga\/wp-content\/uploads\/2019\/06\/Claudiane-3-768x576.jpg 768w\" sizes=\"auto, (max-width: 960px) 100vw, 960px\" \/><\/figure><\/li><li class=\"blocks-gallery-item\"><figure><img loading=\"lazy\" decoding=\"async\" width=\"720\" height=\"720\" src=\"https:\/\/mapadadiversidade.com.br\/ipatinga\/wp-content\/uploads\/2019\/06\/Claudiane-4.jpg\" alt=\"\" data-id=\"1205\" data-link=\"https:\/\/mapadadiversidade.com.br\/ipatinga\/?attachment_id=1205\" class=\"wp-image-1205\" srcset=\"https:\/\/mapadadiversidade.com.br\/ipatinga\/wp-content\/uploads\/2019\/06\/Claudiane-4.jpg 720w, https:\/\/mapadadiversidade.com.br\/ipatinga\/wp-content\/uploads\/2019\/06\/Claudiane-4-150x150.jpg 150w, https:\/\/mapadadiversidade.com.br\/ipatinga\/wp-content\/uploads\/2019\/06\/Claudiane-4-300x300.jpg 300w\" sizes=\"auto, (max-width: 720px) 100vw, 720px\" \/><\/figure><\/li><li class=\"blocks-gallery-item\"><figure><img loading=\"lazy\" decoding=\"async\" width=\"1024\" height=\"768\" src=\"https:\/\/mapadadiversidade.com.br\/ipatinga\/wp-content\/uploads\/2019\/06\/Claudiane-1024x768.jpg\" alt=\"\" data-id=\"1206\" data-link=\"https:\/\/mapadadiversidade.com.br\/ipatinga\/?attachment_id=1206\" class=\"wp-image-1206\" srcset=\"https:\/\/mapadadiversidade.com.br\/ipatinga\/wp-content\/uploads\/2019\/06\/Claudiane-1024x768.jpg 1024w, https:\/\/mapadadiversidade.com.br\/ipatinga\/wp-content\/uploads\/2019\/06\/Claudiane-300x225.jpg 300w, https:\/\/mapadadiversidade.com.br\/ipatinga\/wp-content\/uploads\/2019\/06\/Claudiane-768x576.jpg 768w\" sizes=\"auto, (max-width: 1024px) 100vw, 1024px\" \/><\/figure><\/li><\/ul>\n","protected":false},"excerpt":{"rendered":"<p>CLAUDIANE ATUA COM PROCESSO PEDAG\u00d3GICO EM FESTIVAIS DO CIRCUITO MINEIRO DE TEATRO, COMO OFICINEIRA E JURADA, TAMB\u00c9M COMO PROFESSORA DE ARTESMUNIC\u00cdPIO E ESTADO.EST\u00c1 COMO DIRETORA DA PARTE C\u00caNICA DO MUSICAL DO GRUPO VALENTINAS.<\/p>\n","protected":false},"author":7,"featured_media":1206,"comment_status":"open","ping_status":"open","sticky":false,"template":"","format":"standard","meta":{"footnotes":""},"categories":[1,5,4,13],"tags":[72,47],"class_list":["post-1193","post","type-post","status-publish","format-standard","has-post-thumbnail","hentry","category-ipatinga","category-arte-educador-educador-social","category-linguagem-artisticas","category-teatro","tag-circo","tag-teatro","item-wrap"],"_links":{"self":[{"href":"https:\/\/mapadadiversidade.com.br\/ipatinga\/wp-json\/wp\/v2\/posts\/1193","targetHints":{"allow":["GET"]}}],"collection":[{"href":"https:\/\/mapadadiversidade.com.br\/ipatinga\/wp-json\/wp\/v2\/posts"}],"about":[{"href":"https:\/\/mapadadiversidade.com.br\/ipatinga\/wp-json\/wp\/v2\/types\/post"}],"author":[{"embeddable":true,"href":"https:\/\/mapadadiversidade.com.br\/ipatinga\/wp-json\/wp\/v2\/users\/7"}],"replies":[{"embeddable":true,"href":"https:\/\/mapadadiversidade.com.br\/ipatinga\/wp-json\/wp\/v2\/comments?post=1193"}],"version-history":[{"count":3,"href":"https:\/\/mapadadiversidade.com.br\/ipatinga\/wp-json\/wp\/v2\/posts\/1193\/revisions"}],"predecessor-version":[{"id":1648,"href":"https:\/\/mapadadiversidade.com.br\/ipatinga\/wp-json\/wp\/v2\/posts\/1193\/revisions\/1648"}],"wp:featuredmedia":[{"embeddable":true,"href":"https:\/\/mapadadiversidade.com.br\/ipatinga\/wp-json\/wp\/v2\/media\/1206"}],"wp:attachment":[{"href":"https:\/\/mapadadiversidade.com.br\/ipatinga\/wp-json\/wp\/v2\/media?parent=1193"}],"wp:term":[{"taxonomy":"category","embeddable":true,"href":"https:\/\/mapadadiversidade.com.br\/ipatinga\/wp-json\/wp\/v2\/categories?post=1193"},{"taxonomy":"post_tag","embeddable":true,"href":"https:\/\/mapadadiversidade.com.br\/ipatinga\/wp-json\/wp\/v2\/tags?post=1193"}],"curies":[{"name":"wp","href":"https:\/\/api.w.org\/{rel}","templated":true}]}}