{"id":1223,"date":"2019-06-30T12:02:07","date_gmt":"2019-06-30T15:02:07","guid":{"rendered":"https:\/\/mapadadiversidade.com.br\/ipatinga\/?p=1223"},"modified":"2019-07-12T17:02:40","modified_gmt":"2019-07-12T20:02:40","slug":"elias-ferreira","status":"publish","type":"post","link":"https:\/\/mapadadiversidade.com.br\/ipatinga\/elias-ferreira\/","title":{"rendered":"Elias Ferreira"},"content":{"rendered":"\n<p>Linguagens Art\u00edsticas<br>Teatro<\/p>\n\n\n\n<p>Hist\u00f3rico: Trabalha dentro do universo pedag\u00f3gico, utiliza a linguagem do teatro  e da cultura popular, o congado como forma\u00e7\u00e3o e desenvolvimento humano.<\/p>\n\n\n\n<p>Telefone: (31) 98374-2171<br> E-mail: eelias.ferreira@gmail.com  <br> Facebook: <a href=\"https:\/\/www.facebook.com\/elias.ferreira.75641\">Elias Ferreira<\/a><\/p>\n\n\n\n<figure class=\"wp-block-embed-youtube wp-block-embed is-type-video is-provider-youtube wp-embed-aspect-16-9 wp-has-aspect-ratio\"><div class=\"wp-block-embed__wrapper\">\n<iframe loading=\"lazy\" title=\"Elias Ferreira\" width=\"944\" height=\"531\" src=\"https:\/\/www.youtube.com\/embed\/tDElZxI2JZI?feature=oembed\" frameborder=\"0\" allow=\"accelerometer; autoplay; encrypted-media; gyroscope; picture-in-picture\" allowfullscreen><\/iframe>\n<\/div><\/figure>\n\n\n\n<ul class=\"wp-block-gallery columns-3 is-cropped wp-block-gallery-1 is-layout-flex wp-block-gallery-is-layout-flex\"><li class=\"blocks-gallery-item\"><figure><img loading=\"lazy\" decoding=\"async\" width=\"576\" height=\"1024\" src=\"https:\/\/mapadadiversidade.com.br\/ipatinga\/wp-content\/uploads\/2019\/07\/Elias-7-576x1024.jpg\" alt=\"\" data-id=\"2394\" data-link=\"https:\/\/mapadadiversidade.com.br\/ipatinga\/elias-ferreira\/elias-7\/\" class=\"wp-image-2394\" srcset=\"https:\/\/mapadadiversidade.com.br\/ipatinga\/wp-content\/uploads\/2019\/07\/Elias-7-576x1024.jpg 576w, https:\/\/mapadadiversidade.com.br\/ipatinga\/wp-content\/uploads\/2019\/07\/Elias-7-169x300.jpg 169w, https:\/\/mapadadiversidade.com.br\/ipatinga\/wp-content\/uploads\/2019\/07\/Elias-7.jpg 585w\" sizes=\"auto, (max-width: 576px) 100vw, 576px\" \/><\/figure><\/li><li class=\"blocks-gallery-item\"><figure><img loading=\"lazy\" decoding=\"async\" width=\"576\" height=\"1024\" src=\"https:\/\/mapadadiversidade.com.br\/ipatinga\/wp-content\/uploads\/2019\/07\/Elias5-576x1024.jpg\" alt=\"\" data-id=\"2395\" data-link=\"https:\/\/mapadadiversidade.com.br\/ipatinga\/elias-ferreira\/elias5\/\" class=\"wp-image-2395\" srcset=\"https:\/\/mapadadiversidade.com.br\/ipatinga\/wp-content\/uploads\/2019\/07\/Elias5-576x1024.jpg 576w, https:\/\/mapadadiversidade.com.br\/ipatinga\/wp-content\/uploads\/2019\/07\/Elias5-169x300.jpg 169w, https:\/\/mapadadiversidade.com.br\/ipatinga\/wp-content\/uploads\/2019\/07\/Elias5.jpg 585w\" sizes=\"auto, (max-width: 576px) 100vw, 576px\" \/><\/figure><\/li><li class=\"blocks-gallery-item\"><figure><img loading=\"lazy\" decoding=\"async\" width=\"576\" height=\"1024\" src=\"https:\/\/mapadadiversidade.com.br\/ipatinga\/wp-content\/uploads\/2019\/07\/Elias6-576x1024.jpg\" alt=\"\" data-id=\"2396\" data-link=\"https:\/\/mapadadiversidade.com.br\/ipatinga\/elias-ferreira\/elias6\/\" class=\"wp-image-2396\" srcset=\"https:\/\/mapadadiversidade.com.br\/ipatinga\/wp-content\/uploads\/2019\/07\/Elias6-576x1024.jpg 576w, https:\/\/mapadadiversidade.com.br\/ipatinga\/wp-content\/uploads\/2019\/07\/Elias6-169x300.jpg 169w, https:\/\/mapadadiversidade.com.br\/ipatinga\/wp-content\/uploads\/2019\/07\/Elias6.jpg 585w\" sizes=\"auto, (max-width: 576px) 100vw, 576px\" \/><\/figure><\/li><li class=\"blocks-gallery-item\"><figure><img loading=\"lazy\" decoding=\"async\" width=\"1024\" height=\"768\" src=\"https:\/\/mapadadiversidade.com.br\/ipatinga\/wp-content\/uploads\/2019\/07\/Elias8-1024x768.jpg\" alt=\"\" data-id=\"2397\" data-link=\"https:\/\/mapadadiversidade.com.br\/ipatinga\/elias-ferreira\/elias8\/\" class=\"wp-image-2397\" srcset=\"https:\/\/mapadadiversidade.com.br\/ipatinga\/wp-content\/uploads\/2019\/07\/Elias8-1024x768.jpg 1024w, https:\/\/mapadadiversidade.com.br\/ipatinga\/wp-content\/uploads\/2019\/07\/Elias8-300x225.jpg 300w, https:\/\/mapadadiversidade.com.br\/ipatinga\/wp-content\/uploads\/2019\/07\/Elias8-768x576.jpg 768w, https:\/\/mapadadiversidade.com.br\/ipatinga\/wp-content\/uploads\/2019\/07\/Elias8.jpg 1040w\" sizes=\"auto, (max-width: 1024px) 100vw, 1024px\" \/><\/figure><\/li><li class=\"blocks-gallery-item\"><figure><img loading=\"lazy\" decoding=\"async\" width=\"576\" height=\"1024\" src=\"https:\/\/mapadadiversidade.com.br\/ipatinga\/wp-content\/uploads\/2019\/07\/Elias9-576x1024.jpg\" alt=\"\" data-id=\"2398\" data-link=\"https:\/\/mapadadiversidade.com.br\/ipatinga\/elias-ferreira\/elias9\/\" class=\"wp-image-2398\" srcset=\"https:\/\/mapadadiversidade.com.br\/ipatinga\/wp-content\/uploads\/2019\/07\/Elias9-576x1024.jpg 576w, https:\/\/mapadadiversidade.com.br\/ipatinga\/wp-content\/uploads\/2019\/07\/Elias9-169x300.jpg 169w, https:\/\/mapadadiversidade.com.br\/ipatinga\/wp-content\/uploads\/2019\/07\/Elias9.jpg 585w\" sizes=\"auto, (max-width: 576px) 100vw, 576px\" \/><\/figure><\/li><\/ul>\n","protected":false},"excerpt":{"rendered":"<p>Trabalha dentro do universo pedag\u00f3gico, utiliza a linguagem da cultura popular, o congado como forma\u00e7\u00e3o e desenvolvimento humano.<\/p>\n","protected":false},"author":7,"featured_media":1241,"comment_status":"open","ping_status":"open","sticky":false,"template":"","format":"standard","meta":{"footnotes":""},"categories":[1,5,4,13],"tags":[77,47],"class_list":["post-1223","post","type-post","status-publish","format-standard","has-post-thumbnail","hentry","category-ipatinga","category-arte-educador-educador-social","category-linguagem-artisticas","category-teatro","tag-congado","tag-teatro","item-wrap"],"_links":{"self":[{"href":"https:\/\/mapadadiversidade.com.br\/ipatinga\/wp-json\/wp\/v2\/posts\/1223","targetHints":{"allow":["GET"]}}],"collection":[{"href":"https:\/\/mapadadiversidade.com.br\/ipatinga\/wp-json\/wp\/v2\/posts"}],"about":[{"href":"https:\/\/mapadadiversidade.com.br\/ipatinga\/wp-json\/wp\/v2\/types\/post"}],"author":[{"embeddable":true,"href":"https:\/\/mapadadiversidade.com.br\/ipatinga\/wp-json\/wp\/v2\/users\/7"}],"replies":[{"embeddable":true,"href":"https:\/\/mapadadiversidade.com.br\/ipatinga\/wp-json\/wp\/v2\/comments?post=1223"}],"version-history":[{"count":4,"href":"https:\/\/mapadadiversidade.com.br\/ipatinga\/wp-json\/wp\/v2\/posts\/1223\/revisions"}],"predecessor-version":[{"id":2399,"href":"https:\/\/mapadadiversidade.com.br\/ipatinga\/wp-json\/wp\/v2\/posts\/1223\/revisions\/2399"}],"wp:featuredmedia":[{"embeddable":true,"href":"https:\/\/mapadadiversidade.com.br\/ipatinga\/wp-json\/wp\/v2\/media\/1241"}],"wp:attachment":[{"href":"https:\/\/mapadadiversidade.com.br\/ipatinga\/wp-json\/wp\/v2\/media?parent=1223"}],"wp:term":[{"taxonomy":"category","embeddable":true,"href":"https:\/\/mapadadiversidade.com.br\/ipatinga\/wp-json\/wp\/v2\/categories?post=1223"},{"taxonomy":"post_tag","embeddable":true,"href":"https:\/\/mapadadiversidade.com.br\/ipatinga\/wp-json\/wp\/v2\/tags?post=1223"}],"curies":[{"name":"wp","href":"https:\/\/api.w.org\/{rel}","templated":true}]}}