{"id":1255,"date":"2019-06-30T14:10:52","date_gmt":"2019-06-30T17:10:52","guid":{"rendered":"https:\/\/mapadadiversidade.com.br\/ipatinga\/?p=1255"},"modified":"2019-07-07T11:22:39","modified_gmt":"2019-07-07T14:22:39","slug":"leo-coessens-coletivo-aberto-de-teatro","status":"publish","type":"post","link":"https:\/\/mapadadiversidade.com.br\/ipatinga\/leo-coessens-coletivo-aberto-de-teatro\/","title":{"rendered":"L\u00e9o Coessens \/ Coletivo Aberto de Teatro"},"content":{"rendered":"\n<p>Ator, diretor e dramaturgo.<\/p>\n\n\n\n<p>Linguagens art\u00edsticas<br>Teatro<\/p>\n\n\n\n<p>Ator, diretor e dramaturgo no Coletivo Aberto de Teatro. Comunica\u00e7\u00e3o com \u00eanfase em \u00e1rea cultural (design gr\u00e1fico, fotografia, v\u00eddeo).<\/p>\n\n\n\n<p>Telefone: (31) 98687-4650<br> E-mail: leocoessens02@gmail.com  <br> Facebook: <a href=\"https:\/\/www.facebook.com\/Leoco13\">L\u00e9o Coessens<\/a><br> Instagram: <a href=\"https:\/\/www.instagram.com\/leocoessens\/?hl=pt-br\">L\u00e9o Coessens<\/a><\/p>\n\n\n\n<figure class=\"wp-block-embed-youtube wp-block-embed is-type-video is-provider-youtube wp-embed-aspect-16-9 wp-has-aspect-ratio\"><div class=\"wp-block-embed__wrapper\">\n<iframe loading=\"lazy\" title=\"Leo Coensses\" width=\"944\" height=\"531\" src=\"https:\/\/www.youtube.com\/embed\/drEpqmAH91M?feature=oembed\" frameborder=\"0\" allow=\"accelerometer; autoplay; encrypted-media; gyroscope; picture-in-picture\" allowfullscreen><\/iframe>\n<\/div><\/figure>\n\n\n\n<ul class=\"wp-block-gallery columns-3 is-cropped wp-block-gallery-1 is-layout-flex wp-block-gallery-is-layout-flex\"><li class=\"blocks-gallery-item\"><figure><img loading=\"lazy\" decoding=\"async\" width=\"682\" height=\"1024\" src=\"https:\/\/mapadadiversidade.com.br\/ipatinga\/wp-content\/uploads\/2019\/06\/Leo-1-682x1024.jpg\" alt=\"\" data-id=\"1280\" data-link=\"https:\/\/mapadadiversidade.com.br\/ipatinga\/?attachment_id=1280\" class=\"wp-image-1280\" srcset=\"https:\/\/mapadadiversidade.com.br\/ipatinga\/wp-content\/uploads\/2019\/06\/Leo-1-682x1024.jpg 682w, https:\/\/mapadadiversidade.com.br\/ipatinga\/wp-content\/uploads\/2019\/06\/Leo-1-200x300.jpg 200w, https:\/\/mapadadiversidade.com.br\/ipatinga\/wp-content\/uploads\/2019\/06\/Leo-1-768x1152.jpg 768w, https:\/\/mapadadiversidade.com.br\/ipatinga\/wp-content\/uploads\/2019\/06\/Leo-1.jpg 853w\" sizes=\"auto, (max-width: 682px) 100vw, 682px\" \/><\/figure><\/li><li class=\"blocks-gallery-item\"><figure><img loading=\"lazy\" decoding=\"async\" width=\"960\" height=\"640\" src=\"https:\/\/mapadadiversidade.com.br\/ipatinga\/wp-content\/uploads\/2019\/06\/Leo-2.jpg\" alt=\"\" data-id=\"1281\" data-link=\"https:\/\/mapadadiversidade.com.br\/ipatinga\/?attachment_id=1281\" class=\"wp-image-1281\" srcset=\"https:\/\/mapadadiversidade.com.br\/ipatinga\/wp-content\/uploads\/2019\/06\/Leo-2.jpg 960w, https:\/\/mapadadiversidade.com.br\/ipatinga\/wp-content\/uploads\/2019\/06\/Leo-2-300x200.jpg 300w, https:\/\/mapadadiversidade.com.br\/ipatinga\/wp-content\/uploads\/2019\/06\/Leo-2-768x512.jpg 768w\" sizes=\"auto, (max-width: 960px) 100vw, 960px\" \/><\/figure><\/li><li class=\"blocks-gallery-item\"><figure><img loading=\"lazy\" decoding=\"async\" width=\"1024\" height=\"682\" src=\"https:\/\/mapadadiversidade.com.br\/ipatinga\/wp-content\/uploads\/2019\/06\/Leo-3-1024x682.jpg\" alt=\"\" data-id=\"1283\" data-link=\"https:\/\/mapadadiversidade.com.br\/ipatinga\/?attachment_id=1283\" class=\"wp-image-1283\" srcset=\"https:\/\/mapadadiversidade.com.br\/ipatinga\/wp-content\/uploads\/2019\/06\/Leo-3-1024x682.jpg 1024w, https:\/\/mapadadiversidade.com.br\/ipatinga\/wp-content\/uploads\/2019\/06\/Leo-3-300x200.jpg 300w, https:\/\/mapadadiversidade.com.br\/ipatinga\/wp-content\/uploads\/2019\/06\/Leo-3-768x512.jpg 768w, https:\/\/mapadadiversidade.com.br\/ipatinga\/wp-content\/uploads\/2019\/06\/Leo-3.jpg 1280w\" sizes=\"auto, (max-width: 1024px) 100vw, 1024px\" \/><\/figure><\/li><li class=\"blocks-gallery-item\"><figure><img loading=\"lazy\" decoding=\"async\" width=\"638\" height=\"960\" src=\"https:\/\/mapadadiversidade.com.br\/ipatinga\/wp-content\/uploads\/2019\/06\/Leo-4.jpg\" alt=\"\" data-id=\"1284\" data-link=\"https:\/\/mapadadiversidade.com.br\/ipatinga\/?attachment_id=1284\" class=\"wp-image-1284\" srcset=\"https:\/\/mapadadiversidade.com.br\/ipatinga\/wp-content\/uploads\/2019\/06\/Leo-4.jpg 638w, https:\/\/mapadadiversidade.com.br\/ipatinga\/wp-content\/uploads\/2019\/06\/Leo-4-199x300.jpg 199w\" sizes=\"auto, (max-width: 638px) 100vw, 638px\" \/><\/figure><\/li><li class=\"blocks-gallery-item\"><figure><img loading=\"lazy\" decoding=\"async\" width=\"1024\" height=\"972\" src=\"https:\/\/mapadadiversidade.com.br\/ipatinga\/wp-content\/uploads\/2019\/06\/Leo-5-1024x972.jpg\" alt=\"\" data-id=\"1285\" data-link=\"https:\/\/mapadadiversidade.com.br\/ipatinga\/?attachment_id=1285\" class=\"wp-image-1285\" srcset=\"https:\/\/mapadadiversidade.com.br\/ipatinga\/wp-content\/uploads\/2019\/06\/Leo-5-1024x972.jpg 1024w, https:\/\/mapadadiversidade.com.br\/ipatinga\/wp-content\/uploads\/2019\/06\/Leo-5-300x285.jpg 300w, https:\/\/mapadadiversidade.com.br\/ipatinga\/wp-content\/uploads\/2019\/06\/Leo-5-768x729.jpg 768w, https:\/\/mapadadiversidade.com.br\/ipatinga\/wp-content\/uploads\/2019\/06\/Leo-5.jpg 1280w\" sizes=\"auto, (max-width: 1024px) 100vw, 1024px\" \/><\/figure><\/li><\/ul>\n","protected":false},"excerpt":{"rendered":"<p>Ator, diretor e dramaturgo no Coletivo Aberto de Teatro. Comunica\u00e7\u00e3o com \u00eanfase em \u00e1rea cultural (design gr\u00e1fico, fotografia, v\u00eddeo).<\/p>\n","protected":false},"author":7,"featured_media":1280,"comment_status":"open","ping_status":"open","sticky":false,"template":"","format":"standard","meta":{"footnotes":""},"categories":[1,4,13],"tags":[86,85,47],"class_list":["post-1255","post","type-post","status-publish","format-standard","has-post-thumbnail","hentry","category-ipatinga","category-linguagem-artisticas","category-teatro","tag-desing","tag-fotografia","tag-teatro","item-wrap"],"_links":{"self":[{"href":"https:\/\/mapadadiversidade.com.br\/ipatinga\/wp-json\/wp\/v2\/posts\/1255","targetHints":{"allow":["GET"]}}],"collection":[{"href":"https:\/\/mapadadiversidade.com.br\/ipatinga\/wp-json\/wp\/v2\/posts"}],"about":[{"href":"https:\/\/mapadadiversidade.com.br\/ipatinga\/wp-json\/wp\/v2\/types\/post"}],"author":[{"embeddable":true,"href":"https:\/\/mapadadiversidade.com.br\/ipatinga\/wp-json\/wp\/v2\/users\/7"}],"replies":[{"embeddable":true,"href":"https:\/\/mapadadiversidade.com.br\/ipatinga\/wp-json\/wp\/v2\/comments?post=1255"}],"version-history":[{"count":3,"href":"https:\/\/mapadadiversidade.com.br\/ipatinga\/wp-json\/wp\/v2\/posts\/1255\/revisions"}],"predecessor-version":[{"id":1644,"href":"https:\/\/mapadadiversidade.com.br\/ipatinga\/wp-json\/wp\/v2\/posts\/1255\/revisions\/1644"}],"wp:featuredmedia":[{"embeddable":true,"href":"https:\/\/mapadadiversidade.com.br\/ipatinga\/wp-json\/wp\/v2\/media\/1280"}],"wp:attachment":[{"href":"https:\/\/mapadadiversidade.com.br\/ipatinga\/wp-json\/wp\/v2\/media?parent=1255"}],"wp:term":[{"taxonomy":"category","embeddable":true,"href":"https:\/\/mapadadiversidade.com.br\/ipatinga\/wp-json\/wp\/v2\/categories?post=1255"},{"taxonomy":"post_tag","embeddable":true,"href":"https:\/\/mapadadiversidade.com.br\/ipatinga\/wp-json\/wp\/v2\/tags?post=1255"}],"curies":[{"name":"wp","href":"https:\/\/api.w.org\/{rel}","templated":true}]}}