{"id":129,"date":"2019-06-02T12:35:08","date_gmt":"2019-06-02T15:35:08","guid":{"rendered":"https:\/\/mapadadiversidade.com.br\/ipatinga\/?p=129"},"modified":"2019-07-10T16:21:50","modified_gmt":"2019-07-10T19:21:50","slug":"maelegalize","status":"publish","type":"post","link":"https:\/\/mapadadiversidade.com.br\/ipatinga\/maelegalize\/","title":{"rendered":"Maelegalize"},"content":{"rendered":"\n<p>Esse projeto fala da realidade das m\u00e3es usu\u00e1rias de cannabis que, por medo de serem punidas, se encondem, mas s\u00e3o pessoas comuns, trabalham empreendem e sonhem muito. Depois da maternidade iniciei esse novo projeto, o intuito \u00e9 falar sobre a maternidade buscando conex\u00f5es com m\u00e3es que estariam vivendo uma realidade parecida mas que se escondiam. Ser m\u00e3e e usu\u00e1ria \u00e9 um tabu mas \u00e9 a realidade dessas mulheres. Hoje sou empreendedora can\u00e1bica e junto com outras m\u00e3es produzimos um tapete totalmente sustent\u00e1vel.<\/p>\n\n\n\n<p>Comunica\u00e7\u00e3o e M\u00eddia<\/p>\n\n\n\n<p>Atua\u00e7\u00e3o secund\u00e1ria: A poesia faz parte de mim h\u00e1 anos, \u00e9 brincar com as palavras. Escrevo versos para elevar a auto estima, sobre ser m\u00e3e, humana, mulher, a legaliza\u00e7\u00e3o e o cultivo can\u00e1bico e a espiritualidade. Esse ano resolvi retornar com os fanzines e soltei a &#8220;Larica Sativa&#8221; de m\u00e3o em m\u00e3o.<\/p>\n\n\n\n<p>Hist\u00f3rico de sua atua\u00e7\u00e3o: J\u00e1 participo do ativismo can\u00e1bico h\u00e1 alguns anos, sempre utilizei as redes sociais pra falar sobre a legaliza\u00e7\u00e3o, com esse projeto estou alcan\u00e7ando as m\u00e3es. <br>Sabendo como \u00e9 ser m\u00e3e e suas in\u00fameras dificuldades, busco levar uma mensagem positiva, trocamos experi\u00eancias, criamos v\u00ednculos, falamos de maternidade real e empreendedorismo.  <br>Esse projeto nascido em 2015 como perfil p\u00fablico e de divulga\u00e7\u00e3o. Em 2017 na necessidade e vontade de ter um trabalho flex\u00edvel desenvolvi o tapete Legalize Jah, as poesias e artesanato.<\/p>\n\n\n\n<p>Telefone: (33) 988008373<\/p>\n\n\n\n<p>E-mail: jaquetoledof@gmail.com<\/p>\n\n\n\n<p>Instagram: <a href=\"https:\/\/www.instagram.com\/maelegalize\/?hl=pt-br\">@maelegaliza<\/a><\/p>\n\n\n\n<figure class=\"wp-block-embed-youtube wp-block-embed is-type-video is-provider-youtube wp-embed-aspect-16-9 wp-has-aspect-ratio\"><div class=\"wp-block-embed__wrapper\">\n<iframe loading=\"lazy\" title=\"Maelegalize\" width=\"944\" height=\"531\" src=\"https:\/\/www.youtube.com\/embed\/aZCri_0B6P8?feature=oembed\" frameborder=\"0\" allow=\"accelerometer; autoplay; encrypted-media; gyroscope; picture-in-picture\" allowfullscreen><\/iframe>\n<\/div><\/figure>\n\n\n\n<ul class=\"wp-block-gallery columns-2 is-cropped wp-block-gallery-1 is-layout-flex wp-block-gallery-is-layout-flex\"><li class=\"blocks-gallery-item\"><figure><img loading=\"lazy\" decoding=\"async\" width=\"476\" height=\"596\" src=\"https:\/\/mapadadiversidade.com.br\/ipatinga\/wp-content\/uploads\/2019\/06\/maelegalize.png\" alt=\"\" data-id=\"224\" data-link=\"https:\/\/mapadadiversidade.com.br\/ipatinga\/?attachment_id=224\" class=\"wp-image-224\" srcset=\"https:\/\/mapadadiversidade.com.br\/ipatinga\/wp-content\/uploads\/2019\/06\/maelegalize.png 476w, https:\/\/mapadadiversidade.com.br\/ipatinga\/wp-content\/uploads\/2019\/06\/maelegalize-240x300.png 240w\" sizes=\"auto, (max-width: 476px) 100vw, 476px\" \/><\/figure><\/li><li class=\"blocks-gallery-item\"><figure><img loading=\"lazy\" decoding=\"async\" width=\"601\" height=\"601\" src=\"https:\/\/mapadadiversidade.com.br\/ipatinga\/wp-content\/uploads\/2019\/06\/jaque-maelegalize2.png\" alt=\"\" data-id=\"223\" data-link=\"https:\/\/mapadadiversidade.com.br\/ipatinga\/?attachment_id=223\" class=\"wp-image-223\" srcset=\"https:\/\/mapadadiversidade.com.br\/ipatinga\/wp-content\/uploads\/2019\/06\/jaque-maelegalize2.png 601w, https:\/\/mapadadiversidade.com.br\/ipatinga\/wp-content\/uploads\/2019\/06\/jaque-maelegalize2-150x150.png 150w, https:\/\/mapadadiversidade.com.br\/ipatinga\/wp-content\/uploads\/2019\/06\/jaque-maelegalize2-300x300.png 300w\" sizes=\"auto, (max-width: 601px) 100vw, 601px\" \/><\/figure><\/li><li class=\"blocks-gallery-item\"><figure><img loading=\"lazy\" decoding=\"async\" width=\"535\" height=\"599\" src=\"https:\/\/mapadadiversidade.com.br\/ipatinga\/wp-content\/uploads\/2019\/06\/jaque-maelegalize.png\" alt=\"\" data-id=\"222\" data-link=\"https:\/\/mapadadiversidade.com.br\/ipatinga\/?attachment_id=222\" class=\"wp-image-222\" srcset=\"https:\/\/mapadadiversidade.com.br\/ipatinga\/wp-content\/uploads\/2019\/06\/jaque-maelegalize.png 535w, https:\/\/mapadadiversidade.com.br\/ipatinga\/wp-content\/uploads\/2019\/06\/jaque-maelegalize-268x300.png 268w\" sizes=\"auto, (max-width: 535px) 100vw, 535px\" \/><\/figure><\/li><\/ul>\n","protected":false},"excerpt":{"rendered":"<p>Esse projeto fala da realidade das m\u00e3es usu\u00e1rias de cannabis que, por medo de serem punidas, se encondem, mas s\u00e3o pessoas comuns, trabalham empreendem e sonhem muito. Depois da maternidade iniciei esse novo projeto, o intuito \u00e9 falar sobre a maternidade buscando conex\u00f5es com m\u00e3es que estariam vivendo uma realidade parecida mas que se escondiam. Ser m\u00e3e e usu\u00e1ria \u00e9 um tabu mas \u00e9 a realidade dessas mulheres. Hoje sou empreendedora can\u00e1bica e junto com outras m\u00e3es produzimos um tapete totalmente sustent\u00e1vel.<\/p>\n","protected":false},"author":5,"featured_media":225,"comment_status":"open","ping_status":"open","sticky":false,"template":"","format":"standard","meta":{"footnotes":""},"categories":[1,6],"tags":[],"class_list":["post-129","post","type-post","status-publish","format-standard","has-post-thumbnail","hentry","category-ipatinga","category-comunicacao-e-midia","item-wrap"],"_links":{"self":[{"href":"https:\/\/mapadadiversidade.com.br\/ipatinga\/wp-json\/wp\/v2\/posts\/129","targetHints":{"allow":["GET"]}}],"collection":[{"href":"https:\/\/mapadadiversidade.com.br\/ipatinga\/wp-json\/wp\/v2\/posts"}],"about":[{"href":"https:\/\/mapadadiversidade.com.br\/ipatinga\/wp-json\/wp\/v2\/types\/post"}],"author":[{"embeddable":true,"href":"https:\/\/mapadadiversidade.com.br\/ipatinga\/wp-json\/wp\/v2\/users\/5"}],"replies":[{"embeddable":true,"href":"https:\/\/mapadadiversidade.com.br\/ipatinga\/wp-json\/wp\/v2\/comments?post=129"}],"version-history":[{"count":3,"href":"https:\/\/mapadadiversidade.com.br\/ipatinga\/wp-json\/wp\/v2\/posts\/129\/revisions"}],"predecessor-version":[{"id":2151,"href":"https:\/\/mapadadiversidade.com.br\/ipatinga\/wp-json\/wp\/v2\/posts\/129\/revisions\/2151"}],"wp:featuredmedia":[{"embeddable":true,"href":"https:\/\/mapadadiversidade.com.br\/ipatinga\/wp-json\/wp\/v2\/media\/225"}],"wp:attachment":[{"href":"https:\/\/mapadadiversidade.com.br\/ipatinga\/wp-json\/wp\/v2\/media?parent=129"}],"wp:term":[{"taxonomy":"category","embeddable":true,"href":"https:\/\/mapadadiversidade.com.br\/ipatinga\/wp-json\/wp\/v2\/categories?post=129"},{"taxonomy":"post_tag","embeddable":true,"href":"https:\/\/mapadadiversidade.com.br\/ipatinga\/wp-json\/wp\/v2\/tags?post=129"}],"curies":[{"name":"wp","href":"https:\/\/api.w.org\/{rel}","templated":true}]}}