{"id":1304,"date":"2019-06-30T14:53:53","date_gmt":"2019-06-30T17:53:53","guid":{"rendered":"https:\/\/mapadadiversidade.com.br\/ipatinga\/?p=1304"},"modified":"2019-07-07T11:20:44","modified_gmt":"2019-07-07T14:20:44","slug":"maria-cloenes","status":"publish","type":"post","link":"https:\/\/mapadadiversidade.com.br\/ipatinga\/maria-cloenes\/","title":{"rendered":"Maria Cloenes"},"content":{"rendered":"\n<p>\n\nArtista da dan\u00e7a e artista visual.\n\n<\/p>\n\n\n\n<p>Artesanato<\/p>\n\n\n\n<p>Hist\u00f3rico: Co-fundadora do Hibribus Dan\u00e7a. Em sua trajet\u00f3ria vem desenvolvendo trabalhos de investiga\u00e7\u00e3o em arte contempor\u00e2nea. Participa da Casa de Cultura de Antonio Dias, ALPHA &#8211; Associa\u00e7\u00e3o Local do Patrim\u00f4nio Hist\u00f3rico e Art\u00edstico de Ant\u00f4nio Dias, onde desenvolve projetos com artesanato com  Palha do Indai\u00e1, em Ipatinga \u00e9 uma das fundadoras da Artesania. Tendo seu ultimo trabalho a boneca &#8220;Enchente&#8221;.<\/p>\n\n\n\n<p>Telefone: (31) 98855-2438<br>E-mail: mariacloenes@yahoo.com.br <br>Facebook: <a href=\"https:\/\/www.facebook.com\/maria.cloenes\">Maria Cloenes<\/a> <br>Instagram: <a href=\"https:\/\/www.instagram.com\/cloenes\/?hl=pt-br\">Maria Cloenes <\/a><\/p>\n\n\n\n<figure class=\"wp-block-embed-youtube wp-block-embed is-type-video is-provider-youtube wp-embed-aspect-16-9 wp-has-aspect-ratio\"><div class=\"wp-block-embed__wrapper\">\n<iframe loading=\"lazy\" title=\"Maria Cloenes\" width=\"944\" height=\"531\" src=\"https:\/\/www.youtube.com\/embed\/PBVaYkLJTd8?feature=oembed\" frameborder=\"0\" allow=\"accelerometer; autoplay; encrypted-media; gyroscope; picture-in-picture\" allowfullscreen><\/iframe>\n<\/div><\/figure>\n\n\n\n<ul class=\"wp-block-gallery columns-3 is-cropped wp-block-gallery-1 is-layout-flex wp-block-gallery-is-layout-flex\"><li class=\"blocks-gallery-item\"><figure><img loading=\"lazy\" decoding=\"async\" width=\"960\" height=\"640\" src=\"https:\/\/mapadadiversidade.com.br\/ipatinga\/wp-content\/uploads\/2019\/06\/Cloenes-1.jpg\" alt=\"\" data-id=\"1322\" data-link=\"https:\/\/mapadadiversidade.com.br\/ipatinga\/?attachment_id=1322\" class=\"wp-image-1322\" srcset=\"https:\/\/mapadadiversidade.com.br\/ipatinga\/wp-content\/uploads\/2019\/06\/Cloenes-1.jpg 960w, https:\/\/mapadadiversidade.com.br\/ipatinga\/wp-content\/uploads\/2019\/06\/Cloenes-1-300x200.jpg 300w, https:\/\/mapadadiversidade.com.br\/ipatinga\/wp-content\/uploads\/2019\/06\/Cloenes-1-768x512.jpg 768w\" sizes=\"auto, (max-width: 960px) 100vw, 960px\" \/><\/figure><\/li><li class=\"blocks-gallery-item\"><figure><img loading=\"lazy\" decoding=\"async\" width=\"539\" height=\"960\" src=\"https:\/\/mapadadiversidade.com.br\/ipatinga\/wp-content\/uploads\/2019\/06\/Cloenes-2.jpg\" alt=\"\" data-id=\"1323\" data-link=\"https:\/\/mapadadiversidade.com.br\/ipatinga\/?attachment_id=1323\" class=\"wp-image-1323\" srcset=\"https:\/\/mapadadiversidade.com.br\/ipatinga\/wp-content\/uploads\/2019\/06\/Cloenes-2.jpg 539w, https:\/\/mapadadiversidade.com.br\/ipatinga\/wp-content\/uploads\/2019\/06\/Cloenes-2-168x300.jpg 168w\" sizes=\"auto, (max-width: 539px) 100vw, 539px\" \/><\/figure><\/li><li class=\"blocks-gallery-item\"><figure><img loading=\"lazy\" decoding=\"async\" width=\"375\" height=\"566\" src=\"https:\/\/mapadadiversidade.com.br\/ipatinga\/wp-content\/uploads\/2019\/06\/Cloenes-3.png\" alt=\"\" data-id=\"1324\" data-link=\"https:\/\/mapadadiversidade.com.br\/ipatinga\/?attachment_id=1324\" class=\"wp-image-1324\" srcset=\"https:\/\/mapadadiversidade.com.br\/ipatinga\/wp-content\/uploads\/2019\/06\/Cloenes-3.png 375w, https:\/\/mapadadiversidade.com.br\/ipatinga\/wp-content\/uploads\/2019\/06\/Cloenes-3-199x300.png 199w\" sizes=\"auto, (max-width: 375px) 100vw, 375px\" \/><\/figure><\/li><li class=\"blocks-gallery-item\"><figure><img loading=\"lazy\" decoding=\"async\" width=\"670\" height=\"567\" src=\"https:\/\/mapadadiversidade.com.br\/ipatinga\/wp-content\/uploads\/2019\/06\/Cloenes-4.png\" alt=\"\" data-id=\"1325\" data-link=\"https:\/\/mapadadiversidade.com.br\/ipatinga\/?attachment_id=1325\" class=\"wp-image-1325\" srcset=\"https:\/\/mapadadiversidade.com.br\/ipatinga\/wp-content\/uploads\/2019\/06\/Cloenes-4.png 670w, https:\/\/mapadadiversidade.com.br\/ipatinga\/wp-content\/uploads\/2019\/06\/Cloenes-4-300x254.png 300w\" sizes=\"auto, (max-width: 670px) 100vw, 670px\" \/><\/figure><\/li><li class=\"blocks-gallery-item\"><figure><img loading=\"lazy\" decoding=\"async\" width=\"960\" height=\"720\" src=\"https:\/\/mapadadiversidade.com.br\/ipatinga\/wp-content\/uploads\/2019\/06\/Cloenes-5.jpg\" alt=\"\" data-id=\"1326\" data-link=\"https:\/\/mapadadiversidade.com.br\/ipatinga\/?attachment_id=1326\" class=\"wp-image-1326\" srcset=\"https:\/\/mapadadiversidade.com.br\/ipatinga\/wp-content\/uploads\/2019\/06\/Cloenes-5.jpg 960w, https:\/\/mapadadiversidade.com.br\/ipatinga\/wp-content\/uploads\/2019\/06\/Cloenes-5-300x225.jpg 300w, https:\/\/mapadadiversidade.com.br\/ipatinga\/wp-content\/uploads\/2019\/06\/Cloenes-5-768x576.jpg 768w\" sizes=\"auto, (max-width: 960px) 100vw, 960px\" \/><\/figure><\/li><li class=\"blocks-gallery-item\"><figure><img loading=\"lazy\" decoding=\"async\" width=\"768\" height=\"960\" src=\"https:\/\/mapadadiversidade.com.br\/ipatinga\/wp-content\/uploads\/2019\/06\/Cloenes-6.jpg\" alt=\"\" data-id=\"1328\" data-link=\"https:\/\/mapadadiversidade.com.br\/ipatinga\/?attachment_id=1328\" class=\"wp-image-1328\" srcset=\"https:\/\/mapadadiversidade.com.br\/ipatinga\/wp-content\/uploads\/2019\/06\/Cloenes-6.jpg 768w, https:\/\/mapadadiversidade.com.br\/ipatinga\/wp-content\/uploads\/2019\/06\/Cloenes-6-240x300.jpg 240w\" sizes=\"auto, (max-width: 768px) 100vw, 768px\" \/><\/figure><\/li><li class=\"blocks-gallery-item\"><figure><img loading=\"lazy\" decoding=\"async\" width=\"1024\" height=\"683\" src=\"https:\/\/mapadadiversidade.com.br\/ipatinga\/wp-content\/uploads\/2019\/06\/Cloenes-7-1024x683.jpg\" alt=\"\" data-id=\"1329\" data-link=\"https:\/\/mapadadiversidade.com.br\/ipatinga\/?attachment_id=1329\" class=\"wp-image-1329\" srcset=\"https:\/\/mapadadiversidade.com.br\/ipatinga\/wp-content\/uploads\/2019\/06\/Cloenes-7-1024x683.jpg 1024w, https:\/\/mapadadiversidade.com.br\/ipatinga\/wp-content\/uploads\/2019\/06\/Cloenes-7-300x200.jpg 300w, https:\/\/mapadadiversidade.com.br\/ipatinga\/wp-content\/uploads\/2019\/06\/Cloenes-7-768x512.jpg 768w, https:\/\/mapadadiversidade.com.br\/ipatinga\/wp-content\/uploads\/2019\/06\/Cloenes-7.jpg 2048w\" sizes=\"auto, (max-width: 1024px) 100vw, 1024px\" \/><\/figure><\/li><li class=\"blocks-gallery-item\"><figure><img loading=\"lazy\" decoding=\"async\" width=\"950\" height=\"960\" src=\"https:\/\/mapadadiversidade.com.br\/ipatinga\/wp-content\/uploads\/2019\/06\/Cloenes-8.jpg\" alt=\"\" data-id=\"1330\" data-link=\"https:\/\/mapadadiversidade.com.br\/ipatinga\/?attachment_id=1330\" class=\"wp-image-1330\" srcset=\"https:\/\/mapadadiversidade.com.br\/ipatinga\/wp-content\/uploads\/2019\/06\/Cloenes-8.jpg 950w, https:\/\/mapadadiversidade.com.br\/ipatinga\/wp-content\/uploads\/2019\/06\/Cloenes-8-297x300.jpg 297w, https:\/\/mapadadiversidade.com.br\/ipatinga\/wp-content\/uploads\/2019\/06\/Cloenes-8-768x776.jpg 768w\" sizes=\"auto, (max-width: 950px) 100vw, 950px\" \/><\/figure><\/li><li class=\"blocks-gallery-item\"><figure><img loading=\"lazy\" decoding=\"async\" width=\"533\" height=\"960\" src=\"https:\/\/mapadadiversidade.com.br\/ipatinga\/wp-content\/uploads\/2019\/06\/Cloenes-9.jpg\" alt=\"\" data-id=\"1331\" data-link=\"https:\/\/mapadadiversidade.com.br\/ipatinga\/?attachment_id=1331\" class=\"wp-image-1331\" srcset=\"https:\/\/mapadadiversidade.com.br\/ipatinga\/wp-content\/uploads\/2019\/06\/Cloenes-9.jpg 533w, https:\/\/mapadadiversidade.com.br\/ipatinga\/wp-content\/uploads\/2019\/06\/Cloenes-9-167x300.jpg 167w\" sizes=\"auto, (max-width: 533px) 100vw, 533px\" \/><\/figure><\/li><li class=\"blocks-gallery-item\"><figure><img loading=\"lazy\" decoding=\"async\" width=\"1024\" height=\"768\" src=\"https:\/\/mapadadiversidade.com.br\/ipatinga\/wp-content\/uploads\/2019\/06\/Cloenes-1024x768.jpg\" alt=\"\" data-id=\"1332\" data-link=\"https:\/\/mapadadiversidade.com.br\/ipatinga\/?attachment_id=1332\" class=\"wp-image-1332\" srcset=\"https:\/\/mapadadiversidade.com.br\/ipatinga\/wp-content\/uploads\/2019\/06\/Cloenes-1024x768.jpg 1024w, https:\/\/mapadadiversidade.com.br\/ipatinga\/wp-content\/uploads\/2019\/06\/Cloenes-300x225.jpg 300w, https:\/\/mapadadiversidade.com.br\/ipatinga\/wp-content\/uploads\/2019\/06\/Cloenes-768x576.jpg 768w\" sizes=\"auto, (max-width: 1024px) 100vw, 1024px\" \/><\/figure><\/li><\/ul>\n","protected":false},"excerpt":{"rendered":"<p>Artista da dan\u00e7a e artista visual. Co-fundadora do Hibribus Dan\u00e7a. Em sua trajet\u00f3ria vem desenvolvendo trabalhos de investiga\u00e7\u00e3o em<br \/>\n arte contempor\u00e2nea. Participa da Casa de Cultura de Antonio Dias, ALPHA &#8211; Associa\u00e7\u00e3o Local do Patrim\u00f4nio Hist\u00f3rico e Art\u00edstico de Ant\u00f4nio Dias, onde desenvolve projetos com artesanato com  Palha do Indai\u00e1, em Ipatinga \u00e9 uma das fundadoras da Artesania. Tendo seu ultimo trabalho a boneca &#8220;Enchente&#8221;.<\/p>\n","protected":false},"author":7,"featured_media":1332,"comment_status":"open","ping_status":"open","sticky":false,"template":"","format":"standard","meta":{"footnotes":""},"categories":[1,11,4],"tags":[91,30],"class_list":["post-1304","post","type-post","status-publish","format-standard","has-post-thumbnail","hentry","category-ipatinga","category-artesanato","category-linguagem-artisticas","tag-artes-plasticas","tag-artesanato","item-wrap"],"_links":{"self":[{"href":"https:\/\/mapadadiversidade.com.br\/ipatinga\/wp-json\/wp\/v2\/posts\/1304","targetHints":{"allow":["GET"]}}],"collection":[{"href":"https:\/\/mapadadiversidade.com.br\/ipatinga\/wp-json\/wp\/v2\/posts"}],"about":[{"href":"https:\/\/mapadadiversidade.com.br\/ipatinga\/wp-json\/wp\/v2\/types\/post"}],"author":[{"embeddable":true,"href":"https:\/\/mapadadiversidade.com.br\/ipatinga\/wp-json\/wp\/v2\/users\/7"}],"replies":[{"embeddable":true,"href":"https:\/\/mapadadiversidade.com.br\/ipatinga\/wp-json\/wp\/v2\/comments?post=1304"}],"version-history":[{"count":5,"href":"https:\/\/mapadadiversidade.com.br\/ipatinga\/wp-json\/wp\/v2\/posts\/1304\/revisions"}],"predecessor-version":[{"id":1643,"href":"https:\/\/mapadadiversidade.com.br\/ipatinga\/wp-json\/wp\/v2\/posts\/1304\/revisions\/1643"}],"wp:featuredmedia":[{"embeddable":true,"href":"https:\/\/mapadadiversidade.com.br\/ipatinga\/wp-json\/wp\/v2\/media\/1332"}],"wp:attachment":[{"href":"https:\/\/mapadadiversidade.com.br\/ipatinga\/wp-json\/wp\/v2\/media?parent=1304"}],"wp:term":[{"taxonomy":"category","embeddable":true,"href":"https:\/\/mapadadiversidade.com.br\/ipatinga\/wp-json\/wp\/v2\/categories?post=1304"},{"taxonomy":"post_tag","embeddable":true,"href":"https:\/\/mapadadiversidade.com.br\/ipatinga\/wp-json\/wp\/v2\/tags?post=1304"}],"curies":[{"name":"wp","href":"https:\/\/api.w.org\/{rel}","templated":true}]}}