{"id":1338,"date":"2019-06-30T15:01:26","date_gmt":"2019-06-30T18:01:26","guid":{"rendered":"https:\/\/mapadadiversidade.com.br\/ipatinga\/?p=1338"},"modified":"2019-07-09T21:43:07","modified_gmt":"2019-07-10T00:43:07","slug":"joana-angelica-o-g","status":"publish","type":"post","link":"https:\/\/mapadadiversidade.com.br\/ipatinga\/joana-angelica-o-g\/","title":{"rendered":"Joana Ang\u00e9lica O.G"},"content":{"rendered":"\n<p>Arquiteta urbanista, elabora\u00e7\u00e3o, gest\u00e3o de projetos e produ\u00e7\u00e3o de a\u00e7\u00f5es culturais relacionados ao patrim\u00f4nio cultural material e imaterial, com \u00eanfase para  instrumentos de preserva\u00e7\u00e3o,  mapeamento da Pr\u00e1tica Artesanal no Vale do a\u00e7o e turismo sustent\u00e1vel.<\/p>\n\n\n\n<p>Mem\u00f3ria, patrim\u00f4nio e hist\u00f3ria local<\/p>\n\n\n\n<p>Hist\u00f3rico: Atua\u00e7\u00e3o e perfil profissional com destaque para: gest\u00e3o de processos para preserva\u00e7\u00e3o de bens culturais baseados nos instrumentos legais e metodologias IEPHA MG tais como Invent\u00e1rios, Dossi\u00eas de Tombamento e Registro, Educa\u00e7\u00e3o Patrimonial, entre outros.Habilidades t\u00e9cnicas e gerenciais desenvolvidas em diversos cursos de extens\u00e3o com temas ligados ao patrim\u00f4nio cultural,  turismo sustent\u00e1vel, cultura, economia criativa, arte contempor\u00e2nea e educa\u00e7\u00e3o ambiental. Atualmente trabalha como arquiteta urbanista prestando servi\u00e7os na Regi\u00e3o Metropolitana do Vale do A\u00e7o, atrav\u00e9s de empresa pr\u00f3pria.Elabora\u00e7\u00e3o, gest\u00e3o de projetos e produ\u00e7\u00e3o de a\u00e7\u00f5es culturais relacionados ao patrim\u00f4nio cultural material e imaterial, com \u00eanfase para mapeamento da Pr\u00e1tica Artesanal no Vale do a\u00e7o e turismo sustent\u00e1vel.<\/p>\n\n\n\n<p>Telefone:(31) 97366-1230  \/ whatsapp (31)98783-5733<br>Email: arquiteturaog@gmail.com\/ ogcultural@gmail.com<br>P\u00e1gina Internet: <a href=\"http:\/\/arquiteturaog.blogspot.com\/\">http:\/\/arquiteturaog.blogspot.com\/<\/a><br>Facebook:  <a href=\"https:\/\/www.facebook.com\/EspacoDesignArquitetura\/?ref=br_rs\">Joana Angelica OG<\/a><br>Instagram<a href=\"https:\/\/www.instagram.com\/arquiteturaog\/?hl=pt-br\">: Joana Angelica OG<\/a><\/p>\n\n\n\n<figure class=\"wp-block-embed-youtube wp-block-embed is-type-video is-provider-youtube wp-embed-aspect-16-9 wp-has-aspect-ratio\"><div class=\"wp-block-embed__wrapper\">\n<iframe loading=\"lazy\" title=\"Joana Angelica\" width=\"944\" height=\"531\" src=\"https:\/\/www.youtube.com\/embed\/bOrDEb6GEsY?feature=oembed\" frameborder=\"0\" allow=\"accelerometer; autoplay; encrypted-media; gyroscope; picture-in-picture\" allowfullscreen><\/iframe>\n<\/div><\/figure>\n\n\n\n<ul class=\"wp-block-gallery columns-3 is-cropped wp-block-gallery-1 is-layout-flex wp-block-gallery-is-layout-flex\"><li class=\"blocks-gallery-item\"><figure><img loading=\"lazy\" decoding=\"async\" width=\"1024\" height=\"522\" src=\"https:\/\/mapadadiversidade.com.br\/ipatinga\/wp-content\/uploads\/2019\/06\/Joana1-1024x522.jpeg\" alt=\"\" data-id=\"1365\" data-link=\"https:\/\/mapadadiversidade.com.br\/ipatinga\/joana-angelica-o-g\/joana1\/\" class=\"wp-image-1365\" srcset=\"https:\/\/mapadadiversidade.com.br\/ipatinga\/wp-content\/uploads\/2019\/06\/Joana1-1024x522.jpeg 1024w, https:\/\/mapadadiversidade.com.br\/ipatinga\/wp-content\/uploads\/2019\/06\/Joana1-300x153.jpeg 300w, https:\/\/mapadadiversidade.com.br\/ipatinga\/wp-content\/uploads\/2019\/06\/Joana1-768x392.jpeg 768w, https:\/\/mapadadiversidade.com.br\/ipatinga\/wp-content\/uploads\/2019\/06\/Joana1.jpeg 1280w\" sizes=\"auto, (max-width: 1024px) 100vw, 1024px\" \/><\/figure><\/li><li class=\"blocks-gallery-item\"><figure><img loading=\"lazy\" decoding=\"async\" width=\"1024\" height=\"522\" src=\"https:\/\/mapadadiversidade.com.br\/ipatinga\/wp-content\/uploads\/2019\/06\/Joana2-1024x522.jpeg\" alt=\"\" data-id=\"1366\" data-link=\"https:\/\/mapadadiversidade.com.br\/ipatinga\/joana-angelica-o-g\/joana2\/\" class=\"wp-image-1366\" srcset=\"https:\/\/mapadadiversidade.com.br\/ipatinga\/wp-content\/uploads\/2019\/06\/Joana2-1024x522.jpeg 1024w, https:\/\/mapadadiversidade.com.br\/ipatinga\/wp-content\/uploads\/2019\/06\/Joana2-300x153.jpeg 300w, https:\/\/mapadadiversidade.com.br\/ipatinga\/wp-content\/uploads\/2019\/06\/Joana2-768x392.jpeg 768w, https:\/\/mapadadiversidade.com.br\/ipatinga\/wp-content\/uploads\/2019\/06\/Joana2.jpeg 1280w\" sizes=\"auto, (max-width: 1024px) 100vw, 1024px\" \/><\/figure><\/li><li class=\"blocks-gallery-item\"><figure><img loading=\"lazy\" decoding=\"async\" width=\"1024\" height=\"522\" src=\"https:\/\/mapadadiversidade.com.br\/ipatinga\/wp-content\/uploads\/2019\/06\/Joana3-1024x522.jpeg\" alt=\"\" data-id=\"1367\" data-link=\"https:\/\/mapadadiversidade.com.br\/ipatinga\/joana-angelica-o-g\/joana3\/\" class=\"wp-image-1367\" srcset=\"https:\/\/mapadadiversidade.com.br\/ipatinga\/wp-content\/uploads\/2019\/06\/Joana3-1024x522.jpeg 1024w, https:\/\/mapadadiversidade.com.br\/ipatinga\/wp-content\/uploads\/2019\/06\/Joana3-300x153.jpeg 300w, https:\/\/mapadadiversidade.com.br\/ipatinga\/wp-content\/uploads\/2019\/06\/Joana3-768x392.jpeg 768w, https:\/\/mapadadiversidade.com.br\/ipatinga\/wp-content\/uploads\/2019\/06\/Joana3.jpeg 1280w\" sizes=\"auto, (max-width: 1024px) 100vw, 1024px\" \/><\/figure><\/li><\/ul>\n","protected":false},"excerpt":{"rendered":"<p>Arquiteta urbanista, elabora\u00e7\u00e3o, gest\u00e3o de projetos e produ\u00e7\u00e3o de a\u00e7\u00f5es culturais relacionados ao patrim\u00f4nio cultural material e imaterial. <\/p>\n","protected":false},"author":3,"featured_media":1351,"comment_status":"open","ping_status":"open","sticky":false,"template":"","format":"standard","meta":{"footnotes":""},"categories":[21,35,14],"tags":[99,95,75,94,97,93,96],"class_list":["post-1338","post","type-post","status-publish","format-standard","has-post-thumbnail","hentry","category-_regiao-metropolitana-do-vale-do-aco","category-arquitetura-e-urbanismo","category-memoria-patrimonio-e-historia-local","tag-artesanato-feito-em-casa","tag-identidade","tag-memoria","tag-patrimonio-cultural","tag-patrimonio-material-e-imaterial","tag-preservacao","tag-turismo-sustentavel","item-wrap"],"_links":{"self":[{"href":"https:\/\/mapadadiversidade.com.br\/ipatinga\/wp-json\/wp\/v2\/posts\/1338","targetHints":{"allow":["GET"]}}],"collection":[{"href":"https:\/\/mapadadiversidade.com.br\/ipatinga\/wp-json\/wp\/v2\/posts"}],"about":[{"href":"https:\/\/mapadadiversidade.com.br\/ipatinga\/wp-json\/wp\/v2\/types\/post"}],"author":[{"embeddable":true,"href":"https:\/\/mapadadiversidade.com.br\/ipatinga\/wp-json\/wp\/v2\/users\/3"}],"replies":[{"embeddable":true,"href":"https:\/\/mapadadiversidade.com.br\/ipatinga\/wp-json\/wp\/v2\/comments?post=1338"}],"version-history":[{"count":8,"href":"https:\/\/mapadadiversidade.com.br\/ipatinga\/wp-json\/wp\/v2\/posts\/1338\/revisions"}],"predecessor-version":[{"id":1642,"href":"https:\/\/mapadadiversidade.com.br\/ipatinga\/wp-json\/wp\/v2\/posts\/1338\/revisions\/1642"}],"wp:featuredmedia":[{"embeddable":true,"href":"https:\/\/mapadadiversidade.com.br\/ipatinga\/wp-json\/wp\/v2\/media\/1351"}],"wp:attachment":[{"href":"https:\/\/mapadadiversidade.com.br\/ipatinga\/wp-json\/wp\/v2\/media?parent=1338"}],"wp:term":[{"taxonomy":"category","embeddable":true,"href":"https:\/\/mapadadiversidade.com.br\/ipatinga\/wp-json\/wp\/v2\/categories?post=1338"},{"taxonomy":"post_tag","embeddable":true,"href":"https:\/\/mapadadiversidade.com.br\/ipatinga\/wp-json\/wp\/v2\/tags?post=1338"}],"curies":[{"name":"wp","href":"https:\/\/api.w.org\/{rel}","templated":true}]}}