{"id":1344,"date":"2019-06-30T15:24:34","date_gmt":"2019-06-30T18:24:34","guid":{"rendered":"https:\/\/mapadadiversidade.com.br\/ipatinga\/?p=1344"},"modified":"2019-07-07T11:17:31","modified_gmt":"2019-07-07T14:17:31","slug":"marilda-lyra","status":"publish","type":"post","link":"https:\/\/mapadadiversidade.com.br\/ipatinga\/marilda-lyra\/","title":{"rendered":"Marilda Lyra"},"content":{"rendered":"\n<p>Jornalista e produtora cultural com atua\u00e7\u00e3o no Vale do A\u00e7o. <\/p>\n\n\n\n<p>Produtora Cultural<\/p>\n\n\n\n<p>Hist\u00f3rico: Produz projetos de dan\u00e7a, m\u00fasica, teatro e literatura. Atua na \u00e1rea cultural desde 1983 com projetos pr\u00f3prios  e de entidades culturais da regi\u00e3o, al\u00e9m de artistas patrocinados nas leis de incentivo \u00e0 cultura federal e estadual. Come\u00e7ou com o Grupo Boca de Cena onde permaneceu at\u00e9 1994. Realiza h\u00e1 19 anos o projeto Festival da Crian\u00e7a que oferece espet\u00e1culos teatrais gratuitos a escolas do Vale do A\u00e7o, sempre no m\u00eas de outubro. Atinge cerca de 5.000 espectadores a cada edi\u00e7\u00e3o.<\/p>\n\n\n\n<p>Telefone: (31) 99966-4166<br> E-mail: marilda.lyra@gmail.com <br> Facebook: <a href=\"https:\/\/www.facebook.com\/marilda.lyra\">Marilda Lyra<\/a><br> Instagram: <a href=\"https:\/\/www.instagram.com\/lyramarilda\/?hl=pt-br\">Marilda Lyra <\/a><\/p>\n\n\n\n<figure class=\"wp-block-embed-youtube wp-block-embed is-type-video is-provider-youtube wp-embed-aspect-16-9 wp-has-aspect-ratio\"><div class=\"wp-block-embed__wrapper\">\n<iframe loading=\"lazy\" title=\"Marilda Lyra\" width=\"944\" height=\"531\" src=\"https:\/\/www.youtube.com\/embed\/PU8pSPCiKeQ?feature=oembed\" frameborder=\"0\" allow=\"accelerometer; autoplay; encrypted-media; gyroscope; picture-in-picture\" allowfullscreen><\/iframe>\n<\/div><\/figure>\n\n\n\n<ul class=\"wp-block-gallery columns-3 is-cropped wp-block-gallery-1 is-layout-flex wp-block-gallery-is-layout-flex\"><li class=\"blocks-gallery-item\"><figure><img loading=\"lazy\" decoding=\"async\" width=\"1024\" height=\"768\" src=\"https:\/\/mapadadiversidade.com.br\/ipatinga\/wp-content\/uploads\/2019\/06\/IMG_5933-1024x768.jpg\" alt=\"\" data-id=\"1357\" data-link=\"https:\/\/mapadadiversidade.com.br\/ipatinga\/?attachment_id=1357\" class=\"wp-image-1357\" srcset=\"https:\/\/mapadadiversidade.com.br\/ipatinga\/wp-content\/uploads\/2019\/06\/IMG_5933-1024x768.jpg 1024w, https:\/\/mapadadiversidade.com.br\/ipatinga\/wp-content\/uploads\/2019\/06\/IMG_5933-300x225.jpg 300w, https:\/\/mapadadiversidade.com.br\/ipatinga\/wp-content\/uploads\/2019\/06\/IMG_5933-768x576.jpg 768w\" sizes=\"auto, (max-width: 1024px) 100vw, 1024px\" \/><\/figure><\/li><li class=\"blocks-gallery-item\"><figure><img loading=\"lazy\" decoding=\"async\" width=\"960\" height=\"885\" src=\"https:\/\/mapadadiversidade.com.br\/ipatinga\/wp-content\/uploads\/2019\/06\/Marilda-1.jpg\" alt=\"\" data-id=\"1358\" data-link=\"https:\/\/mapadadiversidade.com.br\/ipatinga\/?attachment_id=1358\" class=\"wp-image-1358\" srcset=\"https:\/\/mapadadiversidade.com.br\/ipatinga\/wp-content\/uploads\/2019\/06\/Marilda-1.jpg 960w, https:\/\/mapadadiversidade.com.br\/ipatinga\/wp-content\/uploads\/2019\/06\/Marilda-1-300x277.jpg 300w, https:\/\/mapadadiversidade.com.br\/ipatinga\/wp-content\/uploads\/2019\/06\/Marilda-1-768x708.jpg 768w\" sizes=\"auto, (max-width: 960px) 100vw, 960px\" \/><\/figure><\/li><li class=\"blocks-gallery-item\"><figure><img loading=\"lazy\" decoding=\"async\" width=\"960\" height=\"640\" src=\"https:\/\/mapadadiversidade.com.br\/ipatinga\/wp-content\/uploads\/2019\/06\/Marilda-2.jpg\" alt=\"\" data-id=\"1359\" data-link=\"https:\/\/mapadadiversidade.com.br\/ipatinga\/?attachment_id=1359\" class=\"wp-image-1359\" srcset=\"https:\/\/mapadadiversidade.com.br\/ipatinga\/wp-content\/uploads\/2019\/06\/Marilda-2.jpg 960w, https:\/\/mapadadiversidade.com.br\/ipatinga\/wp-content\/uploads\/2019\/06\/Marilda-2-300x200.jpg 300w, https:\/\/mapadadiversidade.com.br\/ipatinga\/wp-content\/uploads\/2019\/06\/Marilda-2-768x512.jpg 768w\" sizes=\"auto, (max-width: 960px) 100vw, 960px\" \/><\/figure><\/li><\/ul>\n","protected":false},"excerpt":{"rendered":"<p>Jornalista e produtora cultural com atua\u00e7\u00e3o no Vale do A\u00e7o. Produz projetos de dan\u00e7a, m\u00fasica, teatro e literatura. Atua na \u00e1rea cultural desde 1983 com projetos pr\u00f3prios  e de entidades culturais da regi\u00e3o, al\u00e9m de artistas patrocinados nas leis de incentivo \u00e0 cultura federal e estadual. Come\u00e7ou com o Grupo Boca de Cena onde permaneceu at\u00e9 1994. Realiza h\u00e1 19 anos o projeto Festival da Crian\u00e7a que oferece espet\u00e1culos teatrais gratuitos a escolas do Vale do A\u00e7o, sempre no m\u00eas de outubro. Atinge cerca de 5.000 espectadores a cada edi\u00e7\u00e3o.<\/p>\n","protected":false},"author":7,"featured_media":1357,"comment_status":"open","ping_status":"open","sticky":false,"template":"","format":"standard","meta":{"footnotes":""},"categories":[1,6,18],"tags":[73],"class_list":["post-1344","post","type-post","status-publish","format-standard","has-post-thumbnail","hentry","category-ipatinga","category-comunicacao-e-midia","category-produtor-ou-gestor-cultural","tag-produtora-cultural","item-wrap"],"_links":{"self":[{"href":"https:\/\/mapadadiversidade.com.br\/ipatinga\/wp-json\/wp\/v2\/posts\/1344","targetHints":{"allow":["GET"]}}],"collection":[{"href":"https:\/\/mapadadiversidade.com.br\/ipatinga\/wp-json\/wp\/v2\/posts"}],"about":[{"href":"https:\/\/mapadadiversidade.com.br\/ipatinga\/wp-json\/wp\/v2\/types\/post"}],"author":[{"embeddable":true,"href":"https:\/\/mapadadiversidade.com.br\/ipatinga\/wp-json\/wp\/v2\/users\/7"}],"replies":[{"embeddable":true,"href":"https:\/\/mapadadiversidade.com.br\/ipatinga\/wp-json\/wp\/v2\/comments?post=1344"}],"version-history":[{"count":2,"href":"https:\/\/mapadadiversidade.com.br\/ipatinga\/wp-json\/wp\/v2\/posts\/1344\/revisions"}],"predecessor-version":[{"id":1641,"href":"https:\/\/mapadadiversidade.com.br\/ipatinga\/wp-json\/wp\/v2\/posts\/1344\/revisions\/1641"}],"wp:featuredmedia":[{"embeddable":true,"href":"https:\/\/mapadadiversidade.com.br\/ipatinga\/wp-json\/wp\/v2\/media\/1357"}],"wp:attachment":[{"href":"https:\/\/mapadadiversidade.com.br\/ipatinga\/wp-json\/wp\/v2\/media?parent=1344"}],"wp:term":[{"taxonomy":"category","embeddable":true,"href":"https:\/\/mapadadiversidade.com.br\/ipatinga\/wp-json\/wp\/v2\/categories?post=1344"},{"taxonomy":"post_tag","embeddable":true,"href":"https:\/\/mapadadiversidade.com.br\/ipatinga\/wp-json\/wp\/v2\/tags?post=1344"}],"curies":[{"name":"wp","href":"https:\/\/api.w.org\/{rel}","templated":true}]}}