{"id":1363,"date":"2019-06-30T15:40:36","date_gmt":"2019-06-30T18:40:36","guid":{"rendered":"https:\/\/mapadadiversidade.com.br\/ipatinga\/?p=1363"},"modified":"2019-06-30T15:40:38","modified_gmt":"2019-06-30T18:40:38","slug":"marlene-da-silva-brum","status":"publish","type":"post","link":"https:\/\/mapadadiversidade.com.br\/ipatinga\/marlene-da-silva-brum\/","title":{"rendered":"Marlene da Silva Brum"},"content":{"rendered":"\n<p> Agente Cultural P\u00fablico  <\/p>\n\n\n\n<p>Atua\u00e7\u00e3o voltada \u00a0com as pr\u00e1ticas e a\u00e7\u00f5es culturais no  munic\u00edpio de Ipatinga, fun\u00e7\u00e3o de \u201celo de liga\u00e7\u00e3o\u201d entre o poder p\u00fablico e as comunidades.  Sempre buscando a orientar os gestores nas implanta\u00e7\u00f5es de a\u00e7\u00f5es e programas  culturais no munic\u00edpio.  Iniciou na  \u00e1rea cultural quando assumiu o concurso p\u00fablico, onde foi prestar servi\u00e7o na  Escola Municipal de M\u00fasica Tenente Osvaldo Machado &#8211; TOM, que \u00e9 ligada a Secretaria Municipal de Cultura, Esporte e Lazer.\u00a0 Entre os servi\u00e7os di\u00e1rios administrativos da  escola realizava as produ\u00e7\u00f5es dos eventos dos grupos musicais ligados \u00e0 escola  (corais, banda marcial e orquestra e dos professores), mais tarde foi  transferida \u00a0para a Departamento de  Cultura &#8211; DEC, onde est\u00e1 sempre buscando a orientar os gestores diretos nas  implanta\u00e7\u00f5es de a\u00e7\u00f5es e programas culturais no munic\u00edpio.\u00a0<\/p>\n\n\n\n<p>Telefone: (31) 98849-0469<br> E-mail:  marlenesilvabrum@hotmail.com <br> Facebook: <a href=\"https:\/\/www.facebook.com\/marlene.brum.75\">Marlene Brum<\/a> <br> <\/p>\n\n\n\n<figure class=\"wp-block-embed-youtube wp-block-embed is-type-video is-provider-youtube wp-embed-aspect-16-9 wp-has-aspect-ratio\"><div class=\"wp-block-embed__wrapper\">\n<iframe loading=\"lazy\" title=\"Marlene Brum\" width=\"944\" height=\"531\" src=\"https:\/\/www.youtube.com\/embed\/e7_V5HijrO8?feature=oembed\" frameborder=\"0\" allow=\"accelerometer; autoplay; encrypted-media; gyroscope; picture-in-picture\" allowfullscreen><\/iframe>\n<\/div><\/figure>\n\n\n\n<p> \u00a0\u00a0<\/p>\n\n\n\n<ul class=\"wp-block-gallery columns-1 is-cropped wp-block-gallery-1 is-layout-flex wp-block-gallery-is-layout-flex\"><li class=\"blocks-gallery-item\"><figure><img loading=\"lazy\" decoding=\"async\" width=\"459\" height=\"612\" src=\"https:\/\/mapadadiversidade.com.br\/ipatinga\/wp-content\/uploads\/2019\/06\/Marlene-Brum.jpg\" alt=\"\" data-id=\"1375\" data-link=\"https:\/\/mapadadiversidade.com.br\/ipatinga\/?attachment_id=1375\" class=\"wp-image-1375\" srcset=\"https:\/\/mapadadiversidade.com.br\/ipatinga\/wp-content\/uploads\/2019\/06\/Marlene-Brum.jpg 459w, https:\/\/mapadadiversidade.com.br\/ipatinga\/wp-content\/uploads\/2019\/06\/Marlene-Brum-225x300.jpg 225w\" sizes=\"auto, (max-width: 459px) 100vw, 459px\" \/><\/figure><\/li><\/ul>\n","protected":false},"excerpt":{"rendered":"<p>Atua\u00e7\u00e3o voltada  com as pr\u00e1ticas e a\u00e7\u00f5es culturais no  munic\u00edpio de Ipatinga, fun\u00e7\u00e3o de \u201celo de liga\u00e7\u00e3o\u201d entre o poder p\u00fablico e as comunidades.  Sempre buscando a orientar os gestores nas implanta\u00e7\u00f5es de a\u00e7\u00f5es e programas  culturais no munic\u00edpio.  Iniciou na  \u00e1rea cultural quando assumiu o concurso p\u00fablico, onde foi prestar servi\u00e7o na  Escola Municipal de M\u00fasica Tenente Osvaldo Machado &#8211; TOM, que \u00e9 ligada a Secretaria Municipal de Cultura, Esporte e Lazer.  Entre os servi\u00e7os di\u00e1rios administrativos da  escola realizava as produ\u00e7\u00f5es dos eventos dos grupos musicais ligados \u00e0 escola  (corais, banda marcial e orquestra e dos professores), mais tarde foi  transferida  para a Departamento de  Cultura &#8211; DEC, onde est\u00e1 sempre buscando a orientar os gestores diretos nas  implanta\u00e7\u00f5es de a\u00e7\u00f5es e programas culturais no munic\u00edpio.<\/p>\n","protected":false},"author":7,"featured_media":1375,"comment_status":"open","ping_status":"open","sticky":false,"template":"","format":"standard","meta":{"footnotes":""},"categories":[1,14,18],"tags":[101],"class_list":["post-1363","post","type-post","status-publish","format-standard","has-post-thumbnail","hentry","category-ipatinga","category-memoria-patrimonio-e-historia-local","category-produtor-ou-gestor-cultural","tag-gestor-cultural","item-wrap"],"_links":{"self":[{"href":"https:\/\/mapadadiversidade.com.br\/ipatinga\/wp-json\/wp\/v2\/posts\/1363","targetHints":{"allow":["GET"]}}],"collection":[{"href":"https:\/\/mapadadiversidade.com.br\/ipatinga\/wp-json\/wp\/v2\/posts"}],"about":[{"href":"https:\/\/mapadadiversidade.com.br\/ipatinga\/wp-json\/wp\/v2\/types\/post"}],"author":[{"embeddable":true,"href":"https:\/\/mapadadiversidade.com.br\/ipatinga\/wp-json\/wp\/v2\/users\/7"}],"replies":[{"embeddable":true,"href":"https:\/\/mapadadiversidade.com.br\/ipatinga\/wp-json\/wp\/v2\/comments?post=1363"}],"version-history":[{"count":1,"href":"https:\/\/mapadadiversidade.com.br\/ipatinga\/wp-json\/wp\/v2\/posts\/1363\/revisions"}],"predecessor-version":[{"id":1378,"href":"https:\/\/mapadadiversidade.com.br\/ipatinga\/wp-json\/wp\/v2\/posts\/1363\/revisions\/1378"}],"wp:featuredmedia":[{"embeddable":true,"href":"https:\/\/mapadadiversidade.com.br\/ipatinga\/wp-json\/wp\/v2\/media\/1375"}],"wp:attachment":[{"href":"https:\/\/mapadadiversidade.com.br\/ipatinga\/wp-json\/wp\/v2\/media?parent=1363"}],"wp:term":[{"taxonomy":"category","embeddable":true,"href":"https:\/\/mapadadiversidade.com.br\/ipatinga\/wp-json\/wp\/v2\/categories?post=1363"},{"taxonomy":"post_tag","embeddable":true,"href":"https:\/\/mapadadiversidade.com.br\/ipatinga\/wp-json\/wp\/v2\/tags?post=1363"}],"curies":[{"name":"wp","href":"https:\/\/api.w.org\/{rel}","templated":true}]}}