{"id":1386,"date":"2019-06-30T16:22:10","date_gmt":"2019-06-30T19:22:10","guid":{"rendered":"https:\/\/mapadadiversidade.com.br\/ipatinga\/?p=1386"},"modified":"2019-07-09T21:36:37","modified_gmt":"2019-07-10T00:36:37","slug":"instituto-usiminas","status":"publish","type":"post","link":"https:\/\/mapadadiversidade.com.br\/ipatinga\/instituto-usiminas\/","title":{"rendered":"Instituto USIMINAS"},"content":{"rendered":"\n<p>Centro Cultural<\/p>\n\n\n\n<p>O Instituto Cultural Usiminas foi criado em 1993 para sistematizar os investimentos em cultura da Usiminas. A partir de 1994, incorporou a gest\u00e3o do Teatro Z\u00e9lia Olguin e, em 1998, do Centro Cultural Usiminas, ambos em Ipatinga (MG). A partir de 2007, com a regulamenta\u00e7\u00e3o da Lei Federal de Incentivo ao Esporte, do Minist\u00e9rio dos Esportes, projetos esportivos passaram a ser beneficiadas com os investimentos da Usiminas e o Instituto incorporou a responsabilidade de aplica\u00e7\u00e3o e gest\u00e3o desses recursos, assim como na \u00e1rea social, com a gest\u00e3o dos recursos destinados ao FIA (Fundo da Inf\u00e2ncia e Adolesc\u00eancia), Fundo Nacional do Idoso, PRONAS\/PCD (Programa Nacional de Apoio \u00e0 Aten\u00e7\u00e3o da Sa\u00fade da Pessoa com Defici\u00eancia) e PRONON (Programa Nacional de Apoio \u00e0 Aten\u00e7\u00e3o Oncol\u00f3gica).  Desde a funda\u00e7\u00e3o do Instituto, foram investidos quase de R$ 330 milh\u00f5es  em 2.348 projetos de cultura, esporte e social, em 44 cidades de Minas Gerais, S\u00e3o Paulo, Rio Grande do Sul, Pernambuco e Esp\u00edrito Santo. Em 25 anos de hist\u00f3ria, o Instituto Cultural Usiminas vem realizando atividades que fazem a diferen\u00e7a na vida das pessoas, direcionando seus investimentos para a\u00e7\u00f5es que promovam o desenvolvimento sustent\u00e1vel dos setores e apoiando processos de participa\u00e7\u00e3o social, democratiza\u00e7\u00e3o da cultura, acesso ao esporte e cidadania. <\/p>\n\n\n\n<p>Telefone: (31) 3822-2215<br> E-mail: institutousiminas@usiminas.com<br> Site:<a href=\"https:\/\/www.institutousiminas.com\/\"> www.institutousiminas.com<\/a><br> Facebook: <a href=\"https:\/\/www.facebook.com\/institutousiminas\/\">Instituto USIMINAS<\/a> <br> Instagram: <a href=\"https:\/\/www.instagram.com\/institutousiminas\/?hl=pt-br\">Instituto USIMINAS<\/a><br> <\/p>\n\n\n\n<figure class=\"wp-block-embed-youtube wp-block-embed is-type-video is-provider-youtube wp-embed-aspect-16-9 wp-has-aspect-ratio\"><div class=\"wp-block-embed__wrapper\">\n<iframe loading=\"lazy\" title=\"Penelope Portugal\" width=\"944\" height=\"531\" src=\"https:\/\/www.youtube.com\/embed\/9Tsp-LSpZek?feature=oembed\" frameborder=\"0\" allow=\"accelerometer; autoplay; encrypted-media; gyroscope; picture-in-picture\" allowfullscreen><\/iframe>\n<\/div><\/figure>\n\n\n\n<ul class=\"wp-block-gallery columns-3 is-cropped wp-block-gallery-1 is-layout-flex wp-block-gallery-is-layout-flex\"><li class=\"blocks-gallery-item\"><figure><img loading=\"lazy\" decoding=\"async\" width=\"1024\" height=\"683\" src=\"https:\/\/mapadadiversidade.com.br\/ipatinga\/wp-content\/uploads\/2019\/06\/CCU_Nilmar-Lage-1024x683.jpg\" alt=\"\" data-id=\"1393\" data-link=\"https:\/\/mapadadiversidade.com.br\/ipatinga\/?attachment_id=1393\" class=\"wp-image-1393\" srcset=\"https:\/\/mapadadiversidade.com.br\/ipatinga\/wp-content\/uploads\/2019\/06\/CCU_Nilmar-Lage.jpg 1024w, https:\/\/mapadadiversidade.com.br\/ipatinga\/wp-content\/uploads\/2019\/06\/CCU_Nilmar-Lage-300x200.jpg 300w, https:\/\/mapadadiversidade.com.br\/ipatinga\/wp-content\/uploads\/2019\/06\/CCU_Nilmar-Lage-768x512.jpg 768w\" sizes=\"auto, (max-width: 1024px) 100vw, 1024px\" \/><\/figure><\/li><li class=\"blocks-gallery-item\"><figure><img loading=\"lazy\" decoding=\"async\" width=\"555\" height=\"300\" src=\"https:\/\/mapadadiversidade.com.br\/ipatinga\/wp-content\/uploads\/2019\/06\/instituto-cultural-1.jpg\" alt=\"\" data-id=\"1394\" data-link=\"https:\/\/mapadadiversidade.com.br\/ipatinga\/?attachment_id=1394\" class=\"wp-image-1394\" srcset=\"https:\/\/mapadadiversidade.com.br\/ipatinga\/wp-content\/uploads\/2019\/06\/instituto-cultural-1.jpg 555w, https:\/\/mapadadiversidade.com.br\/ipatinga\/wp-content\/uploads\/2019\/06\/instituto-cultural-1-300x162.jpg 300w\" sizes=\"auto, (max-width: 555px) 100vw, 555px\" \/><\/figure><\/li><li class=\"blocks-gallery-item\"><figure><img loading=\"lazy\" decoding=\"async\" width=\"600\" height=\"450\" src=\"https:\/\/mapadadiversidade.com.br\/ipatinga\/wp-content\/uploads\/2019\/06\/Nilmar-Lage-73.jpg\" alt=\"\" data-id=\"1395\" data-link=\"https:\/\/mapadadiversidade.com.br\/ipatinga\/?attachment_id=1395\" class=\"wp-image-1395\" srcset=\"https:\/\/mapadadiversidade.com.br\/ipatinga\/wp-content\/uploads\/2019\/06\/Nilmar-Lage-73.jpg 600w, https:\/\/mapadadiversidade.com.br\/ipatinga\/wp-content\/uploads\/2019\/06\/Nilmar-Lage-73-300x225.jpg 300w\" sizes=\"auto, (max-width: 600px) 100vw, 600px\" \/><\/figure><\/li><li class=\"blocks-gallery-item\"><figure><img loading=\"lazy\" decoding=\"async\" width=\"683\" height=\"1024\" src=\"https:\/\/mapadadiversidade.com.br\/ipatinga\/wp-content\/uploads\/2019\/06\/Penelope-Portugal-683x1024.jpg\" alt=\"\" data-id=\"1396\" data-link=\"https:\/\/mapadadiversidade.com.br\/ipatinga\/?attachment_id=1396\" class=\"wp-image-1396\" srcset=\"https:\/\/mapadadiversidade.com.br\/ipatinga\/wp-content\/uploads\/2019\/06\/Penelope-Portugal-683x1024.jpg 683w, https:\/\/mapadadiversidade.com.br\/ipatinga\/wp-content\/uploads\/2019\/06\/Penelope-Portugal-200x300.jpg 200w, https:\/\/mapadadiversidade.com.br\/ipatinga\/wp-content\/uploads\/2019\/06\/Penelope-Portugal-768x1151.jpg 768w, https:\/\/mapadadiversidade.com.br\/ipatinga\/wp-content\/uploads\/2019\/06\/Penelope-Portugal.jpg 854w\" sizes=\"auto, (max-width: 683px) 100vw, 683px\" \/><\/figure><\/li><li class=\"blocks-gallery-item\"><figure><img loading=\"lazy\" decoding=\"async\" width=\"1024\" height=\"768\" src=\"https:\/\/mapadadiversidade.com.br\/ipatinga\/wp-content\/uploads\/2019\/06\/Penelope-1024x768.jpg\" alt=\"\" data-id=\"1398\" data-link=\"https:\/\/mapadadiversidade.com.br\/ipatinga\/?attachment_id=1398\" class=\"wp-image-1398\" srcset=\"https:\/\/mapadadiversidade.com.br\/ipatinga\/wp-content\/uploads\/2019\/06\/Penelope-1024x768.jpg 1024w, https:\/\/mapadadiversidade.com.br\/ipatinga\/wp-content\/uploads\/2019\/06\/Penelope-300x225.jpg 300w, https:\/\/mapadadiversidade.com.br\/ipatinga\/wp-content\/uploads\/2019\/06\/Penelope-768x576.jpg 768w\" sizes=\"auto, (max-width: 1024px) 100vw, 1024px\" \/><\/figure><\/li><li class=\"blocks-gallery-item\"><figure><img loading=\"lazy\" decoding=\"async\" width=\"550\" height=\"366\" src=\"https:\/\/mapadadiversidade.com.br\/ipatinga\/wp-content\/uploads\/2019\/06\/teatro-do-centro-cultural.jpg\" alt=\"\" data-id=\"1399\" data-link=\"https:\/\/mapadadiversidade.com.br\/ipatinga\/?attachment_id=1399\" class=\"wp-image-1399\" srcset=\"https:\/\/mapadadiversidade.com.br\/ipatinga\/wp-content\/uploads\/2019\/06\/teatro-do-centro-cultural.jpg 550w, https:\/\/mapadadiversidade.com.br\/ipatinga\/wp-content\/uploads\/2019\/06\/teatro-do-centro-cultural-300x200.jpg 300w\" sizes=\"auto, (max-width: 550px) 100vw, 550px\" \/><\/figure><\/li><\/ul>\n","protected":false},"excerpt":{"rendered":"<p>O Instituto Cultural Usiminas foi criado em 1993 para sistematizar os investimentos em cultura da Usiminas. A partir de 1994, incorporou a gest\u00e3o do Teatro Z\u00e9lia Olguin e, em 1998, do Centro Cultural Usiminas, ambos em Ipatinga (MG). A partir de 2007, com a regulamenta\u00e7\u00e3o da Lei Federal de Incentivo ao Esporte, do Minist\u00e9rio dos Esportes, projetos esportivos passaram a ser beneficiadas com os investimentos da Usiminas e o Instituto incorporou a responsabilidade de aplica\u00e7\u00e3o e gest\u00e3o desses recursos, assim como na \u00e1rea social, com a gest\u00e3o dos recursos destinados ao FIA (Fundo da Inf\u00e2ncia e Adolesc\u00eancia), Fundo Nacional do Idoso, PRONAS\/PCD (Programa Nacional de Apoio \u00e0 Aten\u00e7\u00e3o da Sa\u00fade da Pessoa com Defici\u00eancia) e PRONON (Programa Nacional de Apoio \u00e0 Aten\u00e7\u00e3o Oncol\u00f3gica).  Desde a funda\u00e7\u00e3o do Instituto, foram investidos quase de R$ 330 milh\u00f5es   em 2.348 projetos de cultura, esporte e social, em 44 cidades de Minas Gerais, S\u00e3o Paulo, Rio Grande do Sul, Pernambuco e Esp\u00edrito Santo. Em 25 anos de hist\u00f3ria, o Instituto Cultural Usiminas vem realizando atividades que fazem a diferen\u00e7a na vida das pessoas, direcionando seus investimentos para a\u00e7\u00f5es que promovam o desenvolvimento sustent\u00e1vel dos setores e apoiando processos de participa\u00e7\u00e3o social, democratiza\u00e7\u00e3o da cultura, acesso ao esporte e cidadania. <\/p>\n","protected":false},"author":7,"featured_media":1393,"comment_status":"open","ping_status":"open","sticky":false,"template":"","format":"standard","meta":{"footnotes":""},"categories":[1,104,18],"tags":[105],"class_list":["post-1386","post","type-post","status-publish","format-standard","has-post-thumbnail","hentry","category-ipatinga","category-espacos","category-produtor-ou-gestor-cultural","tag-equipamentos-culturais","item-wrap"],"_links":{"self":[{"href":"https:\/\/mapadadiversidade.com.br\/ipatinga\/wp-json\/wp\/v2\/posts\/1386","targetHints":{"allow":["GET"]}}],"collection":[{"href":"https:\/\/mapadadiversidade.com.br\/ipatinga\/wp-json\/wp\/v2\/posts"}],"about":[{"href":"https:\/\/mapadadiversidade.com.br\/ipatinga\/wp-json\/wp\/v2\/types\/post"}],"author":[{"embeddable":true,"href":"https:\/\/mapadadiversidade.com.br\/ipatinga\/wp-json\/wp\/v2\/users\/7"}],"replies":[{"embeddable":true,"href":"https:\/\/mapadadiversidade.com.br\/ipatinga\/wp-json\/wp\/v2\/comments?post=1386"}],"version-history":[{"count":3,"href":"https:\/\/mapadadiversidade.com.br\/ipatinga\/wp-json\/wp\/v2\/posts\/1386\/revisions"}],"predecessor-version":[{"id":1640,"href":"https:\/\/mapadadiversidade.com.br\/ipatinga\/wp-json\/wp\/v2\/posts\/1386\/revisions\/1640"}],"wp:featuredmedia":[{"embeddable":true,"href":"https:\/\/mapadadiversidade.com.br\/ipatinga\/wp-json\/wp\/v2\/media\/1393"}],"wp:attachment":[{"href":"https:\/\/mapadadiversidade.com.br\/ipatinga\/wp-json\/wp\/v2\/media?parent=1386"}],"wp:term":[{"taxonomy":"category","embeddable":true,"href":"https:\/\/mapadadiversidade.com.br\/ipatinga\/wp-json\/wp\/v2\/categories?post=1386"},{"taxonomy":"post_tag","embeddable":true,"href":"https:\/\/mapadadiversidade.com.br\/ipatinga\/wp-json\/wp\/v2\/tags?post=1386"}],"curies":[{"name":"wp","href":"https:\/\/api.w.org\/{rel}","templated":true}]}}