{"id":1419,"date":"2019-06-01T17:32:07","date_gmt":"2019-06-01T20:32:07","guid":{"rendered":"https:\/\/mapadadiversidade.com.br\/ipatinga\/?p=1419"},"modified":"2019-07-07T11:11:14","modified_gmt":"2019-07-07T14:11:14","slug":"coletivo-aberto","status":"publish","type":"post","link":"https:\/\/mapadadiversidade.com.br\/ipatinga\/coletivo-aberto\/","title":{"rendered":"Coletivo Aberto"},"content":{"rendered":"\n<p>Coletivo de teatro que atualmente desenvolve pesquisas e trabalhos voltados para a inf\u00e2ncia.<\/p>\n\n\n\n<p>Linguagens Art\u00edsticas<br>Teatro<\/p>\n\n\n\n<figure class=\"wp-block-embed-youtube wp-block-embed is-type-video is-provider-youtube wp-embed-aspect-16-9 wp-has-aspect-ratio\"><div class=\"wp-block-embed__wrapper\">\n<iframe loading=\"lazy\" title=\"Coletivo Aberto\" width=\"944\" height=\"531\" src=\"https:\/\/www.youtube.com\/embed\/URrA-crtVZw?feature=oembed\" frameborder=\"0\" allow=\"accelerometer; autoplay; encrypted-media; gyroscope; picture-in-picture\" allowfullscreen><\/iframe>\n<\/div><\/figure>\n","protected":false},"excerpt":{"rendered":"<p>Coletivo de teatro, pesquisa e cria\u00e7\u00e3o. Atualmente voltado para o estudo das inf\u00e2ncias<\/p>\n","protected":false},"author":6,"featured_media":1431,"comment_status":"open","ping_status":"open","sticky":false,"template":"","format":"standard","meta":{"footnotes":""},"categories":[1,21,4,25,13],"tags":[115,116,102,47,118],"class_list":["post-1419","post","type-post","status-publish","format-standard","has-post-thumbnail","hentry","category-ipatinga","category-_regiao-metropolitana-do-vale-do-aco","category-linguagem-artisticas","category-literatura","category-teatro","tag-coletivos","tag-criacao","tag-pesquisa","tag-teatro","tag-teatro-infantil","item-wrap"],"_links":{"self":[{"href":"https:\/\/mapadadiversidade.com.br\/ipatinga\/wp-json\/wp\/v2\/posts\/1419","targetHints":{"allow":["GET"]}}],"collection":[{"href":"https:\/\/mapadadiversidade.com.br\/ipatinga\/wp-json\/wp\/v2\/posts"}],"about":[{"href":"https:\/\/mapadadiversidade.com.br\/ipatinga\/wp-json\/wp\/v2\/types\/post"}],"author":[{"embeddable":true,"href":"https:\/\/mapadadiversidade.com.br\/ipatinga\/wp-json\/wp\/v2\/users\/6"}],"replies":[{"embeddable":true,"href":"https:\/\/mapadadiversidade.com.br\/ipatinga\/wp-json\/wp\/v2\/comments?post=1419"}],"version-history":[{"count":3,"href":"https:\/\/mapadadiversidade.com.br\/ipatinga\/wp-json\/wp\/v2\/posts\/1419\/revisions"}],"predecessor-version":[{"id":1637,"href":"https:\/\/mapadadiversidade.com.br\/ipatinga\/wp-json\/wp\/v2\/posts\/1419\/revisions\/1637"}],"wp:featuredmedia":[{"embeddable":true,"href":"https:\/\/mapadadiversidade.com.br\/ipatinga\/wp-json\/wp\/v2\/media\/1431"}],"wp:attachment":[{"href":"https:\/\/mapadadiversidade.com.br\/ipatinga\/wp-json\/wp\/v2\/media?parent=1419"}],"wp:term":[{"taxonomy":"category","embeddable":true,"href":"https:\/\/mapadadiversidade.com.br\/ipatinga\/wp-json\/wp\/v2\/categories?post=1419"},{"taxonomy":"post_tag","embeddable":true,"href":"https:\/\/mapadadiversidade.com.br\/ipatinga\/wp-json\/wp\/v2\/tags?post=1419"}],"curies":[{"name":"wp","href":"https:\/\/api.w.org\/{rel}","templated":true}]}}