{"id":1492,"date":"2019-07-01T01:02:16","date_gmt":"2019-07-01T04:02:16","guid":{"rendered":"https:\/\/mapadadiversidade.com.br\/ipatinga\/?p=1492"},"modified":"2019-07-15T14:44:53","modified_gmt":"2019-07-15T17:44:53","slug":"shirley-maclane","status":"publish","type":"post","link":"https:\/\/mapadadiversidade.com.br\/ipatinga\/shirley-maclane\/","title":{"rendered":"Shirley Maclane"},"content":{"rendered":"\n<p>Produtora cultural <\/p>\n\n\n\n<p>Historico: Formada em turismo e lazer pelo Cefet \/ Tim\u00f3teo, atua desde 1999, em diversos projetos de arte, cultura e turismo e como produtora cultural na cidade de Ipatinga e regi\u00e3o nas \u00e1reas de m\u00fasica, literatura, cinema, patrim\u00f4nio cultural material e imaterial em especial da cultura japonesa e na popular. Presta servi\u00e7os de elabora\u00e7\u00e3o, coordena\u00e7\u00e3o e gest\u00e3o de  projetos culturais  e h\u00e1 12 anos  \u00e9 produtora do projeto Cultura Japonesa no Vale do A\u00e7o e outros projetos. Atualmente coordenadora de produ\u00e7\u00e3o do projeto Mem\u00f3rias e Cores e produtora do projeto Oficinas do Patrim\u00f4nio Imaterial Japon\u00eas 2019, Arte em Pap\u00e9is, atua na produ\u00e7\u00e3o da Feira de Turismo do Vale do A\u00e7o, Projeto Arte em Pap\u00e9is, Show a Brasileira, Balido e Cem Anos de Vinicius, Poesias de Bar em Bar e da Mostra de Cinema Nacional- Esta\u00e7\u00e3o Cinema de 2009 a 2013.  Assistente de produ\u00e7\u00e3o do Filme Casamento Negro.<\/p>\n\n\n\n<p>Telefone: (31) 98515-1174<br>Email: shirleymaclane@gmail.com<br>Facebook: <a href=\"https:\/\/www.facebook.com\/shirley.maclane.35\">Shirley Maclane<\/a><br>Instagram: <a href=\"https:\/\/www.instagram.com\/shirley.maclane.35\/?hl=pt-br\">Shirley Maclane<\/a><\/p>\n\n\n\n<figure class=\"wp-block-embed-youtube wp-block-embed is-type-video is-provider-youtube wp-embed-aspect-16-9 wp-has-aspect-ratio\"><div class=\"wp-block-embed__wrapper\">\n<iframe loading=\"lazy\" title=\"Shirley\" width=\"944\" height=\"531\" src=\"https:\/\/www.youtube.com\/embed\/DTO_xrwMadQ?feature=oembed\" frameborder=\"0\" allow=\"accelerometer; autoplay; encrypted-media; gyroscope; picture-in-picture\" allowfullscreen><\/iframe>\n<\/div><\/figure>\n\n\n\n<figure class=\"wp-block-image\"><img loading=\"lazy\" decoding=\"async\" width=\"780\" height=\"780\" src=\"https:\/\/mapadadiversidade.com.br\/ipatinga\/wp-content\/uploads\/2019\/07\/foto-memorias.jpeg\" alt=\"\" class=\"wp-image-1846\" srcset=\"https:\/\/mapadadiversidade.com.br\/ipatinga\/wp-content\/uploads\/2019\/07\/foto-memorias.jpeg 780w, https:\/\/mapadadiversidade.com.br\/ipatinga\/wp-content\/uploads\/2019\/07\/foto-memorias-150x150.jpeg 150w, https:\/\/mapadadiversidade.com.br\/ipatinga\/wp-content\/uploads\/2019\/07\/foto-memorias-300x300.jpeg 300w, https:\/\/mapadadiversidade.com.br\/ipatinga\/wp-content\/uploads\/2019\/07\/foto-memorias-768x768.jpeg 768w\" sizes=\"auto, (max-width: 780px) 100vw, 780px\" \/><\/figure>\n\n\n\n<ul class=\"wp-block-gallery columns-3 is-cropped wp-block-gallery-1 is-layout-flex wp-block-gallery-is-layout-flex\"><li class=\"blocks-gallery-item\"><figure><img loading=\"lazy\" decoding=\"async\" width=\"1024\" height=\"683\" src=\"https:\/\/mapadadiversidade.com.br\/ipatinga\/wp-content\/uploads\/2019\/07\/foto-shirley-1024x683.jpg\" alt=\"\" data-id=\"1493\" data-link=\"https:\/\/mapadadiversidade.com.br\/ipatinga\/?attachment_id=1493\" class=\"wp-image-1493\" srcset=\"https:\/\/mapadadiversidade.com.br\/ipatinga\/wp-content\/uploads\/2019\/07\/foto-shirley-1024x683.jpg 1024w, https:\/\/mapadadiversidade.com.br\/ipatinga\/wp-content\/uploads\/2019\/07\/foto-shirley-300x200.jpg 300w, https:\/\/mapadadiversidade.com.br\/ipatinga\/wp-content\/uploads\/2019\/07\/foto-shirley-768x512.jpg 768w, https:\/\/mapadadiversidade.com.br\/ipatinga\/wp-content\/uploads\/2019\/07\/foto-shirley.jpg 1080w\" sizes=\"auto, (max-width: 1024px) 100vw, 1024px\" \/><\/figure><\/li><li class=\"blocks-gallery-item\"><figure><img loading=\"lazy\" decoding=\"async\" width=\"726\" height=\"1024\" src=\"https:\/\/mapadadiversidade.com.br\/ipatinga\/wp-content\/uploads\/2019\/07\/IMG-20180414-WA0091-726x1024.jpg\" alt=\"\" data-id=\"1494\" data-link=\"https:\/\/mapadadiversidade.com.br\/ipatinga\/?attachment_id=1494\" class=\"wp-image-1494\" srcset=\"https:\/\/mapadadiversidade.com.br\/ipatinga\/wp-content\/uploads\/2019\/07\/IMG-20180414-WA0091-726x1024.jpg 726w, https:\/\/mapadadiversidade.com.br\/ipatinga\/wp-content\/uploads\/2019\/07\/IMG-20180414-WA0091-213x300.jpg 213w, https:\/\/mapadadiversidade.com.br\/ipatinga\/wp-content\/uploads\/2019\/07\/IMG-20180414-WA0091-768x1083.jpg 768w, https:\/\/mapadadiversidade.com.br\/ipatinga\/wp-content\/uploads\/2019\/07\/IMG-20180414-WA0091.jpg 908w\" sizes=\"auto, (max-width: 726px) 100vw, 726px\" \/><\/figure><\/li><li class=\"blocks-gallery-item\"><figure><img loading=\"lazy\" decoding=\"async\" width=\"959\" height=\"959\" src=\"https:\/\/mapadadiversidade.com.br\/ipatinga\/wp-content\/uploads\/2019\/07\/ipatinga-gorumet.jpg\" alt=\"\" data-id=\"1495\" data-link=\"https:\/\/mapadadiversidade.com.br\/ipatinga\/?attachment_id=1495\" class=\"wp-image-1495\" srcset=\"https:\/\/mapadadiversidade.com.br\/ipatinga\/wp-content\/uploads\/2019\/07\/ipatinga-gorumet.jpg 959w, https:\/\/mapadadiversidade.com.br\/ipatinga\/wp-content\/uploads\/2019\/07\/ipatinga-gorumet-150x150.jpg 150w, https:\/\/mapadadiversidade.com.br\/ipatinga\/wp-content\/uploads\/2019\/07\/ipatinga-gorumet-300x300.jpg 300w, https:\/\/mapadadiversidade.com.br\/ipatinga\/wp-content\/uploads\/2019\/07\/ipatinga-gorumet-768x768.jpg 768w\" sizes=\"auto, (max-width: 959px) 100vw, 959px\" \/><\/figure><\/li><li class=\"blocks-gallery-item\"><figure><img loading=\"lazy\" decoding=\"async\" width=\"720\" height=\"960\" src=\"https:\/\/mapadadiversidade.com.br\/ipatinga\/wp-content\/uploads\/2019\/07\/Shirley-e-Lala-Deinzenhein.jpg\" alt=\"\" data-id=\"1496\" data-link=\"https:\/\/mapadadiversidade.com.br\/ipatinga\/?attachment_id=1496\" class=\"wp-image-1496\" srcset=\"https:\/\/mapadadiversidade.com.br\/ipatinga\/wp-content\/uploads\/2019\/07\/Shirley-e-Lala-Deinzenhein.jpg 720w, https:\/\/mapadadiversidade.com.br\/ipatinga\/wp-content\/uploads\/2019\/07\/Shirley-e-Lala-Deinzenhein-225x300.jpg 225w\" sizes=\"auto, (max-width: 720px) 100vw, 720px\" \/><\/figure><\/li><li class=\"blocks-gallery-item\"><figure><img loading=\"lazy\" decoding=\"async\" width=\"886\" height=\"738\" src=\"https:\/\/mapadadiversidade.com.br\/ipatinga\/wp-content\/uploads\/2019\/07\/shirley-producao1.png\" alt=\"\" data-id=\"1497\" data-link=\"https:\/\/mapadadiversidade.com.br\/ipatinga\/?attachment_id=1497\" class=\"wp-image-1497\" srcset=\"https:\/\/mapadadiversidade.com.br\/ipatinga\/wp-content\/uploads\/2019\/07\/shirley-producao1.png 886w, https:\/\/mapadadiversidade.com.br\/ipatinga\/wp-content\/uploads\/2019\/07\/shirley-producao1-300x250.png 300w, https:\/\/mapadadiversidade.com.br\/ipatinga\/wp-content\/uploads\/2019\/07\/shirley-producao1-768x640.png 768w\" sizes=\"auto, (max-width: 886px) 100vw, 886px\" \/><\/figure><\/li><li class=\"blocks-gallery-item\"><figure><img loading=\"lazy\" decoding=\"async\" width=\"960\" height=\"528\" src=\"https:\/\/mapadadiversidade.com.br\/ipatinga\/wp-content\/uploads\/2019\/07\/Shirley-1.jpg\" alt=\"\" data-id=\"1498\" data-link=\"https:\/\/mapadadiversidade.com.br\/ipatinga\/?attachment_id=1498\" class=\"wp-image-1498\" srcset=\"https:\/\/mapadadiversidade.com.br\/ipatinga\/wp-content\/uploads\/2019\/07\/Shirley-1.jpg 960w, https:\/\/mapadadiversidade.com.br\/ipatinga\/wp-content\/uploads\/2019\/07\/Shirley-1-300x165.jpg 300w, https:\/\/mapadadiversidade.com.br\/ipatinga\/wp-content\/uploads\/2019\/07\/Shirley-1-768x422.jpg 768w\" sizes=\"auto, (max-width: 960px) 100vw, 960px\" \/><\/figure><\/li><li class=\"blocks-gallery-item\"><figure><img loading=\"lazy\" decoding=\"async\" width=\"1024\" height=\"683\" src=\"https:\/\/mapadadiversidade.com.br\/ipatinga\/wp-content\/uploads\/2019\/07\/ZEF_5095-1024x683.jpg\" alt=\"\" data-id=\"1499\" data-link=\"https:\/\/mapadadiversidade.com.br\/ipatinga\/?attachment_id=1499\" class=\"wp-image-1499\" srcset=\"https:\/\/mapadadiversidade.com.br\/ipatinga\/wp-content\/uploads\/2019\/07\/ZEF_5095-1024x683.jpg 1024w, https:\/\/mapadadiversidade.com.br\/ipatinga\/wp-content\/uploads\/2019\/07\/ZEF_5095-300x200.jpg 300w, https:\/\/mapadadiversidade.com.br\/ipatinga\/wp-content\/uploads\/2019\/07\/ZEF_5095-768x512.jpg 768w\" sizes=\"auto, (max-width: 1024px) 100vw, 1024px\" \/><\/figure><\/li><li class=\"blocks-gallery-item\"><figure><img loading=\"lazy\" decoding=\"async\" width=\"1024\" height=\"683\" src=\"https:\/\/mapadadiversidade.com.br\/ipatinga\/wp-content\/uploads\/2019\/07\/ZEF_8094-1024x683.jpg\" alt=\"\" data-id=\"1500\" data-link=\"https:\/\/mapadadiversidade.com.br\/ipatinga\/?attachment_id=1500\" class=\"wp-image-1500\" srcset=\"https:\/\/mapadadiversidade.com.br\/ipatinga\/wp-content\/uploads\/2019\/07\/ZEF_8094-1024x683.jpg 1024w, https:\/\/mapadadiversidade.com.br\/ipatinga\/wp-content\/uploads\/2019\/07\/ZEF_8094-300x200.jpg 300w, https:\/\/mapadadiversidade.com.br\/ipatinga\/wp-content\/uploads\/2019\/07\/ZEF_8094-768x513.jpg 768w\" sizes=\"auto, (max-width: 1024px) 100vw, 1024px\" \/><\/figure><\/li><li class=\"blocks-gallery-item\"><figure><img loading=\"lazy\" decoding=\"async\" width=\"1024\" height=\"683\" src=\"https:\/\/mapadadiversidade.com.br\/ipatinga\/wp-content\/uploads\/2019\/07\/ZEF_8179-1024x683.jpg\" alt=\"\" data-id=\"1501\" data-link=\"https:\/\/mapadadiversidade.com.br\/ipatinga\/?attachment_id=1501\" class=\"wp-image-1501\" srcset=\"https:\/\/mapadadiversidade.com.br\/ipatinga\/wp-content\/uploads\/2019\/07\/ZEF_8179-1024x683.jpg 1024w, https:\/\/mapadadiversidade.com.br\/ipatinga\/wp-content\/uploads\/2019\/07\/ZEF_8179-300x200.jpg 300w, https:\/\/mapadadiversidade.com.br\/ipatinga\/wp-content\/uploads\/2019\/07\/ZEF_8179-768x513.jpg 768w\" sizes=\"auto, (max-width: 1024px) 100vw, 1024px\" \/><\/figure><\/li><li class=\"blocks-gallery-item\"><figure><img loading=\"lazy\" decoding=\"async\" width=\"640\" height=\"480\" src=\"https:\/\/mapadadiversidade.com.br\/ipatinga\/wp-content\/uploads\/2019\/07\/P9140099.jpg\" alt=\"\" data-id=\"1502\" data-link=\"https:\/\/mapadadiversidade.com.br\/ipatinga\/?attachment_id=1502\" class=\"wp-image-1502\" srcset=\"https:\/\/mapadadiversidade.com.br\/ipatinga\/wp-content\/uploads\/2019\/07\/P9140099.jpg 640w, https:\/\/mapadadiversidade.com.br\/ipatinga\/wp-content\/uploads\/2019\/07\/P9140099-300x225.jpg 300w\" sizes=\"auto, (max-width: 640px) 100vw, 640px\" \/><figcaption>OLYMPUS DIGITAL CAMERA<\/figcaption><\/figure><\/li><li class=\"blocks-gallery-item\"><figure><img loading=\"lazy\" decoding=\"async\" width=\"1024\" height=\"1024\" src=\"https:\/\/mapadadiversidade.com.br\/ipatinga\/wp-content\/uploads\/2019\/07\/feira1-1024x1024.jpg\" alt=\"\" data-id=\"1503\" data-link=\"https:\/\/mapadadiversidade.com.br\/ipatinga\/?attachment_id=1503\" class=\"wp-image-1503\" srcset=\"https:\/\/mapadadiversidade.com.br\/ipatinga\/wp-content\/uploads\/2019\/07\/feira1-1024x1024.jpg 1024w, https:\/\/mapadadiversidade.com.br\/ipatinga\/wp-content\/uploads\/2019\/07\/feira1-150x150.jpg 150w, https:\/\/mapadadiversidade.com.br\/ipatinga\/wp-content\/uploads\/2019\/07\/feira1-300x300.jpg 300w, https:\/\/mapadadiversidade.com.br\/ipatinga\/wp-content\/uploads\/2019\/07\/feira1-768x768.jpg 768w, https:\/\/mapadadiversidade.com.br\/ipatinga\/wp-content\/uploads\/2019\/07\/feira1.jpg 1080w\" sizes=\"auto, (max-width: 1024px) 100vw, 1024px\" \/><\/figure><\/li><li class=\"blocks-gallery-item\"><figure><img loading=\"lazy\" decoding=\"async\" width=\"1024\" height=\"680\" src=\"https:\/\/mapadadiversidade.com.br\/ipatinga\/wp-content\/uploads\/2019\/07\/Poesia-de-Bar-em-Bar-57-1024x680.jpg\" alt=\"\" data-id=\"1504\" data-link=\"https:\/\/mapadadiversidade.com.br\/ipatinga\/?attachment_id=1504\" class=\"wp-image-1504\" srcset=\"https:\/\/mapadadiversidade.com.br\/ipatinga\/wp-content\/uploads\/2019\/07\/Poesia-de-Bar-em-Bar-57-1024x680.jpg 1024w, https:\/\/mapadadiversidade.com.br\/ipatinga\/wp-content\/uploads\/2019\/07\/Poesia-de-Bar-em-Bar-57-300x199.jpg 300w, https:\/\/mapadadiversidade.com.br\/ipatinga\/wp-content\/uploads\/2019\/07\/Poesia-de-Bar-em-Bar-57-768x510.jpg 768w\" sizes=\"auto, (max-width: 1024px) 100vw, 1024px\" \/><\/figure><\/li><\/ul>\n","protected":false},"excerpt":{"rendered":"<p>Formada em turismo e lazer pelo Cefet \/ Tim\u00f3teo, atua desde 1999, em diversos projetos de arte, cultura e turismo e como produtora cultural na cidade de Ipatinga e regi\u00e3o nas \u00e1reas de m\u00fasica, literatura, cinema, patrim\u00f4nio cultural, material e imaterial em especial da cultura japonesa e na popular.<\/p>\n","protected":false},"author":3,"featured_media":1842,"comment_status":"open","ping_status":"open","sticky":false,"template":"","format":"standard","meta":{"footnotes":""},"categories":[1,18],"tags":[145,110,143,158,44,75,92,94,146],"class_list":["post-1492","post","type-post","status-publish","format-standard","has-post-thumbnail","hentry","category-ipatinga","category-produtor-ou-gestor-cultural","tag-cinema","tag-cultura-japonesa","tag-cultura-popular","tag-gestao-e-producao-cultural","tag-literatura","tag-memoria","tag-musica","tag-patrimonio-cultural","tag-turismo","item-wrap"],"_links":{"self":[{"href":"https:\/\/mapadadiversidade.com.br\/ipatinga\/wp-json\/wp\/v2\/posts\/1492","targetHints":{"allow":["GET"]}}],"collection":[{"href":"https:\/\/mapadadiversidade.com.br\/ipatinga\/wp-json\/wp\/v2\/posts"}],"about":[{"href":"https:\/\/mapadadiversidade.com.br\/ipatinga\/wp-json\/wp\/v2\/types\/post"}],"author":[{"embeddable":true,"href":"https:\/\/mapadadiversidade.com.br\/ipatinga\/wp-json\/wp\/v2\/users\/3"}],"replies":[{"embeddable":true,"href":"https:\/\/mapadadiversidade.com.br\/ipatinga\/wp-json\/wp\/v2\/comments?post=1492"}],"version-history":[{"count":10,"href":"https:\/\/mapadadiversidade.com.br\/ipatinga\/wp-json\/wp\/v2\/posts\/1492\/revisions"}],"predecessor-version":[{"id":2391,"href":"https:\/\/mapadadiversidade.com.br\/ipatinga\/wp-json\/wp\/v2\/posts\/1492\/revisions\/2391"}],"wp:featuredmedia":[{"embeddable":true,"href":"https:\/\/mapadadiversidade.com.br\/ipatinga\/wp-json\/wp\/v2\/media\/1842"}],"wp:attachment":[{"href":"https:\/\/mapadadiversidade.com.br\/ipatinga\/wp-json\/wp\/v2\/media?parent=1492"}],"wp:term":[{"taxonomy":"category","embeddable":true,"href":"https:\/\/mapadadiversidade.com.br\/ipatinga\/wp-json\/wp\/v2\/categories?post=1492"},{"taxonomy":"post_tag","embeddable":true,"href":"https:\/\/mapadadiversidade.com.br\/ipatinga\/wp-json\/wp\/v2\/tags?post=1492"}],"curies":[{"name":"wp","href":"https:\/\/api.w.org\/{rel}","templated":true}]}}