{"id":1507,"date":"2019-07-01T01:18:56","date_gmt":"2019-07-01T04:18:56","guid":{"rendered":"https:\/\/mapadadiversidade.com.br\/ipatinga\/?p=1507"},"modified":"2019-07-10T23:16:35","modified_gmt":"2019-07-11T02:16:35","slug":"liz-eulalia","status":"publish","type":"post","link":"https:\/\/mapadadiversidade.com.br\/ipatinga\/liz-eulalia\/","title":{"rendered":"Liz Eul\u00e1lia"},"content":{"rendered":"\n<p>Cantora de repert\u00f3rio de m\u00fasica brasileira, Bossa Nova, Samba, Jazz, Clube da Esquina, Chico Buarque, Marisa Monte, Tom Jobim. Trabalha com capta\u00e7\u00e3o de \u00e1udio externo e interno e mixagens, grava\u00e7\u00f5es em est\u00fadios.<\/p>\n\n\n\n<p>Linguagens Art\u00edsticas <br>M\u00fasica <\/p>\n\n\n\n<p>Hist\u00f3rico: Cantora e compositora mineira, nascida em Coronel Fabriciano-MG. Veio para a Capital nos anos 90 e na trilha de sua busca por  novas experi\u00eancias musicais se entregou a arte de cantar com coragem e p\u00e9 na  estrada . Em 2008, concretizou a realiza\u00e7\u00e3o de seu primeiro trabalho o disco LUGAR com os recursos da Lei de Incentivo a Cultura Josephina Bento, em Betim. Seu primeiro trabalho j\u00e1 lhe rendeu uma cr\u00edtica positiva do cr\u00edtico  de m\u00fasica, compositor e escritor Nelson Mota em sua p\u00e1gina no site, e  veicula\u00e7\u00e3o em todas as emissoras do Brasil e exterior no Sintonia Fina. Em  2009, ficou entre as 13 selecionadas do Festival Nacional de R\u00e1dios ARPUB, transmitido pela R\u00e1dio Inconfid\u00eancia. O disco LUGAR com arranjos e  dire\u00e7\u00e3o de Dalton Palmieri traz a participa\u00e7\u00e3o de grandes nomes de nossa m\u00fasica, como Maur\u00edcio Tizumba e Marcelo Rocha. Traz can\u00e7\u00f5es in\u00e9ditas de  Marcelo Tiba, Alexandre Az, Eduardo Mendes e uma regrava\u00e7\u00e3o da m\u00fasica M\u00e3o do  Destino de Jorge Vercilo.<\/p>\n\n\n\n<p>Telefone: (31) 98638-1557<br> E-mail: lizeulalia@hotmail.com<br> Facebook: <a href=\"https:\/\/www.facebook.com\/lizeulaliaa\">Liz Eul\u00e1lia<\/a><br> Instagram: <a href=\"https:\/\/www.instagram.com\/lizeulalia\/?hl=pt-br\">Liz Eul\u00e1lia<\/a><br> Youtube:  <a href=\"https:\/\/www.youtube.com\/channel\/UCl7-fWd-tQynQ6hb8MyJNXA\">Liz Eul\u00e1lia <\/a><\/p>\n\n\n\n<figure class=\"wp-block-embed-youtube wp-block-embed is-type-video is-provider-youtube wp-embed-aspect-16-9 wp-has-aspect-ratio\"><div class=\"wp-block-embed__wrapper\">\n<iframe loading=\"lazy\" title=\"liz eulalia\" width=\"944\" height=\"531\" src=\"https:\/\/www.youtube.com\/embed\/dTJeuMle-cA?feature=oembed\" frameborder=\"0\" allow=\"accelerometer; autoplay; encrypted-media; gyroscope; picture-in-picture\" allowfullscreen><\/iframe>\n<\/div><\/figure>\n\n\n\n<p><br> <\/p>\n\n\n\n<ul class=\"wp-block-gallery columns-3 is-cropped wp-block-gallery-1 is-layout-flex wp-block-gallery-is-layout-flex\"><li class=\"blocks-gallery-item\"><figure><img loading=\"lazy\" decoding=\"async\" width=\"1024\" height=\"768\" src=\"https:\/\/mapadadiversidade.com.br\/ipatinga\/wp-content\/uploads\/2019\/07\/37-FESTIVAL-NACIONAL-DA-CAN\u00c7\u00c3O-1024x768.jpg\" alt=\"\" data-id=\"1508\" data-link=\"https:\/\/mapadadiversidade.com.br\/ipatinga\/?attachment_id=1508\" class=\"wp-image-1508\" srcset=\"https:\/\/mapadadiversidade.com.br\/ipatinga\/wp-content\/uploads\/2019\/07\/37-FESTIVAL-NACIONAL-DA-CAN\u00c7\u00c3O-1024x768.jpg 1024w, https:\/\/mapadadiversidade.com.br\/ipatinga\/wp-content\/uploads\/2019\/07\/37-FESTIVAL-NACIONAL-DA-CAN\u00c7\u00c3O-300x225.jpg 300w, https:\/\/mapadadiversidade.com.br\/ipatinga\/wp-content\/uploads\/2019\/07\/37-FESTIVAL-NACIONAL-DA-CAN\u00c7\u00c3O-768x576.jpg 768w, https:\/\/mapadadiversidade.com.br\/ipatinga\/wp-content\/uploads\/2019\/07\/37-FESTIVAL-NACIONAL-DA-CAN\u00c7\u00c3O.jpg 2048w\" sizes=\"auto, (max-width: 1024px) 100vw, 1024px\" \/><\/figure><\/li><li class=\"blocks-gallery-item\"><figure><img loading=\"lazy\" decoding=\"async\" width=\"640\" height=\"480\" src=\"https:\/\/mapadadiversidade.com.br\/ipatinga\/wp-content\/uploads\/2019\/07\/39-FESTIVAL-NACIONAL-DA-CAN\u00c7\u00c3O.jpg\" alt=\"\" data-id=\"1509\" data-link=\"https:\/\/mapadadiversidade.com.br\/ipatinga\/?attachment_id=1509\" class=\"wp-image-1509\" srcset=\"https:\/\/mapadadiversidade.com.br\/ipatinga\/wp-content\/uploads\/2019\/07\/39-FESTIVAL-NACIONAL-DA-CAN\u00c7\u00c3O.jpg 640w, https:\/\/mapadadiversidade.com.br\/ipatinga\/wp-content\/uploads\/2019\/07\/39-FESTIVAL-NACIONAL-DA-CAN\u00c7\u00c3O-300x225.jpg 300w\" sizes=\"auto, (max-width: 640px) 100vw, 640px\" \/><\/figure><\/li><li class=\"blocks-gallery-item\"><figure><img loading=\"lazy\" decoding=\"async\" width=\"853\" height=\"853\" src=\"https:\/\/mapadadiversidade.com.br\/ipatinga\/wp-content\/uploads\/2019\/07\/liz-4.jpg\" alt=\"\" data-id=\"1510\" data-link=\"https:\/\/mapadadiversidade.com.br\/ipatinga\/?attachment_id=1510\" class=\"wp-image-1510\" srcset=\"https:\/\/mapadadiversidade.com.br\/ipatinga\/wp-content\/uploads\/2019\/07\/liz-4.jpg 853w, https:\/\/mapadadiversidade.com.br\/ipatinga\/wp-content\/uploads\/2019\/07\/liz-4-150x150.jpg 150w, https:\/\/mapadadiversidade.com.br\/ipatinga\/wp-content\/uploads\/2019\/07\/liz-4-300x300.jpg 300w, https:\/\/mapadadiversidade.com.br\/ipatinga\/wp-content\/uploads\/2019\/07\/liz-4-768x768.jpg 768w\" sizes=\"auto, (max-width: 853px) 100vw, 853px\" \/><\/figure><\/li><li class=\"blocks-gallery-item\"><figure><img loading=\"lazy\" decoding=\"async\" width=\"612\" height=\"612\" src=\"https:\/\/mapadadiversidade.com.br\/ipatinga\/wp-content\/uploads\/2019\/07\/liz-5.jpg\" alt=\"\" data-id=\"1511\" data-link=\"https:\/\/mapadadiversidade.com.br\/ipatinga\/?attachment_id=1511\" class=\"wp-image-1511\" srcset=\"https:\/\/mapadadiversidade.com.br\/ipatinga\/wp-content\/uploads\/2019\/07\/liz-5.jpg 612w, https:\/\/mapadadiversidade.com.br\/ipatinga\/wp-content\/uploads\/2019\/07\/liz-5-150x150.jpg 150w, https:\/\/mapadadiversidade.com.br\/ipatinga\/wp-content\/uploads\/2019\/07\/liz-5-300x300.jpg 300w\" sizes=\"auto, (max-width: 612px) 100vw, 612px\" \/><\/figure><\/li><li class=\"blocks-gallery-item\"><figure><img loading=\"lazy\" decoding=\"async\" width=\"780\" height=\"780\" src=\"https:\/\/mapadadiversidade.com.br\/ipatinga\/wp-content\/uploads\/2019\/07\/liz-eulalia-3.jpg\" alt=\"\" data-id=\"1512\" data-link=\"https:\/\/mapadadiversidade.com.br\/ipatinga\/?attachment_id=1512\" class=\"wp-image-1512\" srcset=\"https:\/\/mapadadiversidade.com.br\/ipatinga\/wp-content\/uploads\/2019\/07\/liz-eulalia-3.jpg 780w, https:\/\/mapadadiversidade.com.br\/ipatinga\/wp-content\/uploads\/2019\/07\/liz-eulalia-3-150x150.jpg 150w, https:\/\/mapadadiversidade.com.br\/ipatinga\/wp-content\/uploads\/2019\/07\/liz-eulalia-3-300x300.jpg 300w, https:\/\/mapadadiversidade.com.br\/ipatinga\/wp-content\/uploads\/2019\/07\/liz-eulalia-3-768x768.jpg 768w\" sizes=\"auto, (max-width: 780px) 100vw, 780px\" \/><\/figure><\/li><li class=\"blocks-gallery-item\"><figure><img loading=\"lazy\" decoding=\"async\" width=\"853\" height=\"853\" src=\"https:\/\/mapadadiversidade.com.br\/ipatinga\/wp-content\/uploads\/2019\/07\/Liz-eulalia.jpg\" alt=\"\" data-id=\"1513\" data-link=\"https:\/\/mapadadiversidade.com.br\/ipatinga\/?attachment_id=1513\" class=\"wp-image-1513\" srcset=\"https:\/\/mapadadiversidade.com.br\/ipatinga\/wp-content\/uploads\/2019\/07\/Liz-eulalia.jpg 853w, https:\/\/mapadadiversidade.com.br\/ipatinga\/wp-content\/uploads\/2019\/07\/Liz-eulalia-150x150.jpg 150w, https:\/\/mapadadiversidade.com.br\/ipatinga\/wp-content\/uploads\/2019\/07\/Liz-eulalia-300x300.jpg 300w, https:\/\/mapadadiversidade.com.br\/ipatinga\/wp-content\/uploads\/2019\/07\/Liz-eulalia-768x768.jpg 768w\" sizes=\"auto, (max-width: 853px) 100vw, 853px\" \/><\/figure><\/li><li class=\"blocks-gallery-item\"><figure><img loading=\"lazy\" decoding=\"async\" width=\"681\" height=\"1024\" src=\"https:\/\/mapadadiversidade.com.br\/ipatinga\/wp-content\/uploads\/2019\/07\/LIz-Eul\u00e1lia-681x1024.jpg\" alt=\"\" data-id=\"1514\" data-link=\"https:\/\/mapadadiversidade.com.br\/ipatinga\/?attachment_id=1514\" class=\"wp-image-1514\" srcset=\"https:\/\/mapadadiversidade.com.br\/ipatinga\/wp-content\/uploads\/2019\/07\/LIz-Eul\u00e1lia-681x1024.jpg 681w, https:\/\/mapadadiversidade.com.br\/ipatinga\/wp-content\/uploads\/2019\/07\/LIz-Eul\u00e1lia-200x300.jpg 200w, https:\/\/mapadadiversidade.com.br\/ipatinga\/wp-content\/uploads\/2019\/07\/LIz-Eul\u00e1lia-768x1154.jpg 768w, https:\/\/mapadadiversidade.com.br\/ipatinga\/wp-content\/uploads\/2019\/07\/LIz-Eul\u00e1lia.jpg 1331w\" sizes=\"auto, (max-width: 681px) 100vw, 681px\" \/><\/figure><\/li><li class=\"blocks-gallery-item\"><figure><img loading=\"lazy\" decoding=\"async\" width=\"780\" height=\"780\" src=\"https:\/\/mapadadiversidade.com.br\/ipatinga\/wp-content\/uploads\/2019\/07\/liz.jpg\" alt=\"\" data-id=\"1515\" data-link=\"https:\/\/mapadadiversidade.com.br\/ipatinga\/?attachment_id=1515\" class=\"wp-image-1515\" srcset=\"https:\/\/mapadadiversidade.com.br\/ipatinga\/wp-content\/uploads\/2019\/07\/liz.jpg 780w, https:\/\/mapadadiversidade.com.br\/ipatinga\/wp-content\/uploads\/2019\/07\/liz-150x150.jpg 150w, https:\/\/mapadadiversidade.com.br\/ipatinga\/wp-content\/uploads\/2019\/07\/liz-300x300.jpg 300w, https:\/\/mapadadiversidade.com.br\/ipatinga\/wp-content\/uploads\/2019\/07\/liz-768x768.jpg 768w\" sizes=\"auto, (max-width: 780px) 100vw, 780px\" \/><\/figure><\/li><li class=\"blocks-gallery-item\"><figure><img loading=\"lazy\" decoding=\"async\" width=\"640\" height=\"480\" src=\"https:\/\/mapadadiversidade.com.br\/ipatinga\/wp-content\/uploads\/2019\/07\/liz6.jpg\" alt=\"\" data-id=\"1516\" data-link=\"https:\/\/mapadadiversidade.com.br\/ipatinga\/?attachment_id=1516\" class=\"wp-image-1516\" srcset=\"https:\/\/mapadadiversidade.com.br\/ipatinga\/wp-content\/uploads\/2019\/07\/liz6.jpg 640w, https:\/\/mapadadiversidade.com.br\/ipatinga\/wp-content\/uploads\/2019\/07\/liz6-300x225.jpg 300w\" sizes=\"auto, (max-width: 640px) 100vw, 640px\" \/><\/figure><\/li><li class=\"blocks-gallery-item\"><figure><img loading=\"lazy\" decoding=\"async\" width=\"1024\" height=\"768\" src=\"https:\/\/mapadadiversidade.com.br\/ipatinga\/wp-content\/uploads\/2019\/07\/liz7-1024x768.jpg\" alt=\"\" data-id=\"1517\" data-link=\"https:\/\/mapadadiversidade.com.br\/ipatinga\/?attachment_id=1517\" class=\"wp-image-1517\" srcset=\"https:\/\/mapadadiversidade.com.br\/ipatinga\/wp-content\/uploads\/2019\/07\/liz7-1024x768.jpg 1024w, https:\/\/mapadadiversidade.com.br\/ipatinga\/wp-content\/uploads\/2019\/07\/liz7-300x225.jpg 300w, https:\/\/mapadadiversidade.com.br\/ipatinga\/wp-content\/uploads\/2019\/07\/liz7-768x576.jpg 768w, https:\/\/mapadadiversidade.com.br\/ipatinga\/wp-content\/uploads\/2019\/07\/liz7.jpg 1440w\" sizes=\"auto, (max-width: 1024px) 100vw, 1024px\" \/><\/figure><\/li><li class=\"blocks-gallery-item\"><figure><img loading=\"lazy\" decoding=\"async\" width=\"1024\" height=\"684\" src=\"https:\/\/mapadadiversidade.com.br\/ipatinga\/wp-content\/uploads\/2019\/07\/liz9-1024x684.jpg\" alt=\"\" data-id=\"1518\" data-link=\"https:\/\/mapadadiversidade.com.br\/ipatinga\/?attachment_id=1518\" class=\"wp-image-1518\" srcset=\"https:\/\/mapadadiversidade.com.br\/ipatinga\/wp-content\/uploads\/2019\/07\/liz9-1024x684.jpg 1024w, https:\/\/mapadadiversidade.com.br\/ipatinga\/wp-content\/uploads\/2019\/07\/liz9-300x200.jpg 300w, https:\/\/mapadadiversidade.com.br\/ipatinga\/wp-content\/uploads\/2019\/07\/liz9-768x513.jpg 768w, https:\/\/mapadadiversidade.com.br\/ipatinga\/wp-content\/uploads\/2019\/07\/liz9.jpg 2000w\" sizes=\"auto, (max-width: 1024px) 100vw, 1024px\" \/><\/figure><\/li><\/ul>\n","protected":false},"excerpt":{"rendered":"<p>Cantora de repert\u00f3rio de m\u00fasica brasileira, Bossa Nova, Samba, Jazz, Clube da Esquina, Chico Buarque, Marisa Monte, Tom Jobim. Trabalha com capta\u00e7\u00e3o de \u00e1udio externo e interno e mixagens, grava\u00e7\u00f5es em est\u00fadios.<\/p>\n","protected":false},"author":3,"featured_media":1541,"comment_status":"open","ping_status":"open","sticky":false,"template":"","format":"standard","meta":{"footnotes":""},"categories":[1,4,12],"tags":[153,148,157,151,150,152],"class_list":["post-1507","post","type-post","status-publish","format-standard","has-post-thumbnail","hentry","category-ipatinga","category-linguagem-artisticas","category-musica","tag-bossa-nova","tag-cantora","tag-jazz","tag-mpb","tag-musica-brasileira","tag-samba","item-wrap"],"_links":{"self":[{"href":"https:\/\/mapadadiversidade.com.br\/ipatinga\/wp-json\/wp\/v2\/posts\/1507","targetHints":{"allow":["GET"]}}],"collection":[{"href":"https:\/\/mapadadiversidade.com.br\/ipatinga\/wp-json\/wp\/v2\/posts"}],"about":[{"href":"https:\/\/mapadadiversidade.com.br\/ipatinga\/wp-json\/wp\/v2\/types\/post"}],"author":[{"embeddable":true,"href":"https:\/\/mapadadiversidade.com.br\/ipatinga\/wp-json\/wp\/v2\/users\/3"}],"replies":[{"embeddable":true,"href":"https:\/\/mapadadiversidade.com.br\/ipatinga\/wp-json\/wp\/v2\/comments?post=1507"}],"version-history":[{"count":6,"href":"https:\/\/mapadadiversidade.com.br\/ipatinga\/wp-json\/wp\/v2\/posts\/1507\/revisions"}],"predecessor-version":[{"id":2178,"href":"https:\/\/mapadadiversidade.com.br\/ipatinga\/wp-json\/wp\/v2\/posts\/1507\/revisions\/2178"}],"wp:featuredmedia":[{"embeddable":true,"href":"https:\/\/mapadadiversidade.com.br\/ipatinga\/wp-json\/wp\/v2\/media\/1541"}],"wp:attachment":[{"href":"https:\/\/mapadadiversidade.com.br\/ipatinga\/wp-json\/wp\/v2\/media?parent=1507"}],"wp:term":[{"taxonomy":"category","embeddable":true,"href":"https:\/\/mapadadiversidade.com.br\/ipatinga\/wp-json\/wp\/v2\/categories?post=1507"},{"taxonomy":"post_tag","embeddable":true,"href":"https:\/\/mapadadiversidade.com.br\/ipatinga\/wp-json\/wp\/v2\/tags?post=1507"}],"curies":[{"name":"wp","href":"https:\/\/api.w.org\/{rel}","templated":true}]}}