{"id":1520,"date":"2019-07-01T01:26:14","date_gmt":"2019-07-01T04:26:14","guid":{"rendered":"https:\/\/mapadadiversidade.com.br\/ipatinga\/?p=1520"},"modified":"2019-07-08T17:30:13","modified_gmt":"2019-07-08T20:30:13","slug":"jessica-ribeiro","status":"publish","type":"post","link":"https:\/\/mapadadiversidade.com.br\/ipatinga\/jessica-ribeiro\/","title":{"rendered":"J\u00e9ssica Ribeiro"},"content":{"rendered":"\n<p>Linguagens Art\u00edsticas <\/p>\n\n\n\n<p>Teatro \/ Atriz  <\/p>\n\n\n\n<p>Exer\u00e7o a fun\u00e7\u00e3o de Atriz em alguns grupos do Vale do A\u00e7o, e tamb\u00e9m auxilio na produ\u00e7\u00e3o, opera\u00e7\u00e3o de som e luz em espet\u00e1culos e interven\u00e7\u00f5es culturais. Ainda, dentro do \u00e2mbito de interven\u00e7\u00f5es e esquetes, apresento para empresas, escolas e universidades.<\/p>\n\n\n\n<p>Outra atua\u00e7\u00e3o: Comunica\u00e7\u00e3o e m\u00eddia<\/p>\n\n\n\n<p>Hist\u00f3rico: Comecei minha vida art\u00edstica em 2013, atrav\u00e9s do Teatro Universit\u00e1rio do Unileste onde demos in\u00edcio a cria\u00e7\u00e3o da Trupe de  Teatro Taracatum, atualmente uma produtora de anima\u00e7\u00f5es de eventos no qual  ainda trabalho. Na sequ\u00eancia integrei ao corpo de elenco do Grupo Rizoma  (Coronel Fabriciano). Em seguida recebi o convite para trabalhar com  a Cia Bruta de Teatro. Com eles fui para festivais, recebi premia\u00e7\u00f5es, ministrei aulas de teatro e cordel em escola estadual pelo Programa \u201cMais  Cultura\u201d do Governo Federal. Em 2015 entrei para o N\u00facleo de Dan\u00e7a-Dor onde exerci fun\u00e7\u00f5es como int\u00e9rprete-criadora, atriz\/bailarina, auxiliar de produ\u00e7\u00e3o,  som e ilumina\u00e7\u00e3o, e contemplados pelo pr\u00eamio \u201cArtes C\u00eanicas de Minas Gerais\u201d do Governo de Minas. Circulamos em cidades do interior de Minas Gerais  apresentando espet\u00e1culos e oficinas. No ano de 2018, ingressei a Fito Cia  apresentado espet\u00e1culos de Teatro Musical e dando aula para crian\u00e7as e  adolescentes. Ainda neste ano, participei da cria\u00e7\u00e3o e montagem do espet\u00e1culo  \u201cDe Toda Cor?\u201d com artistas independentes da regi\u00e3o. E agora em 2019 integrei  ao elenco fixo do corpo de atores da Casa Laborat\u00f3rio onde tamb\u00e9m ministro  aulas de teatro. Alguns dos espet\u00e1culos em que  atuei: F\u00e1bulas de La Mambembe (Taracatum); A aurora da minha vida (Teatro  Universit\u00e1rio); Contos e Encantos (Grupo Rizoma); No Reino de Calama\u00e7o (Cia  Bruta de Teatro); Esp\u00edrito de Porco (N\u00facleo de Dan\u00e7a-Dor); Leiloca Bruxoca  (Fito Cia); De Toda Cor? (Artistas Independentes); O menino da cabe\u00e7a de  papel\u00e3o \u2013 Chapeuzinho Vermelho \u2013 Os Tr\u00eas Porquinhos (Casa Laborat\u00f3rio). <\/p>\n\n\n\n<p>Telefone: (31) 98800-0361<br> E-mail: jessicaoribeiro@hotmail.com <br> Facebook: <a href=\"https:\/\/www.facebook.com\/jessica.oribeiro\">Jessica Ribeiro<\/a><br> Instagram: <a href=\"https:\/\/www.instagram.com\/jessica_oribeiro\/?hl=pt-br\">Jessica Ribeiro<\/a><br><\/p>\n\n\n\n<figure class=\"wp-block-embed-youtube wp-block-embed is-type-video is-provider-youtube wp-embed-aspect-16-9 wp-has-aspect-ratio\"><div class=\"wp-block-embed__wrapper\">\n<iframe loading=\"lazy\" title=\"Jessica\" width=\"944\" height=\"531\" src=\"https:\/\/www.youtube.com\/embed\/pZZCV29Gelg?feature=oembed\" frameborder=\"0\" allow=\"accelerometer; autoplay; encrypted-media; gyroscope; picture-in-picture\" allowfullscreen><\/iframe>\n<\/div><\/figure>\n\n\n\n<ul class=\"wp-block-gallery columns-3 is-cropped wp-block-gallery-1 is-layout-flex wp-block-gallery-is-layout-flex\"><li class=\"blocks-gallery-item\"><figure><img loading=\"lazy\" decoding=\"async\" width=\"919\" height=\"960\" src=\"https:\/\/mapadadiversidade.com.br\/ipatinga\/wp-content\/uploads\/2019\/07\/A-aurora-da-minha-vida-2013-1.jpg\" alt=\"\" data-id=\"1528\" data-link=\"https:\/\/mapadadiversidade.com.br\/ipatinga\/?attachment_id=1528\" class=\"wp-image-1528\" srcset=\"https:\/\/mapadadiversidade.com.br\/ipatinga\/wp-content\/uploads\/2019\/07\/A-aurora-da-minha-vida-2013-1.jpg 919w, https:\/\/mapadadiversidade.com.br\/ipatinga\/wp-content\/uploads\/2019\/07\/A-aurora-da-minha-vida-2013-1-287x300.jpg 287w, https:\/\/mapadadiversidade.com.br\/ipatinga\/wp-content\/uploads\/2019\/07\/A-aurora-da-minha-vida-2013-1-768x802.jpg 768w\" sizes=\"auto, (max-width: 919px) 100vw, 919px\" \/><\/figure><\/li><li class=\"blocks-gallery-item\"><figure><img loading=\"lazy\" decoding=\"async\" width=\"1024\" height=\"576\" src=\"https:\/\/mapadadiversidade.com.br\/ipatinga\/wp-content\/uploads\/2019\/07\/Chapeuzinho-Vermelho-2019-1-1024x576.jpeg\" alt=\"\" data-id=\"1529\" data-link=\"https:\/\/mapadadiversidade.com.br\/ipatinga\/?attachment_id=1529\" class=\"wp-image-1529\" srcset=\"https:\/\/mapadadiversidade.com.br\/ipatinga\/wp-content\/uploads\/2019\/07\/Chapeuzinho-Vermelho-2019-1-1024x576.jpeg 1024w, https:\/\/mapadadiversidade.com.br\/ipatinga\/wp-content\/uploads\/2019\/07\/Chapeuzinho-Vermelho-2019-1-300x169.jpeg 300w, https:\/\/mapadadiversidade.com.br\/ipatinga\/wp-content\/uploads\/2019\/07\/Chapeuzinho-Vermelho-2019-1-768x432.jpeg 768w, https:\/\/mapadadiversidade.com.br\/ipatinga\/wp-content\/uploads\/2019\/07\/Chapeuzinho-Vermelho-2019-1.jpeg 1280w\" sizes=\"auto, (max-width: 1024px) 100vw, 1024px\" \/><\/figure><\/li><li class=\"blocks-gallery-item\"><figure><img loading=\"lazy\" decoding=\"async\" width=\"1024\" height=\"683\" src=\"https:\/\/mapadadiversidade.com.br\/ipatinga\/wp-content\/uploads\/2019\/07\/Christian-Mardones-2017-1-1024x683.jpg\" alt=\"\" data-id=\"1530\" data-link=\"https:\/\/mapadadiversidade.com.br\/ipatinga\/?attachment_id=1530\" class=\"wp-image-1530\" srcset=\"https:\/\/mapadadiversidade.com.br\/ipatinga\/wp-content\/uploads\/2019\/07\/Christian-Mardones-2017-1-1024x683.jpg 1024w, https:\/\/mapadadiversidade.com.br\/ipatinga\/wp-content\/uploads\/2019\/07\/Christian-Mardones-2017-1-300x200.jpg 300w, https:\/\/mapadadiversidade.com.br\/ipatinga\/wp-content\/uploads\/2019\/07\/Christian-Mardones-2017-1-768x512.jpg 768w, https:\/\/mapadadiversidade.com.br\/ipatinga\/wp-content\/uploads\/2019\/07\/Christian-Mardones-2017-1.jpg 2048w\" sizes=\"auto, (max-width: 1024px) 100vw, 1024px\" \/><\/figure><\/li><li class=\"blocks-gallery-item\"><figure><img loading=\"lazy\" decoding=\"async\" width=\"1024\" height=\"683\" src=\"https:\/\/mapadadiversidade.com.br\/ipatinga\/wp-content\/uploads\/2019\/07\/De-Toda-Cor-2018-1-1024x683.jpg\" alt=\"\" data-id=\"1531\" data-link=\"https:\/\/mapadadiversidade.com.br\/ipatinga\/?attachment_id=1531\" class=\"wp-image-1531\" srcset=\"https:\/\/mapadadiversidade.com.br\/ipatinga\/wp-content\/uploads\/2019\/07\/De-Toda-Cor-2018-1-1024x683.jpg 1024w, https:\/\/mapadadiversidade.com.br\/ipatinga\/wp-content\/uploads\/2019\/07\/De-Toda-Cor-2018-1-300x200.jpg 300w, https:\/\/mapadadiversidade.com.br\/ipatinga\/wp-content\/uploads\/2019\/07\/De-Toda-Cor-2018-1-768x512.jpg 768w\" sizes=\"auto, (max-width: 1024px) 100vw, 1024px\" \/><\/figure><\/li><li class=\"blocks-gallery-item\"><figure><img loading=\"lazy\" decoding=\"async\" width=\"960\" height=\"640\" src=\"https:\/\/mapadadiversidade.com.br\/ipatinga\/wp-content\/uploads\/2019\/07\/F\u00e1bulas-de-La-Mambembe-2015-1.jpg\" alt=\"\" data-id=\"1532\" data-link=\"https:\/\/mapadadiversidade.com.br\/ipatinga\/?attachment_id=1532\" class=\"wp-image-1532\" srcset=\"https:\/\/mapadadiversidade.com.br\/ipatinga\/wp-content\/uploads\/2019\/07\/F\u00e1bulas-de-La-Mambembe-2015-1.jpg 960w, https:\/\/mapadadiversidade.com.br\/ipatinga\/wp-content\/uploads\/2019\/07\/F\u00e1bulas-de-La-Mambembe-2015-1-300x200.jpg 300w, https:\/\/mapadadiversidade.com.br\/ipatinga\/wp-content\/uploads\/2019\/07\/F\u00e1bulas-de-La-Mambembe-2015-1-768x512.jpg 768w\" sizes=\"auto, (max-width: 960px) 100vw, 960px\" \/><\/figure><\/li><li class=\"blocks-gallery-item\"><figure><img loading=\"lazy\" decoding=\"async\" width=\"835\" height=\"555\" src=\"https:\/\/mapadadiversidade.com.br\/ipatinga\/wp-content\/uploads\/2019\/07\/luciano-2-1.png\" alt=\"\" data-id=\"1533\" data-link=\"https:\/\/mapadadiversidade.com.br\/ipatinga\/?attachment_id=1533\" class=\"wp-image-1533\" srcset=\"https:\/\/mapadadiversidade.com.br\/ipatinga\/wp-content\/uploads\/2019\/07\/luciano-2-1.png 835w, https:\/\/mapadadiversidade.com.br\/ipatinga\/wp-content\/uploads\/2019\/07\/luciano-2-1-300x199.png 300w, https:\/\/mapadadiversidade.com.br\/ipatinga\/wp-content\/uploads\/2019\/07\/luciano-2-1-768x510.png 768w\" sizes=\"auto, (max-width: 835px) 100vw, 835px\" \/><\/figure><\/li><li class=\"blocks-gallery-item\"><figure><img loading=\"lazy\" decoding=\"async\" width=\"960\" height=\"639\" src=\"https:\/\/mapadadiversidade.com.br\/ipatinga\/wp-content\/uploads\/2019\/07\/Os-tr\u00eas-porquinhos-2019-1.jpg\" alt=\"\" data-id=\"1534\" data-link=\"https:\/\/mapadadiversidade.com.br\/ipatinga\/?attachment_id=1534\" class=\"wp-image-1534\" srcset=\"https:\/\/mapadadiversidade.com.br\/ipatinga\/wp-content\/uploads\/2019\/07\/Os-tr\u00eas-porquinhos-2019-1.jpg 960w, https:\/\/mapadadiversidade.com.br\/ipatinga\/wp-content\/uploads\/2019\/07\/Os-tr\u00eas-porquinhos-2019-1-300x200.jpg 300w, https:\/\/mapadadiversidade.com.br\/ipatinga\/wp-content\/uploads\/2019\/07\/Os-tr\u00eas-porquinhos-2019-1-768x511.jpg 768w\" sizes=\"auto, (max-width: 960px) 100vw, 960px\" \/><\/figure><\/li><\/ul>\n","protected":false},"excerpt":{"rendered":"<p>Exer\u00e7o a fun\u00e7\u00e3o de Atriz em alguns grupos do Vale do A\u00e7o, e tamb\u00e9m auxilio na produ\u00e7\u00e3o, opera\u00e7\u00e3o de som e luz em espet\u00e1culos e interven\u00e7\u00f5es culturais. Ainda, dentro do \u00e2mbito de interven\u00e7\u00f5es e esquetes, apresento para empresas, escolas e universidades<\/p>\n","protected":false},"author":3,"featured_media":1531,"comment_status":"open","ping_status":"open","sticky":false,"template":"","format":"standard","meta":{"footnotes":""},"categories":[1,4,13],"tags":[33,155,156,154,47,118],"class_list":["post-1520","post","type-post","status-publish","format-standard","has-post-thumbnail","hentry","category-ipatinga","category-linguagem-artisticas","category-teatro","tag-arte-educador","tag-atriz","tag-producao-de-som-e-luz","tag-publicidade-e-propaganda","tag-teatro","tag-teatro-infantil","item-wrap"],"_links":{"self":[{"href":"https:\/\/mapadadiversidade.com.br\/ipatinga\/wp-json\/wp\/v2\/posts\/1520","targetHints":{"allow":["GET"]}}],"collection":[{"href":"https:\/\/mapadadiversidade.com.br\/ipatinga\/wp-json\/wp\/v2\/posts"}],"about":[{"href":"https:\/\/mapadadiversidade.com.br\/ipatinga\/wp-json\/wp\/v2\/types\/post"}],"author":[{"embeddable":true,"href":"https:\/\/mapadadiversidade.com.br\/ipatinga\/wp-json\/wp\/v2\/users\/3"}],"replies":[{"embeddable":true,"href":"https:\/\/mapadadiversidade.com.br\/ipatinga\/wp-json\/wp\/v2\/comments?post=1520"}],"version-history":[{"count":7,"href":"https:\/\/mapadadiversidade.com.br\/ipatinga\/wp-json\/wp\/v2\/posts\/1520\/revisions"}],"predecessor-version":[{"id":1832,"href":"https:\/\/mapadadiversidade.com.br\/ipatinga\/wp-json\/wp\/v2\/posts\/1520\/revisions\/1832"}],"wp:featuredmedia":[{"embeddable":true,"href":"https:\/\/mapadadiversidade.com.br\/ipatinga\/wp-json\/wp\/v2\/media\/1531"}],"wp:attachment":[{"href":"https:\/\/mapadadiversidade.com.br\/ipatinga\/wp-json\/wp\/v2\/media?parent=1520"}],"wp:term":[{"taxonomy":"category","embeddable":true,"href":"https:\/\/mapadadiversidade.com.br\/ipatinga\/wp-json\/wp\/v2\/categories?post=1520"},{"taxonomy":"post_tag","embeddable":true,"href":"https:\/\/mapadadiversidade.com.br\/ipatinga\/wp-json\/wp\/v2\/tags?post=1520"}],"curies":[{"name":"wp","href":"https:\/\/api.w.org\/{rel}","templated":true}]}}