{"id":158,"date":"2019-07-02T11:51:32","date_gmt":"2019-07-02T14:51:32","guid":{"rendered":"https:\/\/mapadadiversidade.com.br\/ipatinga\/?p=158"},"modified":"2019-07-09T15:53:17","modified_gmt":"2019-07-09T18:53:17","slug":"casa-amarela","status":"publish","type":"post","link":"https:\/\/mapadadiversidade.com.br\/ipatinga\/casa-amarela\/","title":{"rendered":"Casa Amarela"},"content":{"rendered":"\n<p>Projeto de Danielle Rezende Magalh\u00e3es- Arquiteta e Urbanista com produ\u00e7\u00e3o direcionada ao design e projetos sociais.<\/p>\n\n\n\n<p>Linguagens Art\u00edsticas <\/p>\n\n\n\n<p>Atividade secund\u00e1ria: Equipamentos e espa\u00e7os<\/p>\n\n\n\n<p>Hist\u00f3rico: Danielle iniciou sua trajet\u00f3ria profissional no campo art\u00edstico e cultural ap\u00f3s a conclus\u00e3o do curso de arquitetura e urbanismo. Teve viv\u00eancia com moda e design em Londres. O que lhe deu suporte para o caminho da estamparia e produ\u00e7\u00e3o de pe\u00e7as.Iniciou sua trajet\u00f3ria no meio acad\u00eamico, se tornando professora no curso de arquitetura e urbanismo, onde em paralelo a essas atividades, trabalhou com projetos sociais. Tornou-se mestre em comunica\u00e7\u00e3o e arte em Portugal.Hoje busca atrav\u00e9s da casa amarela criar um ambiente criativo, de interatividade e colaborativo, para promover o desenvolvimento humano. Nesse espa\u00e7o cedido para o crescimento e empoderamento do cidad\u00e3o existem 3 pilares fundamentais:&nbsp; colabora\u00e7\u00e3o, coopera\u00e7\u00e3o e cria\u00e7\u00e3o. Hoje, o que move Danielle \u00e9 o amor.<\/p>\n\n\n\n<p><strong>Email:<\/strong> rezendem@gmail.com<br><strong>Instagram:<\/strong> <a href=\"https:\/\/www.instagram.com\/casaamarela_mg\/\">@casaamarela_mg<\/a><\/p>\n\n\n\n<ul class=\"wp-block-gallery columns-3 is-cropped wp-block-gallery-1 is-layout-flex wp-block-gallery-is-layout-flex\"><li class=\"blocks-gallery-item\"><figure><img loading=\"lazy\" decoding=\"async\" width=\"305\" height=\"235\" src=\"https:\/\/mapadadiversidade.com.br\/ipatinga\/wp-content\/uploads\/2019\/06\/2-2.png\" alt=\"\" data-id=\"165\" data-link=\"https:\/\/mapadadiversidade.com.br\/ipatinga\/?attachment_id=165\" class=\"wp-image-165\" srcset=\"https:\/\/mapadadiversidade.com.br\/ipatinga\/wp-content\/uploads\/2019\/06\/2-2.png 305w, https:\/\/mapadadiversidade.com.br\/ipatinga\/wp-content\/uploads\/2019\/06\/2-2-300x231.png 300w\" sizes=\"auto, (max-width: 305px) 100vw, 305px\" \/><\/figure><\/li><li class=\"blocks-gallery-item\"><figure><img loading=\"lazy\" decoding=\"async\" width=\"309\" height=\"554\" src=\"https:\/\/mapadadiversidade.com.br\/ipatinga\/wp-content\/uploads\/2019\/06\/3-1.png\" alt=\"\" data-id=\"166\" data-link=\"https:\/\/mapadadiversidade.com.br\/ipatinga\/?attachment_id=166\" class=\"wp-image-166\" srcset=\"https:\/\/mapadadiversidade.com.br\/ipatinga\/wp-content\/uploads\/2019\/06\/3-1.png 309w, https:\/\/mapadadiversidade.com.br\/ipatinga\/wp-content\/uploads\/2019\/06\/3-1-167x300.png 167w\" sizes=\"auto, (max-width: 309px) 100vw, 309px\" \/><\/figure><\/li><li class=\"blocks-gallery-item\"><figure><img loading=\"lazy\" decoding=\"async\" width=\"309\" height=\"542\" src=\"https:\/\/mapadadiversidade.com.br\/ipatinga\/wp-content\/uploads\/2019\/06\/6.png\" alt=\"\" data-id=\"167\" data-link=\"https:\/\/mapadadiversidade.com.br\/ipatinga\/?attachment_id=167\" class=\"wp-image-167\" srcset=\"https:\/\/mapadadiversidade.com.br\/ipatinga\/wp-content\/uploads\/2019\/06\/6.png 309w, https:\/\/mapadadiversidade.com.br\/ipatinga\/wp-content\/uploads\/2019\/06\/6-171x300.png 171w\" sizes=\"auto, (max-width: 309px) 100vw, 309px\" \/><\/figure><\/li><li class=\"blocks-gallery-item\"><figure><img loading=\"lazy\" decoding=\"async\" width=\"304\" height=\"549\" src=\"https:\/\/mapadadiversidade.com.br\/ipatinga\/wp-content\/uploads\/2019\/06\/7.png\" alt=\"\" data-id=\"168\" data-link=\"https:\/\/mapadadiversidade.com.br\/ipatinga\/?attachment_id=168\" class=\"wp-image-168\" srcset=\"https:\/\/mapadadiversidade.com.br\/ipatinga\/wp-content\/uploads\/2019\/06\/7.png 304w, https:\/\/mapadadiversidade.com.br\/ipatinga\/wp-content\/uploads\/2019\/06\/7-166x300.png 166w\" sizes=\"auto, (max-width: 304px) 100vw, 304px\" \/><\/figure><\/li><li class=\"blocks-gallery-item\"><figure><img loading=\"lazy\" decoding=\"async\" width=\"306\" height=\"550\" src=\"https:\/\/mapadadiversidade.com.br\/ipatinga\/wp-content\/uploads\/2019\/06\/8.png\" alt=\"\" data-id=\"169\" data-link=\"https:\/\/mapadadiversidade.com.br\/ipatinga\/?attachment_id=169\" class=\"wp-image-169\" srcset=\"https:\/\/mapadadiversidade.com.br\/ipatinga\/wp-content\/uploads\/2019\/06\/8.png 306w, https:\/\/mapadadiversidade.com.br\/ipatinga\/wp-content\/uploads\/2019\/06\/8-167x300.png 167w\" sizes=\"auto, (max-width: 306px) 100vw, 306px\" \/><\/figure><\/li><li class=\"blocks-gallery-item\"><figure><img loading=\"lazy\" decoding=\"async\" width=\"305\" height=\"543\" src=\"https:\/\/mapadadiversidade.com.br\/ipatinga\/wp-content\/uploads\/2019\/06\/9.png\" alt=\"\" data-id=\"170\" data-link=\"https:\/\/mapadadiversidade.com.br\/ipatinga\/?attachment_id=170\" class=\"wp-image-170\" srcset=\"https:\/\/mapadadiversidade.com.br\/ipatinga\/wp-content\/uploads\/2019\/06\/9.png 305w, https:\/\/mapadadiversidade.com.br\/ipatinga\/wp-content\/uploads\/2019\/06\/9-169x300.png 169w\" sizes=\"auto, (max-width: 305px) 100vw, 305px\" \/><\/figure><\/li><li class=\"blocks-gallery-item\"><figure><img loading=\"lazy\" decoding=\"async\" width=\"543\" height=\"307\" src=\"https:\/\/mapadadiversidade.com.br\/ipatinga\/wp-content\/uploads\/2019\/06\/12.png\" alt=\"\" data-id=\"171\" data-link=\"https:\/\/mapadadiversidade.com.br\/ipatinga\/?attachment_id=171\" class=\"wp-image-171\" srcset=\"https:\/\/mapadadiversidade.com.br\/ipatinga\/wp-content\/uploads\/2019\/06\/12.png 543w, https:\/\/mapadadiversidade.com.br\/ipatinga\/wp-content\/uploads\/2019\/06\/12-300x170.png 300w\" sizes=\"auto, (max-width: 543px) 100vw, 543px\" \/><\/figure><\/li><li class=\"blocks-gallery-item\"><figure><img loading=\"lazy\" decoding=\"async\" width=\"545\" height=\"305\" src=\"https:\/\/mapadadiversidade.com.br\/ipatinga\/wp-content\/uploads\/2019\/06\/13.png\" alt=\"\" data-id=\"172\" data-link=\"https:\/\/mapadadiversidade.com.br\/ipatinga\/?attachment_id=172\" class=\"wp-image-172\" srcset=\"https:\/\/mapadadiversidade.com.br\/ipatinga\/wp-content\/uploads\/2019\/06\/13.png 545w, https:\/\/mapadadiversidade.com.br\/ipatinga\/wp-content\/uploads\/2019\/06\/13-300x168.png 300w\" sizes=\"auto, (max-width: 545px) 100vw, 545px\" \/><\/figure><\/li><li class=\"blocks-gallery-item\"><figure><img loading=\"lazy\" decoding=\"async\" width=\"305\" height=\"547\" src=\"https:\/\/mapadadiversidade.com.br\/ipatinga\/wp-content\/uploads\/2019\/06\/16.png\" alt=\"\" data-id=\"173\" data-link=\"https:\/\/mapadadiversidade.com.br\/ipatinga\/?attachment_id=173\" class=\"wp-image-173\" srcset=\"https:\/\/mapadadiversidade.com.br\/ipatinga\/wp-content\/uploads\/2019\/06\/16.png 305w, https:\/\/mapadadiversidade.com.br\/ipatinga\/wp-content\/uploads\/2019\/06\/16-167x300.png 167w\" sizes=\"auto, (max-width: 305px) 100vw, 305px\" \/><\/figure><\/li><\/ul>\n\n\n\n<p><\/p>\n","protected":false},"excerpt":{"rendered":"<p>Projeto de Danielle Rezende Magalh\u00e3es- Arquiteta e Urbanista com produ\u00e7\u00e3o direcionada ao design e projetos sociais.<\/p>\n","protected":false},"author":8,"featured_media":169,"comment_status":"open","ping_status":"open","sticky":false,"template":"","format":"standard","meta":{"footnotes":""},"categories":[1,21,4],"tags":[36],"class_list":["post-158","post","type-post","status-publish","format-standard","has-post-thumbnail","hentry","category-ipatinga","category-_regiao-metropolitana-do-vale-do-aco","category-linguagem-artisticas","tag-arquitetura","item-wrap"],"_links":{"self":[{"href":"https:\/\/mapadadiversidade.com.br\/ipatinga\/wp-json\/wp\/v2\/posts\/158","targetHints":{"allow":["GET"]}}],"collection":[{"href":"https:\/\/mapadadiversidade.com.br\/ipatinga\/wp-json\/wp\/v2\/posts"}],"about":[{"href":"https:\/\/mapadadiversidade.com.br\/ipatinga\/wp-json\/wp\/v2\/types\/post"}],"author":[{"embeddable":true,"href":"https:\/\/mapadadiversidade.com.br\/ipatinga\/wp-json\/wp\/v2\/users\/8"}],"replies":[{"embeddable":true,"href":"https:\/\/mapadadiversidade.com.br\/ipatinga\/wp-json\/wp\/v2\/comments?post=158"}],"version-history":[{"count":4,"href":"https:\/\/mapadadiversidade.com.br\/ipatinga\/wp-json\/wp\/v2\/posts\/158\/revisions"}],"predecessor-version":[{"id":1980,"href":"https:\/\/mapadadiversidade.com.br\/ipatinga\/wp-json\/wp\/v2\/posts\/158\/revisions\/1980"}],"wp:featuredmedia":[{"embeddable":true,"href":"https:\/\/mapadadiversidade.com.br\/ipatinga\/wp-json\/wp\/v2\/media\/169"}],"wp:attachment":[{"href":"https:\/\/mapadadiversidade.com.br\/ipatinga\/wp-json\/wp\/v2\/media?parent=158"}],"wp:term":[{"taxonomy":"category","embeddable":true,"href":"https:\/\/mapadadiversidade.com.br\/ipatinga\/wp-json\/wp\/v2\/categories?post=158"},{"taxonomy":"post_tag","embeddable":true,"href":"https:\/\/mapadadiversidade.com.br\/ipatinga\/wp-json\/wp\/v2\/tags?post=158"}],"curies":[{"name":"wp","href":"https:\/\/api.w.org\/{rel}","templated":true}]}}