{"id":161,"date":"2019-06-02T12:21:21","date_gmt":"2019-06-02T15:21:21","guid":{"rendered":"https:\/\/mapadadiversidade.com.br\/ipatinga\/?p=161"},"modified":"2019-07-09T21:35:45","modified_gmt":"2019-07-10T00:35:45","slug":"luciano-botelho-hibridus-danca","status":"publish","type":"post","link":"https:\/\/mapadadiversidade.com.br\/ipatinga\/luciano-botelho-hibridus-danca\/","title":{"rendered":"Luciano Botelho \/ Hibridus Dan\u00e7a"},"content":{"rendered":"\n<p>Artista da Dan\u00e7a, produtor, gestor cultural, coordenador art\u00edstico e de comunica\u00e7\u00e3o do Hibridus Dan\u00e7a. Produtor do ENARTCi &#8211; Encontro de Dan\u00e7a Contempor\u00e2nea de Ipatinga desde 2003. <\/p>\n\n\n\n<p>Linguagens Art\u00edsticas<br>Dan\u00e7a<\/p>\n\n\n\n<p>Hist\u00f3rico de atua\u00e7\u00e3o: Atua na \u00e1rea cultural desde 1995, participou do curso de inicia\u00e7\u00e3o teatral na Escola Municipal de Artes C\u00eanicas Ant\u00f4nio Roberto Guarnieri. Participou do GRUCON &#8211; Grupo de Uni\u00e3o e Consci\u00eancia Negra de Ipatinga. Um dos fundadores do Hibridus Dan\u00e7a. <\/p>\n\n\n\n<p>Telefone: (31) 98662-4207<br>E-mail: luubotelho@gmail.com<br>Facebook: <a href=\"https:\/\/www.facebook.com\/luciano.g.botelho\">luciano.g.botelho<\/a><br>Instagram:  <a href=\"https:\/\/www.instagram.com\/lucaoluciano\/?hl=pt-br\">@lucaoluciano<\/a> <\/p>\n\n\n\n<figure class=\"wp-block-embed-youtube wp-block-embed is-type-video is-provider-youtube wp-embed-aspect-16-9 wp-has-aspect-ratio\"><div class=\"wp-block-embed__wrapper\">\n<iframe loading=\"lazy\" title=\"IMG 5124\" width=\"944\" height=\"531\" src=\"https:\/\/www.youtube.com\/embed\/AKMWiuQfzg4?feature=oembed\" frameborder=\"0\" allow=\"accelerometer; autoplay; encrypted-media; gyroscope; picture-in-picture\" allowfullscreen><\/iframe>\n<\/div><\/figure>\n\n\n\n<ul class=\"wp-block-gallery columns-2 is-cropped wp-block-gallery-1 is-layout-flex wp-block-gallery-is-layout-flex\"><li class=\"blocks-gallery-item\"><figure><img loading=\"lazy\" decoding=\"async\" width=\"768\" height=\"1024\" src=\"https:\/\/mapadadiversidade.com.br\/ipatinga\/wp-content\/uploads\/2019\/06\/78d8a1cc-d024-4b61-b579-ed07ea6987a9-768x1024.jpg\" alt=\"\" data-id=\"179\" data-link=\"https:\/\/mapadadiversidade.com.br\/ipatinga\/?attachment_id=179\" class=\"wp-image-179\" srcset=\"https:\/\/mapadadiversidade.com.br\/ipatinga\/wp-content\/uploads\/2019\/06\/78d8a1cc-d024-4b61-b579-ed07ea6987a9.jpg 768w, https:\/\/mapadadiversidade.com.br\/ipatinga\/wp-content\/uploads\/2019\/06\/78d8a1cc-d024-4b61-b579-ed07ea6987a9-225x300.jpg 225w\" sizes=\"auto, (max-width: 768px) 100vw, 768px\" \/><\/figure><\/li><li class=\"blocks-gallery-item\"><figure><img loading=\"lazy\" decoding=\"async\" width=\"768\" height=\"1024\" src=\"https:\/\/mapadadiversidade.com.br\/ipatinga\/wp-content\/uploads\/2019\/06\/c7cf1ef8-9087-48c3-ba65-9e6e641cf2cf-768x1024.jpg\" alt=\"\" data-id=\"180\" data-link=\"https:\/\/mapadadiversidade.com.br\/ipatinga\/?attachment_id=180\" class=\"wp-image-180\" srcset=\"https:\/\/mapadadiversidade.com.br\/ipatinga\/wp-content\/uploads\/2019\/06\/c7cf1ef8-9087-48c3-ba65-9e6e641cf2cf-768x1024.jpg 768w, https:\/\/mapadadiversidade.com.br\/ipatinga\/wp-content\/uploads\/2019\/06\/c7cf1ef8-9087-48c3-ba65-9e6e641cf2cf-225x300.jpg 225w, https:\/\/mapadadiversidade.com.br\/ipatinga\/wp-content\/uploads\/2019\/06\/c7cf1ef8-9087-48c3-ba65-9e6e641cf2cf.jpg 960w\" sizes=\"auto, (max-width: 768px) 100vw, 768px\" \/><\/figure><\/li><li class=\"blocks-gallery-item\"><figure><img loading=\"lazy\" decoding=\"async\" width=\"650\" height=\"960\" src=\"https:\/\/mapadadiversidade.com.br\/ipatinga\/wp-content\/uploads\/2019\/06\/20915621_1234226426722765_2005806077706475059_n.jpg\" alt=\"\" data-id=\"184\" data-link=\"https:\/\/mapadadiversidade.com.br\/ipatinga\/?attachment_id=184\" class=\"wp-image-184\" srcset=\"https:\/\/mapadadiversidade.com.br\/ipatinga\/wp-content\/uploads\/2019\/06\/20915621_1234226426722765_2005806077706475059_n.jpg 650w, https:\/\/mapadadiversidade.com.br\/ipatinga\/wp-content\/uploads\/2019\/06\/20915621_1234226426722765_2005806077706475059_n-203x300.jpg 203w\" sizes=\"auto, (max-width: 650px) 100vw, 650px\" \/><\/figure><\/li><li class=\"blocks-gallery-item\"><figure><img loading=\"lazy\" decoding=\"async\" width=\"822\" height=\"530\" src=\"https:\/\/mapadadiversidade.com.br\/ipatinga\/wp-content\/uploads\/2019\/06\/20293053_1212226818922726_3596288378767830472_n.png\" alt=\"\" data-id=\"183\" data-link=\"https:\/\/mapadadiversidade.com.br\/ipatinga\/?attachment_id=183\" class=\"wp-image-183\" srcset=\"https:\/\/mapadadiversidade.com.br\/ipatinga\/wp-content\/uploads\/2019\/06\/20293053_1212226818922726_3596288378767830472_n.png 822w, https:\/\/mapadadiversidade.com.br\/ipatinga\/wp-content\/uploads\/2019\/06\/20293053_1212226818922726_3596288378767830472_n-300x193.png 300w, https:\/\/mapadadiversidade.com.br\/ipatinga\/wp-content\/uploads\/2019\/06\/20293053_1212226818922726_3596288378767830472_n-768x495.png 768w\" sizes=\"auto, (max-width: 822px) 100vw, 822px\" \/><\/figure><\/li><li class=\"blocks-gallery-item\"><figure><img loading=\"lazy\" decoding=\"async\" width=\"835\" height=\"555\" src=\"https:\/\/mapadadiversidade.com.br\/ipatinga\/wp-content\/uploads\/2019\/06\/20246384_1212227038922704_4694724650759420764_n.png\" alt=\"\" data-id=\"182\" data-link=\"https:\/\/mapadadiversidade.com.br\/ipatinga\/?attachment_id=182\" class=\"wp-image-182\" srcset=\"https:\/\/mapadadiversidade.com.br\/ipatinga\/wp-content\/uploads\/2019\/06\/20246384_1212227038922704_4694724650759420764_n.png 835w, https:\/\/mapadadiversidade.com.br\/ipatinga\/wp-content\/uploads\/2019\/06\/20246384_1212227038922704_4694724650759420764_n-300x199.png 300w, https:\/\/mapadadiversidade.com.br\/ipatinga\/wp-content\/uploads\/2019\/06\/20246384_1212227038922704_4694724650759420764_n-768x510.png 768w\" sizes=\"auto, (max-width: 835px) 100vw, 835px\" \/><\/figure><\/li><\/ul>\n","protected":false},"excerpt":{"rendered":"<p>Artista da Dan\u00e7a, produtor, gestor cultural, coordenador art\u00edstico e de comunica\u00e7\u00e3o do Hibridus Dan\u00e7a. Produtor do ENARTCi &#8211; Encontro de Dan\u00e7a Contempor\u00e2nea de Ipatinga desde 2003. <\/p>\n","protected":false},"author":7,"featured_media":179,"comment_status":"open","ping_status":"open","sticky":false,"template":"","format":"standard","meta":{"footnotes":""},"categories":[1,27,4],"tags":[71],"class_list":["post-161","post","type-post","status-publish","format-standard","has-post-thumbnail","hentry","category-ipatinga","category-danca","category-linguagem-artisticas","tag-danca","item-wrap"],"_links":{"self":[{"href":"https:\/\/mapadadiversidade.com.br\/ipatinga\/wp-json\/wp\/v2\/posts\/161","targetHints":{"allow":["GET"]}}],"collection":[{"href":"https:\/\/mapadadiversidade.com.br\/ipatinga\/wp-json\/wp\/v2\/posts"}],"about":[{"href":"https:\/\/mapadadiversidade.com.br\/ipatinga\/wp-json\/wp\/v2\/types\/post"}],"author":[{"embeddable":true,"href":"https:\/\/mapadadiversidade.com.br\/ipatinga\/wp-json\/wp\/v2\/users\/7"}],"replies":[{"embeddable":true,"href":"https:\/\/mapadadiversidade.com.br\/ipatinga\/wp-json\/wp\/v2\/comments?post=161"}],"version-history":[{"count":7,"href":"https:\/\/mapadadiversidade.com.br\/ipatinga\/wp-json\/wp\/v2\/posts\/161\/revisions"}],"predecessor-version":[{"id":1974,"href":"https:\/\/mapadadiversidade.com.br\/ipatinga\/wp-json\/wp\/v2\/posts\/161\/revisions\/1974"}],"wp:featuredmedia":[{"embeddable":true,"href":"https:\/\/mapadadiversidade.com.br\/ipatinga\/wp-json\/wp\/v2\/media\/179"}],"wp:attachment":[{"href":"https:\/\/mapadadiversidade.com.br\/ipatinga\/wp-json\/wp\/v2\/media?parent=161"}],"wp:term":[{"taxonomy":"category","embeddable":true,"href":"https:\/\/mapadadiversidade.com.br\/ipatinga\/wp-json\/wp\/v2\/categories?post=161"},{"taxonomy":"post_tag","embeddable":true,"href":"https:\/\/mapadadiversidade.com.br\/ipatinga\/wp-json\/wp\/v2\/tags?post=161"}],"curies":[{"name":"wp","href":"https:\/\/api.w.org\/{rel}","templated":true}]}}