{"id":1661,"date":"2019-07-07T12:44:35","date_gmt":"2019-07-07T15:44:35","guid":{"rendered":"https:\/\/mapadadiversidade.com.br\/ipatinga\/?p=1661"},"modified":"2019-07-07T12:44:38","modified_gmt":"2019-07-07T15:44:38","slug":"rafaele-s-ribeiro-percussionista","status":"publish","type":"post","link":"https:\/\/mapadadiversidade.com.br\/ipatinga\/rafaele-s-ribeiro-percussionista\/","title":{"rendered":"Rafaele S. Ribeiro &#8211; percussionista"},"content":{"rendered":"\n<p>Linguagens Art\u00edsticas<\/p>\n\n\n\n<p><strong>Hist\u00f3rico:<br><\/strong>Rafaela iniciou sua trajet\u00f3ria no campo cultural aos 12 anos, atrav\u00e9s do programa de educa\u00e7\u00e3o de Tempo Integral em Coronel Fabriciano.<br>Percebendo que seu desempenho na m\u00fasica era acima da m\u00e9dia, os professores ofereceram uma bolsa de estudos na Escola De Educa\u00e7\u00e3o Musical Mozart, na qual ela estudou dos 16 aos 18 anos.<br>Logo ap\u00f3s a conclus\u00e3o do curso, aos 18 anos, ela foi convidada a se tornar professora no programa de Tempo Integral, o mesmo onde iniciou sua trajet\u00f3ria.<br>Hoje, ela ensina viol\u00e3o, flauta e tem especialidade em percuss\u00e3o.<br><\/p>\n\n\n\n<p><strong>E-mail: <\/strong>rafaelasantos1956@hotmail.com<br><strong>Facebook: <\/strong><a href=\"https:\/\/www.facebook.com\/rafaele.santos.98\">Rafaele Santos<\/a><br><strong>Instagram:<\/strong> <a href=\"https:\/\/www.instagram.com\/rafaele.santos.98\/\">Rafaela Santos<\/a><br><\/p>\n\n\n\n<figure><iframe loading=\"lazy\" width=\"560\" height=\"315\" src=\"https:\/\/www.youtube.com\/embed\/Duq1_VBo7pQ\" allowfullscreen=\"\"><\/iframe><\/figure>\n\n\n\n<figure><iframe loading=\"lazy\" width=\"560\" height=\"315\" src=\"https:\/\/www.youtube.com\/embed\/MTvAj_hxX64\" allowfullscreen=\"\"><\/iframe><\/figure>\n\n\n\n<p>. <\/p>\n\n\n\n<ul class=\"wp-block-gallery columns-1 is-cropped wp-block-gallery-1 is-layout-flex wp-block-gallery-is-layout-flex\"><li class=\"blocks-gallery-item\"><figure><img loading=\"lazy\" decoding=\"async\" width=\"1024\" height=\"768\" src=\"https:\/\/mapadadiversidade.com.br\/ipatinga\/wp-content\/uploads\/2019\/07\/19339fee-c09f-4763-8be9-c7320f50f3d9-1024x768.jpg\" alt=\"\" data-id=\"1670\" data-link=\"https:\/\/mapadadiversidade.com.br\/ipatinga\/?attachment_id=1670\" class=\"wp-image-1670\" srcset=\"https:\/\/mapadadiversidade.com.br\/ipatinga\/wp-content\/uploads\/2019\/07\/19339fee-c09f-4763-8be9-c7320f50f3d9-1024x768.jpg 1024w, https:\/\/mapadadiversidade.com.br\/ipatinga\/wp-content\/uploads\/2019\/07\/19339fee-c09f-4763-8be9-c7320f50f3d9-300x225.jpg 300w, https:\/\/mapadadiversidade.com.br\/ipatinga\/wp-content\/uploads\/2019\/07\/19339fee-c09f-4763-8be9-c7320f50f3d9-768x576.jpg 768w, https:\/\/mapadadiversidade.com.br\/ipatinga\/wp-content\/uploads\/2019\/07\/19339fee-c09f-4763-8be9-c7320f50f3d9.jpg 1040w\" sizes=\"auto, (max-width: 1024px) 100vw, 1024px\" \/><\/figure><\/li><\/ul>\n\n\n\n<p> <\/p>\n","protected":false},"excerpt":{"rendered":"<p>Atua como educadora, atrav\u00e9s da m\u00fasica (percussionista) nas escolas da Rede Municipal de Coronel Fabriciano &#8211; Tempo Integral<\/p>\n","protected":false},"author":8,"featured_media":1670,"comment_status":"open","ping_status":"open","sticky":false,"template":"","format":"standard","meta":{"footnotes":""},"categories":[21,5,4,12],"tags":[92,188],"class_list":["post-1661","post","type-post","status-publish","format-standard","has-post-thumbnail","hentry","category-_regiao-metropolitana-do-vale-do-aco","category-arte-educador-educador-social","category-linguagem-artisticas","category-musica","tag-musica","tag-percussao","item-wrap"],"_links":{"self":[{"href":"https:\/\/mapadadiversidade.com.br\/ipatinga\/wp-json\/wp\/v2\/posts\/1661","targetHints":{"allow":["GET"]}}],"collection":[{"href":"https:\/\/mapadadiversidade.com.br\/ipatinga\/wp-json\/wp\/v2\/posts"}],"about":[{"href":"https:\/\/mapadadiversidade.com.br\/ipatinga\/wp-json\/wp\/v2\/types\/post"}],"author":[{"embeddable":true,"href":"https:\/\/mapadadiversidade.com.br\/ipatinga\/wp-json\/wp\/v2\/users\/8"}],"replies":[{"embeddable":true,"href":"https:\/\/mapadadiversidade.com.br\/ipatinga\/wp-json\/wp\/v2\/comments?post=1661"}],"version-history":[{"count":1,"href":"https:\/\/mapadadiversidade.com.br\/ipatinga\/wp-json\/wp\/v2\/posts\/1661\/revisions"}],"predecessor-version":[{"id":1673,"href":"https:\/\/mapadadiversidade.com.br\/ipatinga\/wp-json\/wp\/v2\/posts\/1661\/revisions\/1673"}],"wp:featuredmedia":[{"embeddable":true,"href":"https:\/\/mapadadiversidade.com.br\/ipatinga\/wp-json\/wp\/v2\/media\/1670"}],"wp:attachment":[{"href":"https:\/\/mapadadiversidade.com.br\/ipatinga\/wp-json\/wp\/v2\/media?parent=1661"}],"wp:term":[{"taxonomy":"category","embeddable":true,"href":"https:\/\/mapadadiversidade.com.br\/ipatinga\/wp-json\/wp\/v2\/categories?post=1661"},{"taxonomy":"post_tag","embeddable":true,"href":"https:\/\/mapadadiversidade.com.br\/ipatinga\/wp-json\/wp\/v2\/tags?post=1661"}],"curies":[{"name":"wp","href":"https:\/\/api.w.org\/{rel}","templated":true}]}}