{"id":1677,"date":"2019-07-07T13:41:59","date_gmt":"2019-07-07T16:41:59","guid":{"rendered":"https:\/\/mapadadiversidade.com.br\/ipatinga\/?p=1677"},"modified":"2023-04-26T21:45:19","modified_gmt":"2023-04-27T00:45:19","slug":"isaque-filipe-da-silva-danca","status":"publish","type":"post","link":"https:\/\/mapadadiversidade.com.br\/ipatinga\/isaque-filipe-da-silva-danca\/","title":{"rendered":"Isaque Filipe da Silva  &#8211; Dan\u00e7a"},"content":{"rendered":"\n<p>Linguagens Art\u00edsticas<\/p>\n\n\n\n<p><strong>Hist\u00f3rico:<br><\/strong>Isaque iniciou sua trajet\u00f3ria no campo cultural atrav\u00e9s da capoeira, aos 5 anos de idade. Por indisciplina e imaturidade foi obrigado a se afastar da pr\u00e1tica.<a href=\"https:\/\/www.hallelujahyachtcruises.com\/\"><strong>holdbarhet nespresso kapsler<\/strong><\/a><br><a href=\"https:\/\/www.bastaloparskorna.com\/\"><strong>vinglas boda nova<\/strong><\/a><br><a href=\"https:\/\/www.kepezbutikhotel.net\/\"><strong>qatar airways handgep\u00e4ck gewicht<\/strong><\/a><br><a href=\"https:\/\/www.halepsamikecisi.com\/\"><strong>\u05db\u05d5\u05e8\u05e1\u05d0 \u05d0\u05d2\u05d5\u05e8\u05d4<\/strong><\/a><br><a href=\"https:\/\/www.rockinzero.org\/\"><strong>d\u00e1msk\u00e9 jarni kotn\u00edkov\u00e9 boty tamaris<\/strong><\/a><br><a href=\"https:\/\/www.baby-waage.com\/\"><strong>best apple watch bands for women<\/strong><\/a><br><a href=\"https:\/\/www.rc-mirage.com\/\"><strong>de\u017ena obleka za otroke<\/strong><\/a><br><a href=\"https:\/\/www.fiitgonline.com\/\"><strong>fiitgonline.com<\/strong><\/a><br><a href=\"https:\/\/www.turistblog.ro\/\"><strong>mouse pad tastatura si mouse<\/strong><\/a><br><a href=\"https:\/\/www.tadkwan.com\/\"><strong>presa largit pantofi barbati<\/strong><\/a><br><a href=\"https:\/\/www.naturalresume.com\/\"><strong>k\u00f8b l\u00e6rke bagger strik<\/strong><\/a><br>Aprendeu muito sobre  a import\u00e2ncia da disciplina, respeito e t\u00e9cnicas de coordena\u00e7\u00e3o motora, e viu no break dance uma nova oportunidade, onde continuou a aprender at\u00e9 meados de 2010.<br>Ap\u00f3s um per\u00edodo de pausa, iniciou novamente sua atua\u00e7\u00e3o em 2012, e ap\u00f3s um ano, iniciou seu primeiro est\u00e1gio nas escolas da Rede Municipal, ensinando dan\u00e7a para crian\u00e7as de 6 a 12 anos, em tempo integral. Teve a oportunidade de trabalhar em Tim\u00f3teo e Coronel Fabriciano.<br>Em 2015 o ensino da dan\u00e7a se tornou a principal atua\u00e7\u00e3o de Isaque, e hoje ele ensina a pr\u00e1tica para os alunos do Cocais, na cidade de Coronel Fabriciano.<br>Hoje Isaque tamb\u00e9m aprende e pratica sua arte no DAMA, uma escola de dan\u00e7a, onde formou uma fam\u00edlia.<\/p>\n\n\n\n<p><strong>E-mail:<\/strong> isaquefsilva@gmail.com<br><strong>Facebook:<\/strong> <a href=\"https:\/\/www.facebook.com\/isaque-felipe-da-silva-2005201386395902\/\">Isaque Filipe<\/a><br><strong>Instagram:<\/strong> <a href=\"https:\/\/www.instagram.com\/isaquefsilva_oficial\/\">Isaque Filipe<\/a><\/p>\n\n\n\n<p><\/p>\n\n\n\n<figure><iframe loading=\"lazy\" width=\"560\" height=\"315\" src=\"https:\/\/www.youtube.com\/embed\/uCIO38O8YXc\" allowfullscreen=\"\"><\/iframe><\/figure>\n\n\n\n<figure class=\"wp-block-embed is-type-video is-provider-youtube wp-block-embed-youtube wp-embed-aspect-16-9 wp-has-aspect-ratio\"><div class=\"wp-block-embed__wrapper\">\n<iframe loading=\"lazy\" title=\"Isaque Filipe da Silva - Dan\u00e7a\" width=\"944\" height=\"531\" src=\"https:\/\/www.youtube.com\/embed\/jfAmzTeHn4Y?feature=oembed\" frameborder=\"0\" allow=\"accelerometer; autoplay; clipboard-write; encrypted-media; gyroscope; picture-in-picture; web-share\" allowfullscreen><\/iframe>\n<\/div><\/figure>\n","protected":false},"excerpt":{"rendered":"<p>Atua como educador pelo projeto Mais Educa\u00e7\u00e3o da rede municipal de Coronel Fabriciano, nas escolas do Cocais.<br \/>\nParticipa de Campeonatos e eventos de dan\u00e7a urbana.<\/p>\n","protected":false},"author":8,"featured_media":1678,"comment_status":"open","ping_status":"open","sticky":false,"template":"","format":"standard","meta":{"footnotes":""},"categories":[21,5,27,4],"tags":[71],"class_list":["post-1677","post","type-post","status-publish","format-standard","has-post-thumbnail","hentry","category-_regiao-metropolitana-do-vale-do-aco","category-arte-educador-educador-social","category-danca","category-linguagem-artisticas","tag-danca","item-wrap"],"_links":{"self":[{"href":"https:\/\/mapadadiversidade.com.br\/ipatinga\/wp-json\/wp\/v2\/posts\/1677","targetHints":{"allow":["GET"]}}],"collection":[{"href":"https:\/\/mapadadiversidade.com.br\/ipatinga\/wp-json\/wp\/v2\/posts"}],"about":[{"href":"https:\/\/mapadadiversidade.com.br\/ipatinga\/wp-json\/wp\/v2\/types\/post"}],"author":[{"embeddable":true,"href":"https:\/\/mapadadiversidade.com.br\/ipatinga\/wp-json\/wp\/v2\/users\/8"}],"replies":[{"embeddable":true,"href":"https:\/\/mapadadiversidade.com.br\/ipatinga\/wp-json\/wp\/v2\/comments?post=1677"}],"version-history":[{"count":5,"href":"https:\/\/mapadadiversidade.com.br\/ipatinga\/wp-json\/wp\/v2\/posts\/1677\/revisions"}],"predecessor-version":[{"id":2632,"href":"https:\/\/mapadadiversidade.com.br\/ipatinga\/wp-json\/wp\/v2\/posts\/1677\/revisions\/2632"}],"wp:featuredmedia":[{"embeddable":true,"href":"https:\/\/mapadadiversidade.com.br\/ipatinga\/wp-json\/wp\/v2\/media\/1678"}],"wp:attachment":[{"href":"https:\/\/mapadadiversidade.com.br\/ipatinga\/wp-json\/wp\/v2\/media?parent=1677"}],"wp:term":[{"taxonomy":"category","embeddable":true,"href":"https:\/\/mapadadiversidade.com.br\/ipatinga\/wp-json\/wp\/v2\/categories?post=1677"},{"taxonomy":"post_tag","embeddable":true,"href":"https:\/\/mapadadiversidade.com.br\/ipatinga\/wp-json\/wp\/v2\/tags?post=1677"}],"curies":[{"name":"wp","href":"https:\/\/api.w.org\/{rel}","templated":true}]}}