{"id":1680,"date":"2019-07-07T13:57:12","date_gmt":"2019-07-07T16:57:12","guid":{"rendered":"https:\/\/mapadadiversidade.com.br\/ipatinga\/?p=1680"},"modified":"2024-02-12T14:11:53","modified_gmt":"2024-02-12T17:11:53","slug":"jussara-santos","status":"publish","type":"post","link":"https:\/\/mapadadiversidade.com.br\/ipatinga\/jussara-santos\/","title":{"rendered":"Jussara Santos"},"content":{"rendered":"\n<p>Confec\u00e7\u00e3o de pe\u00e7as decorativas e utilit\u00e1rias no em vidro e tecido, com as t\u00e9cnicas pet aplique.<\/p>\n\n\n\n<p>Artesanato<\/p>\n\n\n\n<p>Telefone: (31) 988969741<\/p>\n\n\n\n<p>Nasceu no munic\u00edpio de Dores de Guanh\u00e3es, chegando em Ipatinga em 1968. Trabalha com artesanato aproximadamente sete anos iniciou sua pr\u00e1tica como terapia. Atualmente trabalha como oficineira voluntaria no grupo de mulheres.&#8221;Tecendo sonhos&#8221; da igreja cat\u00f3lica &#8220;Atos dos Ap\u00f3stolos&#8221;<\/p>\n\n\n\n<figure class=\"wp-block-gallery has-nested-images columns-default is-cropped wp-block-gallery-1 is-layout-flex wp-block-gallery-is-layout-flex\">\n<figure class=\"wp-block-image\"><img loading=\"lazy\" decoding=\"async\" width=\"800\" height=\"450\" data-id=\"1691\" src=\"https:\/\/mapadadiversidade.com.br\/ipatinga\/wp-content\/uploads\/2019\/07\/20190707_104404.jpg\" alt=\"\" class=\"wp-image-1691\" srcset=\"https:\/\/mapadadiversidade.com.br\/ipatinga\/wp-content\/uploads\/2019\/07\/20190707_104404.jpg 800w, https:\/\/mapadadiversidade.com.br\/ipatinga\/wp-content\/uploads\/2019\/07\/20190707_104404-300x169.jpg 300w, https:\/\/mapadadiversidade.com.br\/ipatinga\/wp-content\/uploads\/2019\/07\/20190707_104404-768x432.jpg 768w\" sizes=\"auto, (max-width: 800px) 100vw, 800px\" \/><\/figure>\n\n\n\n<figure class=\"wp-block-image\"><img loading=\"lazy\" decoding=\"async\" width=\"800\" height=\"450\" data-id=\"1692\" src=\"https:\/\/mapadadiversidade.com.br\/ipatinga\/wp-content\/uploads\/2019\/07\/20190707_104414.jpg\" alt=\"\" class=\"wp-image-1692\" srcset=\"https:\/\/mapadadiversidade.com.br\/ipatinga\/wp-content\/uploads\/2019\/07\/20190707_104414.jpg 800w, https:\/\/mapadadiversidade.com.br\/ipatinga\/wp-content\/uploads\/2019\/07\/20190707_104414-300x169.jpg 300w, https:\/\/mapadadiversidade.com.br\/ipatinga\/wp-content\/uploads\/2019\/07\/20190707_104414-768x432.jpg 768w\" sizes=\"auto, (max-width: 800px) 100vw, 800px\" \/><\/figure>\n\n\n\n<figure class=\"wp-block-image\"><img loading=\"lazy\" decoding=\"async\" width=\"800\" height=\"688\" data-id=\"1694\" src=\"https:\/\/mapadadiversidade.com.br\/ipatinga\/wp-content\/uploads\/2019\/07\/20190707_104455.jpg\" alt=\"\" class=\"wp-image-1694\" srcset=\"https:\/\/mapadadiversidade.com.br\/ipatinga\/wp-content\/uploads\/2019\/07\/20190707_104455.jpg 800w, https:\/\/mapadadiversidade.com.br\/ipatinga\/wp-content\/uploads\/2019\/07\/20190707_104455-300x258.jpg 300w, https:\/\/mapadadiversidade.com.br\/ipatinga\/wp-content\/uploads\/2019\/07\/20190707_104455-768x660.jpg 768w\" sizes=\"auto, (max-width: 800px) 100vw, 800px\" \/><\/figure>\n\n\n\n<figure class=\"wp-block-image\"><img loading=\"lazy\" decoding=\"async\" width=\"800\" height=\"450\" data-id=\"1695\" src=\"https:\/\/mapadadiversidade.com.br\/ipatinga\/wp-content\/uploads\/2019\/07\/20190707_104518.jpg\" alt=\"\" class=\"wp-image-1695\" srcset=\"https:\/\/mapadadiversidade.com.br\/ipatinga\/wp-content\/uploads\/2019\/07\/20190707_104518.jpg 800w, https:\/\/mapadadiversidade.com.br\/ipatinga\/wp-content\/uploads\/2019\/07\/20190707_104518-300x169.jpg 300w, https:\/\/mapadadiversidade.com.br\/ipatinga\/wp-content\/uploads\/2019\/07\/20190707_104518-768x432.jpg 768w\" sizes=\"auto, (max-width: 800px) 100vw, 800px\" \/><\/figure>\n<\/figure>\n","protected":false},"excerpt":{"rendered":"<p>Confec\u00e7\u00e3o de pe\u00e7as decorativas e utilit\u00e1rias no em vidro e tecido, com as t\u00e9cnicas pet aplique. Artesanato Telefone: (31) 988969741 Nasceu no munic\u00edpio de Dores de Guanh\u00e3es, chegando em Ipatinga em 1968. Trabalha com artesanato aproximadamente sete anos iniciou sua pr\u00e1tica como terapia. Atualmente trabalha como oficineira voluntaria no grupo de mulheres.&#8221;Tecendo sonhos&#8221; da igreja &hellip; <\/p>\n<p><a class=\"more-link btn\" href=\"https:\/\/mapadadiversidade.com.br\/ipatinga\/jussara-santos\/\">Continue lendo<\/a><\/p>\n","protected":false},"author":12,"featured_media":1694,"comment_status":"open","ping_status":"open","sticky":false,"template":"","format":"standard","meta":{"footnotes":""},"categories":[1,11],"tags":[],"class_list":["post-1680","post","type-post","status-publish","format-standard","has-post-thumbnail","hentry","category-ipatinga","category-artesanato","item-wrap"],"_links":{"self":[{"href":"https:\/\/mapadadiversidade.com.br\/ipatinga\/wp-json\/wp\/v2\/posts\/1680","targetHints":{"allow":["GET"]}}],"collection":[{"href":"https:\/\/mapadadiversidade.com.br\/ipatinga\/wp-json\/wp\/v2\/posts"}],"about":[{"href":"https:\/\/mapadadiversidade.com.br\/ipatinga\/wp-json\/wp\/v2\/types\/post"}],"author":[{"embeddable":true,"href":"https:\/\/mapadadiversidade.com.br\/ipatinga\/wp-json\/wp\/v2\/users\/12"}],"replies":[{"embeddable":true,"href":"https:\/\/mapadadiversidade.com.br\/ipatinga\/wp-json\/wp\/v2\/comments?post=1680"}],"version-history":[{"count":4,"href":"https:\/\/mapadadiversidade.com.br\/ipatinga\/wp-json\/wp\/v2\/posts\/1680\/revisions"}],"predecessor-version":[{"id":2683,"href":"https:\/\/mapadadiversidade.com.br\/ipatinga\/wp-json\/wp\/v2\/posts\/1680\/revisions\/2683"}],"wp:featuredmedia":[{"embeddable":true,"href":"https:\/\/mapadadiversidade.com.br\/ipatinga\/wp-json\/wp\/v2\/media\/1694"}],"wp:attachment":[{"href":"https:\/\/mapadadiversidade.com.br\/ipatinga\/wp-json\/wp\/v2\/media?parent=1680"}],"wp:term":[{"taxonomy":"category","embeddable":true,"href":"https:\/\/mapadadiversidade.com.br\/ipatinga\/wp-json\/wp\/v2\/categories?post=1680"},{"taxonomy":"post_tag","embeddable":true,"href":"https:\/\/mapadadiversidade.com.br\/ipatinga\/wp-json\/wp\/v2\/tags?post=1680"}],"curies":[{"name":"wp","href":"https:\/\/api.w.org\/{rel}","templated":true}]}}