{"id":175,"date":"2019-06-02T12:05:34","date_gmt":"2019-06-02T15:05:34","guid":{"rendered":"https:\/\/mapadadiversidade.com.br\/ipatinga\/?p=175"},"modified":"2019-07-11T16:30:43","modified_gmt":"2019-07-11T19:30:43","slug":"samela-moreira","status":"publish","type":"post","link":"https:\/\/mapadadiversidade.com.br\/ipatinga\/samela-moreira\/","title":{"rendered":"S\u00e3mela Moreira"},"content":{"rendered":"\n<p>Atua como artista pl\u00e1stica<\/p>\n\n\n\n<p>Linguagens art\u00edsticas: Artes Pl\u00e1sticas<\/p>\n\n\n\n<p>Atua\u00e7\u00e3o secundaria: Arquiteta e Urbanista  <\/p>\n\n\n\n<p>Hist\u00f3rico: Iniciou seu trabalho ainda enquanto cursava Arquitetura e Urbanismo com pinturas em superf\u00edcies pequenas de porcelana, hoje atua em varias bases que v\u00e3o desde madeira a murais.  Suas obras representam principalmente o corpo feminino e a natureza. <\/p>\n\n\n\n<p>Telefone: (31) 98516-6826<br>E-mail: samelapaula@gmail.com<br>Instagram: <a href=\"https:\/\/www.instagram.com\/samelamoreirailustracoes\/\">@samelamoreirailustracoes<\/a><br>Facebook: <a href=\"https:\/\/www.facebook.com\/SamelaMoreiraIlustracoes\/\">S\u00e3mela Moreira Ilustra\u00e7\u00f5es<\/a><\/p>\n\n\n\n<figure class=\"wp-block-embed-youtube wp-block-embed is-type-video is-provider-youtube wp-embed-aspect-16-9 wp-has-aspect-ratio\"><div class=\"wp-block-embed__wrapper\">\n<iframe loading=\"lazy\" title=\"S\u00e3mela Moreira\" width=\"944\" height=\"531\" src=\"https:\/\/www.youtube.com\/embed\/KZOPcCF-Ax8?start=100&#038;feature=oembed\" frameborder=\"0\" allow=\"accelerometer; autoplay; encrypted-media; gyroscope; picture-in-picture\" allowfullscreen><\/iframe>\n<\/div><\/figure>\n\n\n\n<ul class=\"wp-block-gallery columns-2 is-cropped wp-block-gallery-1 is-layout-flex wp-block-gallery-is-layout-flex\"><li class=\"blocks-gallery-item\"><figure><img loading=\"lazy\" decoding=\"async\" width=\"768\" height=\"1024\" src=\"https:\/\/mapadadiversidade.com.br\/ipatinga\/wp-content\/uploads\/2019\/06\/IMG_20190523_151933141-768x1024.jpg\" alt=\"\" data-id=\"187\" data-link=\"https:\/\/mapadadiversidade.com.br\/ipatinga\/samela-moreira\/img_20190523_151933141\/\" class=\"wp-image-187\" srcset=\"https:\/\/mapadadiversidade.com.br\/ipatinga\/wp-content\/uploads\/2019\/06\/IMG_20190523_151933141-768x1024.jpg 768w, https:\/\/mapadadiversidade.com.br\/ipatinga\/wp-content\/uploads\/2019\/06\/IMG_20190523_151933141-225x300.jpg 225w\" sizes=\"auto, (max-width: 768px) 100vw, 768px\" \/><\/figure><\/li><li class=\"blocks-gallery-item\"><figure><img loading=\"lazy\" decoding=\"async\" width=\"768\" height=\"1024\" src=\"https:\/\/mapadadiversidade.com.br\/ipatinga\/wp-content\/uploads\/2019\/06\/IMG_20190523_155358331_HDR-768x1024.jpg\" alt=\"\" data-id=\"189\" data-link=\"https:\/\/mapadadiversidade.com.br\/ipatinga\/samela-moreira\/img_20190523_155358331_hdr\/\" class=\"wp-image-189\" srcset=\"https:\/\/mapadadiversidade.com.br\/ipatinga\/wp-content\/uploads\/2019\/06\/IMG_20190523_155358331_HDR-768x1024.jpg 768w, https:\/\/mapadadiversidade.com.br\/ipatinga\/wp-content\/uploads\/2019\/06\/IMG_20190523_155358331_HDR-225x300.jpg 225w\" sizes=\"auto, (max-width: 768px) 100vw, 768px\" \/><\/figure><\/li><li class=\"blocks-gallery-item\"><figure><img loading=\"lazy\" decoding=\"async\" width=\"1024\" height=\"768\" src=\"https:\/\/mapadadiversidade.com.br\/ipatinga\/wp-content\/uploads\/2019\/06\/IMG_20190523_151554342-1024x768.jpg\" alt=\"\" data-id=\"318\" data-link=\"https:\/\/mapadadiversidade.com.br\/ipatinga\/samela-moreira\/img_20190523_151554342\/\" class=\"wp-image-318\" srcset=\"https:\/\/mapadadiversidade.com.br\/ipatinga\/wp-content\/uploads\/2019\/06\/IMG_20190523_151554342-1024x768.jpg 1024w, https:\/\/mapadadiversidade.com.br\/ipatinga\/wp-content\/uploads\/2019\/06\/IMG_20190523_151554342-300x225.jpg 300w, https:\/\/mapadadiversidade.com.br\/ipatinga\/wp-content\/uploads\/2019\/06\/IMG_20190523_151554342-768x576.jpg 768w\" sizes=\"auto, (max-width: 1024px) 100vw, 1024px\" \/><\/figure><\/li><li class=\"blocks-gallery-item\"><figure><img loading=\"lazy\" decoding=\"async\" width=\"1024\" height=\"768\" src=\"https:\/\/mapadadiversidade.com.br\/ipatinga\/wp-content\/uploads\/2019\/06\/IMG_20190523_154928692-1024x768.jpg\" alt=\"\" data-id=\"188\" data-link=\"https:\/\/mapadadiversidade.com.br\/ipatinga\/samela-moreira\/img_20190523_154928692\/\" class=\"wp-image-188\" srcset=\"https:\/\/mapadadiversidade.com.br\/ipatinga\/wp-content\/uploads\/2019\/06\/IMG_20190523_154928692-1024x768.jpg 1024w, https:\/\/mapadadiversidade.com.br\/ipatinga\/wp-content\/uploads\/2019\/06\/IMG_20190523_154928692-300x225.jpg 300w, https:\/\/mapadadiversidade.com.br\/ipatinga\/wp-content\/uploads\/2019\/06\/IMG_20190523_154928692-768x576.jpg 768w\" sizes=\"auto, (max-width: 1024px) 100vw, 1024px\" \/><\/figure><\/li><\/ul>\n","protected":false},"excerpt":{"rendered":"<p>Trabalha com pinturas em superf\u00edcies pequenas de porcelana, hoje atua em varias bases que v\u00e3o desde madeira a murais. <\/p>\n","protected":false},"author":10,"featured_media":189,"comment_status":"open","ping_status":"open","sticky":false,"template":"","format":"standard","meta":{"footnotes":""},"categories":[271,10,4],"tags":[169],"class_list":["post-175","post","type-post","status-publish","format-standard","has-post-thumbnail","hentry","category-_timoteo","category-artes-plasticas","category-linguagem-artisticas","tag-porcelana","item-wrap"],"_links":{"self":[{"href":"https:\/\/mapadadiversidade.com.br\/ipatinga\/wp-json\/wp\/v2\/posts\/175","targetHints":{"allow":["GET"]}}],"collection":[{"href":"https:\/\/mapadadiversidade.com.br\/ipatinga\/wp-json\/wp\/v2\/posts"}],"about":[{"href":"https:\/\/mapadadiversidade.com.br\/ipatinga\/wp-json\/wp\/v2\/types\/post"}],"author":[{"embeddable":true,"href":"https:\/\/mapadadiversidade.com.br\/ipatinga\/wp-json\/wp\/v2\/users\/10"}],"replies":[{"embeddable":true,"href":"https:\/\/mapadadiversidade.com.br\/ipatinga\/wp-json\/wp\/v2\/comments?post=175"}],"version-history":[{"count":5,"href":"https:\/\/mapadadiversidade.com.br\/ipatinga\/wp-json\/wp\/v2\/posts\/175\/revisions"}],"predecessor-version":[{"id":1971,"href":"https:\/\/mapadadiversidade.com.br\/ipatinga\/wp-json\/wp\/v2\/posts\/175\/revisions\/1971"}],"wp:featuredmedia":[{"embeddable":true,"href":"https:\/\/mapadadiversidade.com.br\/ipatinga\/wp-json\/wp\/v2\/media\/189"}],"wp:attachment":[{"href":"https:\/\/mapadadiversidade.com.br\/ipatinga\/wp-json\/wp\/v2\/media?parent=175"}],"wp:term":[{"taxonomy":"category","embeddable":true,"href":"https:\/\/mapadadiversidade.com.br\/ipatinga\/wp-json\/wp\/v2\/categories?post=175"},{"taxonomy":"post_tag","embeddable":true,"href":"https:\/\/mapadadiversidade.com.br\/ipatinga\/wp-json\/wp\/v2\/tags?post=175"}],"curies":[{"name":"wp","href":"https:\/\/api.w.org\/{rel}","templated":true}]}}