{"id":185,"date":"2019-06-02T12:15:36","date_gmt":"2019-06-02T15:15:36","guid":{"rendered":"https:\/\/mapadadiversidade.com.br\/ipatinga\/?p=185"},"modified":"2019-07-09T15:10:58","modified_gmt":"2019-07-09T18:10:58","slug":"leia-do-nascimento-lima-de-souza","status":"publish","type":"post","link":"https:\/\/mapadadiversidade.com.br\/ipatinga\/leia-do-nascimento-lima-de-souza\/","title":{"rendered":"Leia do Nascimento Lima de Souza"},"content":{"rendered":"\n<p>Utiliza de t\u00e9cnica artesanal &#8220;Croch\u00ea&#8221; para a confec\u00e7\u00e3o de pe\u00e7as decorativas e utilit\u00e1rias com \u00eanfase na produ\u00e7\u00e3o para o publico infantil.<\/p>\n\n\n\n<p>Artesanato<\/p>\n\n\n\n<p>Telefone: (31) 985305326<br>Email;leianascymento@hotmail.com<br>Facebook:leiaartsemcroche<br>Instagram:@<a href=\"https:\/\/www.instagram.com\/leianascimento_croche\/\">leianascimento_croche<\/a><\/p>\n\n\n\n<ul class=\"wp-block-gallery columns-3 is-cropped wp-block-gallery-1 is-layout-flex wp-block-gallery-is-layout-flex\"><li class=\"blocks-gallery-item\"><figure><img loading=\"lazy\" decoding=\"async\" width=\"560\" height=\"377\" src=\"https:\/\/mapadadiversidade.com.br\/ipatinga\/wp-content\/uploads\/2019\/06\/Leia-02.jpg\" alt=\"\" data-id=\"204\" data-link=\"https:\/\/mapadadiversidade.com.br\/ipatinga\/leia-do-nascimento-lima-de-souza\/leia-02\/\" class=\"wp-image-204\" srcset=\"https:\/\/mapadadiversidade.com.br\/ipatinga\/wp-content\/uploads\/2019\/06\/Leia-02.jpg 560w, https:\/\/mapadadiversidade.com.br\/ipatinga\/wp-content\/uploads\/2019\/06\/Leia-02-300x202.jpg 300w\" sizes=\"auto, (max-width: 560px) 100vw, 560px\" \/><\/figure><\/li><li class=\"blocks-gallery-item\"><figure><img loading=\"lazy\" decoding=\"async\" width=\"560\" height=\"450\" src=\"https:\/\/mapadadiversidade.com.br\/ipatinga\/wp-content\/uploads\/2019\/06\/Leia-03.jpg\" alt=\"\" data-id=\"205\" data-link=\"https:\/\/mapadadiversidade.com.br\/ipatinga\/leia-do-nascimento-lima-de-souza\/leia-03\/\" class=\"wp-image-205\" srcset=\"https:\/\/mapadadiversidade.com.br\/ipatinga\/wp-content\/uploads\/2019\/06\/Leia-03.jpg 560w, https:\/\/mapadadiversidade.com.br\/ipatinga\/wp-content\/uploads\/2019\/06\/Leia-03-300x241.jpg 300w\" sizes=\"auto, (max-width: 560px) 100vw, 560px\" \/><\/figure><\/li><li class=\"blocks-gallery-item\"><figure><img loading=\"lazy\" decoding=\"async\" width=\"560\" height=\"391\" src=\"https:\/\/mapadadiversidade.com.br\/ipatinga\/wp-content\/uploads\/2019\/06\/Leia-04.jpg\" alt=\"\" data-id=\"206\" data-link=\"https:\/\/mapadadiversidade.com.br\/ipatinga\/leia-do-nascimento-lima-de-souza\/leia-04\/\" class=\"wp-image-206\" srcset=\"https:\/\/mapadadiversidade.com.br\/ipatinga\/wp-content\/uploads\/2019\/06\/Leia-04.jpg 560w, https:\/\/mapadadiversidade.com.br\/ipatinga\/wp-content\/uploads\/2019\/06\/Leia-04-300x209.jpg 300w\" sizes=\"auto, (max-width: 560px) 100vw, 560px\" \/><\/figure><\/li><li class=\"blocks-gallery-item\"><figure><img loading=\"lazy\" decoding=\"async\" width=\"560\" height=\"350\" src=\"https:\/\/mapadadiversidade.com.br\/ipatinga\/wp-content\/uploads\/2019\/06\/Leia-05.jpg\" alt=\"\" data-id=\"207\" data-link=\"https:\/\/mapadadiversidade.com.br\/ipatinga\/leia-do-nascimento-lima-de-souza\/leia-05\/\" class=\"wp-image-207\" srcset=\"https:\/\/mapadadiversidade.com.br\/ipatinga\/wp-content\/uploads\/2019\/06\/Leia-05.jpg 560w, https:\/\/mapadadiversidade.com.br\/ipatinga\/wp-content\/uploads\/2019\/06\/Leia-05-300x188.jpg 300w\" sizes=\"auto, (max-width: 560px) 100vw, 560px\" \/><\/figure><\/li><li class=\"blocks-gallery-item\"><figure><img loading=\"lazy\" decoding=\"async\" width=\"560\" height=\"513\" src=\"https:\/\/mapadadiversidade.com.br\/ipatinga\/wp-content\/uploads\/2019\/06\/Leia-06.jpg\" alt=\"\" data-id=\"208\" data-link=\"https:\/\/mapadadiversidade.com.br\/ipatinga\/leia-do-nascimento-lima-de-souza\/leia-06\/\" class=\"wp-image-208\" srcset=\"https:\/\/mapadadiversidade.com.br\/ipatinga\/wp-content\/uploads\/2019\/06\/Leia-06.jpg 560w, https:\/\/mapadadiversidade.com.br\/ipatinga\/wp-content\/uploads\/2019\/06\/Leia-06-300x275.jpg 300w\" sizes=\"auto, (max-width: 560px) 100vw, 560px\" \/><\/figure><\/li><li class=\"blocks-gallery-item\"><figure><img loading=\"lazy\" decoding=\"async\" width=\"560\" height=\"453\" src=\"https:\/\/mapadadiversidade.com.br\/ipatinga\/wp-content\/uploads\/2019\/06\/Leia-07.jpg\" alt=\"\" data-id=\"209\" data-link=\"https:\/\/mapadadiversidade.com.br\/ipatinga\/leia-do-nascimento-lima-de-souza\/leia-07\/\" class=\"wp-image-209\" srcset=\"https:\/\/mapadadiversidade.com.br\/ipatinga\/wp-content\/uploads\/2019\/06\/Leia-07.jpg 560w, https:\/\/mapadadiversidade.com.br\/ipatinga\/wp-content\/uploads\/2019\/06\/Leia-07-300x243.jpg 300w\" sizes=\"auto, (max-width: 560px) 100vw, 560px\" \/><\/figure><\/li><li class=\"blocks-gallery-item\"><figure><img loading=\"lazy\" decoding=\"async\" width=\"560\" height=\"315\" src=\"https:\/\/mapadadiversidade.com.br\/ipatinga\/wp-content\/uploads\/2019\/06\/Leia-08.jpg\" alt=\"\" data-id=\"210\" data-link=\"https:\/\/mapadadiversidade.com.br\/ipatinga\/leia-do-nascimento-lima-de-souza\/leia-08\/\" class=\"wp-image-210\" srcset=\"https:\/\/mapadadiversidade.com.br\/ipatinga\/wp-content\/uploads\/2019\/06\/Leia-08.jpg 560w, https:\/\/mapadadiversidade.com.br\/ipatinga\/wp-content\/uploads\/2019\/06\/Leia-08-300x169.jpg 300w\" sizes=\"auto, (max-width: 560px) 100vw, 560px\" \/><\/figure><\/li><li class=\"blocks-gallery-item\"><figure><img loading=\"lazy\" decoding=\"async\" width=\"560\" height=\"315\" src=\"https:\/\/mapadadiversidade.com.br\/ipatinga\/wp-content\/uploads\/2019\/06\/Leia-09.jpg\" alt=\"\" data-id=\"211\" data-link=\"https:\/\/mapadadiversidade.com.br\/ipatinga\/leia-do-nascimento-lima-de-souza\/leia-09\/\" class=\"wp-image-211\" srcset=\"https:\/\/mapadadiversidade.com.br\/ipatinga\/wp-content\/uploads\/2019\/06\/Leia-09.jpg 560w, https:\/\/mapadadiversidade.com.br\/ipatinga\/wp-content\/uploads\/2019\/06\/Leia-09-300x169.jpg 300w\" sizes=\"auto, (max-width: 560px) 100vw, 560px\" \/><\/figure><\/li><li class=\"blocks-gallery-item\"><figure><img loading=\"lazy\" decoding=\"async\" width=\"560\" height=\"452\" src=\"https:\/\/mapadadiversidade.com.br\/ipatinga\/wp-content\/uploads\/2019\/06\/Leia-10.jpg\" alt=\"\" data-id=\"212\" data-link=\"https:\/\/mapadadiversidade.com.br\/ipatinga\/leia-do-nascimento-lima-de-souza\/leia-10\/\" class=\"wp-image-212\" srcset=\"https:\/\/mapadadiversidade.com.br\/ipatinga\/wp-content\/uploads\/2019\/06\/Leia-10.jpg 560w, https:\/\/mapadadiversidade.com.br\/ipatinga\/wp-content\/uploads\/2019\/06\/Leia-10-300x242.jpg 300w\" sizes=\"auto, (max-width: 560px) 100vw, 560px\" \/><\/figure><\/li><\/ul>\n","protected":false},"excerpt":{"rendered":"<p>Utiliza de t\u00e9cnica artesanal &#8220;Croch\u00ea&#8221; para a confec\u00e7\u00e3o de pe\u00e7as decorativas e utilit\u00e1rias com \u00eanfase na produ\u00e7\u00e3o para o publico infantil.<\/p>\n","protected":false},"author":12,"featured_media":208,"comment_status":"open","ping_status":"open","sticky":false,"template":"","format":"standard","meta":{"footnotes":""},"categories":[1,11],"tags":[30,176],"class_list":["post-185","post","type-post","status-publish","format-standard","has-post-thumbnail","hentry","category-ipatinga","category-artesanato","tag-artesanato","tag-croche","item-wrap"],"_links":{"self":[{"href":"https:\/\/mapadadiversidade.com.br\/ipatinga\/wp-json\/wp\/v2\/posts\/185","targetHints":{"allow":["GET"]}}],"collection":[{"href":"https:\/\/mapadadiversidade.com.br\/ipatinga\/wp-json\/wp\/v2\/posts"}],"about":[{"href":"https:\/\/mapadadiversidade.com.br\/ipatinga\/wp-json\/wp\/v2\/types\/post"}],"author":[{"embeddable":true,"href":"https:\/\/mapadadiversidade.com.br\/ipatinga\/wp-json\/wp\/v2\/users\/12"}],"replies":[{"embeddable":true,"href":"https:\/\/mapadadiversidade.com.br\/ipatinga\/wp-json\/wp\/v2\/comments?post=185"}],"version-history":[{"count":6,"href":"https:\/\/mapadadiversidade.com.br\/ipatinga\/wp-json\/wp\/v2\/posts\/185\/revisions"}],"predecessor-version":[{"id":1972,"href":"https:\/\/mapadadiversidade.com.br\/ipatinga\/wp-json\/wp\/v2\/posts\/185\/revisions\/1972"}],"wp:featuredmedia":[{"embeddable":true,"href":"https:\/\/mapadadiversidade.com.br\/ipatinga\/wp-json\/wp\/v2\/media\/208"}],"wp:attachment":[{"href":"https:\/\/mapadadiversidade.com.br\/ipatinga\/wp-json\/wp\/v2\/media?parent=185"}],"wp:term":[{"taxonomy":"category","embeddable":true,"href":"https:\/\/mapadadiversidade.com.br\/ipatinga\/wp-json\/wp\/v2\/categories?post=185"},{"taxonomy":"post_tag","embeddable":true,"href":"https:\/\/mapadadiversidade.com.br\/ipatinga\/wp-json\/wp\/v2\/tags?post=185"}],"curies":[{"name":"wp","href":"https:\/\/api.w.org\/{rel}","templated":true}]}}