{"id":1869,"date":"2019-07-05T16:02:38","date_gmt":"2019-07-05T19:02:38","guid":{"rendered":"https:\/\/mapadadiversidade.com.br\/ipatinga\/?p=1869"},"modified":"2019-07-12T15:26:38","modified_gmt":"2019-07-12T18:26:38","slug":"morrison-deolli-seminaluz","status":"publish","type":"post","link":"https:\/\/mapadadiversidade.com.br\/ipatinga\/morrison-deolli-seminaluz\/","title":{"rendered":"Morrison Deolli \/ SEMINALUZ"},"content":{"rendered":"\n<p>Linguagens art\u00edsticas<br>Ilumina\u00e7\u00e3o C\u00eanica<\/p>\n\n\n\n<p>Hist\u00f3rico: Morrison Deolli, \u00e9 um iluminador c\u00eanico mineiro que come\u00e7ou sua carreira  profissional em ilumina\u00e7\u00e3o no ano de 2001. Al\u00e9m de atuar como  iluminador nos grupos de teatro e dan\u00e7a em Ipatinga, buscou  conhecimento no Galp\u00e3o Cine Horto e no Grupo Galp\u00e3o em BH em 2002.  Em 2005 iniciou o Seminaluz, um projeto de forma\u00e7\u00e3o e desenvolvimento  em ilumina\u00e7\u00e3o c\u00eanica, que mais tarde incluiu a \u00e1rea de \u00e1udio profissional e  viabilizou bolsas de estudo em ilumina\u00e7\u00e3o, interc\u00e2mbios, semin\u00e1rios  nacionais e publica\u00e7\u00e3o de livros de ilumina\u00e7\u00e3o.<\/p>\n\n\n\n<p>Telefone: (31) 31 9875550596<br> E-mail: cenika@cenika.com.br<br> Facebook: <a href=\"https:\/\/www.facebook.com\/seminaluz?ref=br_rs\">Morrison Deolli <\/a><br> Instagram: <a href=\"https:\/\/www.instagram.com\/seminaluz\/?hl=pt-br\">Morrison Deolli <\/a><\/p>\n\n\n\n<figure class=\"wp-block-embed-youtube wp-block-embed is-type-video is-provider-youtube wp-embed-aspect-16-9 wp-has-aspect-ratio\"><div class=\"wp-block-embed__wrapper\">\n<iframe loading=\"lazy\" title=\"Morrison Deolli\" width=\"944\" height=\"531\" src=\"https:\/\/www.youtube.com\/embed\/TFZPjfDASOM?feature=oembed\" frameborder=\"0\" allow=\"accelerometer; autoplay; encrypted-media; gyroscope; picture-in-picture\" allowfullscreen><\/iframe>\n<\/div><\/figure>\n\n\n\n<ul class=\"wp-block-gallery columns-3 is-cropped wp-block-gallery-1 is-layout-flex wp-block-gallery-is-layout-flex\"><li class=\"blocks-gallery-item\"><figure><img loading=\"lazy\" decoding=\"async\" width=\"651\" height=\"1024\" src=\"https:\/\/mapadadiversidade.com.br\/ipatinga\/wp-content\/uploads\/2019\/07\/foto-cracha-morrison-1-651x1024.jpg\" alt=\"\" data-id=\"1877\" data-link=\"https:\/\/mapadadiversidade.com.br\/ipatinga\/morrison-deolli-seminaluz\/foto-cracha-morrison-1\/\" class=\"wp-image-1877\" srcset=\"https:\/\/mapadadiversidade.com.br\/ipatinga\/wp-content\/uploads\/2019\/07\/foto-cracha-morrison-1-651x1024.jpg 651w, https:\/\/mapadadiversidade.com.br\/ipatinga\/wp-content\/uploads\/2019\/07\/foto-cracha-morrison-1-191x300.jpg 191w, https:\/\/mapadadiversidade.com.br\/ipatinga\/wp-content\/uploads\/2019\/07\/foto-cracha-morrison-1-768x1208.jpg 768w, https:\/\/mapadadiversidade.com.br\/ipatinga\/wp-content\/uploads\/2019\/07\/foto-cracha-morrison-1.jpg 936w\" sizes=\"auto, (max-width: 651px) 100vw, 651px\" \/><\/figure><\/li><li class=\"blocks-gallery-item\"><figure><img loading=\"lazy\" decoding=\"async\" width=\"1024\" height=\"681\" src=\"https:\/\/mapadadiversidade.com.br\/ipatinga\/wp-content\/uploads\/2019\/07\/foto-morrison-mesa-de-luz-1-1024x681.jpg\" alt=\"\" data-id=\"1878\" data-link=\"https:\/\/mapadadiversidade.com.br\/ipatinga\/morrison-deolli-seminaluz\/foto-morrison-mesa-de-luz-1\/\" class=\"wp-image-1878\" srcset=\"https:\/\/mapadadiversidade.com.br\/ipatinga\/wp-content\/uploads\/2019\/07\/foto-morrison-mesa-de-luz-1-1024x681.jpg 1024w, https:\/\/mapadadiversidade.com.br\/ipatinga\/wp-content\/uploads\/2019\/07\/foto-morrison-mesa-de-luz-1-300x199.jpg 300w, https:\/\/mapadadiversidade.com.br\/ipatinga\/wp-content\/uploads\/2019\/07\/foto-morrison-mesa-de-luz-1-768x511.jpg 768w\" sizes=\"auto, (max-width: 1024px) 100vw, 1024px\" \/><\/figure><\/li><li class=\"blocks-gallery-item\"><figure><img loading=\"lazy\" decoding=\"async\" width=\"1024\" height=\"814\" src=\"https:\/\/mapadadiversidade.com.br\/ipatinga\/wp-content\/uploads\/2019\/07\/morrison-udesc-1024x814.jpg\" alt=\"\" data-id=\"1879\" data-link=\"https:\/\/mapadadiversidade.com.br\/ipatinga\/morrison-deolli-seminaluz\/exhibition-game\/\" class=\"wp-image-1879\" srcset=\"https:\/\/mapadadiversidade.com.br\/ipatinga\/wp-content\/uploads\/2019\/07\/morrison-udesc-1024x814.jpg 1024w, https:\/\/mapadadiversidade.com.br\/ipatinga\/wp-content\/uploads\/2019\/07\/morrison-udesc-300x238.jpg 300w, https:\/\/mapadadiversidade.com.br\/ipatinga\/wp-content\/uploads\/2019\/07\/morrison-udesc-768x610.jpg 768w\" sizes=\"auto, (max-width: 1024px) 100vw, 1024px\" \/><\/figure><\/li><\/ul>\n","protected":false},"excerpt":{"rendered":"<p>iluminador c\u00eanico mineiro que come\u00e7ou sua carreira<br \/>\n profissional em ilumina\u00e7\u00e3o no ano de 2001. Al\u00e9m de atuar como<br \/>\n Iluminador nos grupos de teatro e dan\u00e7a em Ipatinga, buscou<br \/>\n conhecimento no Galp\u00e3o Cine Horto e no Grupo Galp\u00e3o em BH em 2002.<br \/>\n Em 2005 iniciou o Seminaluz, um projeto de forma\u00e7\u00e3o e desenvolvimento<br \/>\n em ilumina\u00e7\u00e3o c\u00eanica, que mais tarde incluiu a \u00e1rea de \u00e1udio profissional e<br \/>\n viabilizou bolsas de estudo em ilumina\u00e7\u00e3o, interc\u00e2mbios, semin\u00e1rios<br \/>\n nacionais e publica\u00e7\u00e3o de livros de ilumina\u00e7\u00e3o.<\/p>\n","protected":false},"author":7,"featured_media":1877,"comment_status":"open","ping_status":"open","sticky":false,"template":"","format":"standard","meta":{"footnotes":""},"categories":[1,218,4,13],"tags":[219],"class_list":["post-1869","post","type-post","status-publish","format-standard","has-post-thumbnail","hentry","category-ipatinga","category-iluminacao-cenica","category-linguagem-artisticas","category-teatro","tag-iluminacao","item-wrap"],"_links":{"self":[{"href":"https:\/\/mapadadiversidade.com.br\/ipatinga\/wp-json\/wp\/v2\/posts\/1869","targetHints":{"allow":["GET"]}}],"collection":[{"href":"https:\/\/mapadadiversidade.com.br\/ipatinga\/wp-json\/wp\/v2\/posts"}],"about":[{"href":"https:\/\/mapadadiversidade.com.br\/ipatinga\/wp-json\/wp\/v2\/types\/post"}],"author":[{"embeddable":true,"href":"https:\/\/mapadadiversidade.com.br\/ipatinga\/wp-json\/wp\/v2\/users\/7"}],"replies":[{"embeddable":true,"href":"https:\/\/mapadadiversidade.com.br\/ipatinga\/wp-json\/wp\/v2\/comments?post=1869"}],"version-history":[{"count":7,"href":"https:\/\/mapadadiversidade.com.br\/ipatinga\/wp-json\/wp\/v2\/posts\/1869\/revisions"}],"predecessor-version":[{"id":2043,"href":"https:\/\/mapadadiversidade.com.br\/ipatinga\/wp-json\/wp\/v2\/posts\/1869\/revisions\/2043"}],"wp:featuredmedia":[{"embeddable":true,"href":"https:\/\/mapadadiversidade.com.br\/ipatinga\/wp-json\/wp\/v2\/media\/1877"}],"wp:attachment":[{"href":"https:\/\/mapadadiversidade.com.br\/ipatinga\/wp-json\/wp\/v2\/media?parent=1869"}],"wp:term":[{"taxonomy":"category","embeddable":true,"href":"https:\/\/mapadadiversidade.com.br\/ipatinga\/wp-json\/wp\/v2\/categories?post=1869"},{"taxonomy":"post_tag","embeddable":true,"href":"https:\/\/mapadadiversidade.com.br\/ipatinga\/wp-json\/wp\/v2\/tags?post=1869"}],"curies":[{"name":"wp","href":"https:\/\/api.w.org\/{rel}","templated":true}]}}