{"id":1886,"date":"2019-07-08T17:18:04","date_gmt":"2019-07-08T20:18:04","guid":{"rendered":"https:\/\/mapadadiversidade.com.br\/ipatinga\/?p=1886"},"modified":"2023-04-26T21:36:09","modified_gmt":"2023-04-27T00:36:09","slug":"ildon-jose-pinto","status":"publish","type":"post","link":"https:\/\/mapadadiversidade.com.br\/ipatinga\/ildon-jose-pinto\/","title":{"rendered":"Ildon Jos\u00e9 Pinto\/ Sambambas"},"content":{"rendered":"\n<p>M\u00fasico Sambista<\/p>\n\n\n\n<p>Linguagens Art\u00edsticas <br>M\u00fasico<br><br>Hist\u00f3rico: Sou Engenheiro de Minas e Metalurgia por forma\u00e7\u00e3o profissional, com especializa\u00e7\u00e3o em \u00e1rea ambiental . Este \u00e9 o meu curr\u00edculo. Canto porqu\u00ea gosto, por prazer. Ap\u00f3s minha aposentadoria na Usiminas e com mais tempo pra ouvir, ler e pesquisar a nossa m\u00fasica me tornei um Sambista. Gosto de dizer: n\u00e3o sou m\u00fasico, sou sambista.Tornei-me ent\u00e3o um auto-ditada em samba. <a href=\"https:\/\/www.lilyblogslife.com\/\"><strong>bolsa de pierna decathlon<\/strong><\/a><br><a href=\"https:\/\/www.speakim.com\/\"><strong>Adidas Stan Smith<\/strong><\/a><br><a href=\"https:\/\/www.ethnoworld.org\/\"><strong>sadarin\u0101\u0161an\u0101s gredzeni<\/strong><\/a><br><a href=\"https:\/\/www.azar-asanro.com\/\"><strong>\u03c7\u03c1\u03c5\u03c3\u03c3\u03b5\u03c2 \u03c0\u03bb\u03b1\u03c4\u03c6\u03bf\u03c1\u03bc\u03b5\u03c2<\/strong><\/a><br><a href=\"https:\/\/www.dolancstringquartet.com\/\"><strong>napihljivi fotelj merkur<\/strong><\/a><br><a href=\"https:\/\/www.nhfortworth.com\/\"><strong>nike air zoom pegasus 36 w<\/strong><\/a><br><a href=\"https:\/\/www.andespure.com\/\"><strong>replika spor ayakkab\u0131 toptan<\/strong><\/a><br><a href=\"https:\/\/www.ilmastonmuuttajat.fi\/\"><strong>ted baker aurinkolasit<\/strong><\/a><br><a href=\"https:\/\/www.unalankompresor.com\/\"><strong>moschino tri\u010dko<\/strong><\/a><br><a href=\"https:\/\/www.louisemothersole.co.uk\/\"><strong>\u03bd\u03b1\u03ba \u03c0\u03b1\u03c0\u03bf\u03c5\u03c4\u03c3\u03b9\u03b1 \u03c0\u03b5\u03b4\u03b9\u03bb\u03b1<\/strong><\/a><br><a href=\"https:\/\/www.fiitgonline.com\/\"><strong>fiitgonline.com<\/strong><\/a>Isto me entusiasmou e entusiasma bastante. Ao longo do tempo sempre fui um \u201ccurioso\u201d musical, especialmente da MPB. Heran\u00e7a de meu av\u00f4, festeiro, pistonista; meu pai, tamb\u00e9m festeiro e flautista que foram famosos com a Banda Ibituruna Jazz em Gov. Valadares na \u00e9poca de 1930; tios e tamb\u00e9m minha m\u00e3e, que era a rainha das marchinhas. Tudo isto acontecendo e eu me interessando. L\u00e1 em minha casa, minhas 6 irm\u00e3s e meu irm\u00e3o s\u00e3o afinad\u00edssimos. Bom gosto, que \u00e9 heran\u00e7a pura. Todas as pequenas descobertas que fazia quando mais novo e at\u00e9 hoje, quando aprendo a cantar uma musica por inteira, afinado, sem medo de errar, com convic\u00e7\u00e3o (100%), paci\u00eancia, me causa intensa alegria.Ap\u00f3s minha aposentadoria na Usiminas e com mais tempo pra ouvir, ler e pesquisar a nossa m\u00fasica me tornei um Sambista. Gosto de dizer: n\u00e3o sou m\u00fasico, sou sambista.Tornei-me ent\u00e3o um auto-ditada em samba. Isto me entusiasmou e entusiasma bastante. O resultado foi a primeira forma\u00e7\u00e3o de um conjunto voltado especialmente e quase que exclusivo para o samba. Come\u00e7ou de brincadeira, Ip\u00ea na Trova, da\u00ed passou a chamar Vai meu samba, e Sambambas. Jos\u00e9 Walter era o maestro, Dr. Betinho, Arizinho, Magela, Meu Peixe, Abelardo, e tantos outros.A\u00ed veio em seguida o Mistura Fina com os projetos musicais produzidos pela minha atuante amiga Valeria Alto\u00e9, resgatando Ary Barroso, Noel Rosa, Vinicius de Morais, Tom Jobim, Chico Buarque e Gonzaguinha e Cartola Foi mais um aprendizado, conhecendo ainda Cida, Elizeu, Rubim do Bandolim, Caninha, Marcos, Marcio, Vaninho, Odilon. O aprendizado foi crescendo e atualmente estou na minha \u201cquarta idade\u201d: cantando com o Grupo Choro do Vale e Carlinhos, Wellington, Fabiano e Marcelo. Outros entram tamb\u00e9m na roda.  Atualmente estou realizando um projeto de samba com a musicista com  Lis Brasil. Sou exclusivo da festa anual do SEPH (Servi\u00e7o de Prote\u00e7\u00e3o Humana da cidade de Ipatinga). Cantei no Rotary Clube, Lions Clube, domingo na Feira, Ma\u00e7onaria, cidades vizinhas, casas de amigos, pra\u00e7as, asilos, col\u00e9gios e tantos e tantos. Podem me chamar que vou onde houver samba, especialmente se tiver Noel, Ismael Silva, Cartola, Wilson Baptista, Geraldo Pereira e outros bambas mais.<\/p>\n\n\n\n<p>Pr\u00e1ticas socioambientais<br>Participo de Associa\u00e7\u00e3o em Defesa do Meio Ambiente e tenho engajamento em trabalho s\u00f3cio comunit\u00e1rio.<\/p>\n\n\n\n<p>Telefone:(31) 99764-2448<br>Email: ildonjpinto1939@gmail.com<br>Facebook: <a href=\"https:\/\/www.facebook.com\/ildonjose.pinto.33\">Ildon Jos\u00e9 Pinto<\/a><br>Instagram: <a href=\"https:\/\/www.instagram.com\/ildonj.pinto\/\">Ildon Jos\u00e9 Pinto<\/a><\/p>\n\n\n\n<figure class=\"wp-block-embed is-type-video is-provider-youtube wp-block-embed-youtube wp-embed-aspect-16-9 wp-has-aspect-ratio\"><div class=\"wp-block-embed__wrapper\">\n<iframe loading=\"lazy\" title=\"Ildon Jos\u00e9 Pinto\" width=\"944\" height=\"531\" src=\"https:\/\/www.youtube.com\/embed\/9vqK_hmDG3w?feature=oembed\" frameborder=\"0\" allow=\"accelerometer; autoplay; encrypted-media; gyroscope; picture-in-picture\" allowfullscreen><\/iframe>\n<\/div><\/figure>\n\n\n\n<figure class=\"wp-block-gallery has-nested-images columns-2 is-cropped wp-block-gallery-1 is-layout-flex wp-block-gallery-is-layout-flex\">\n<figure class=\"wp-block-image\"><img loading=\"lazy\" decoding=\"async\" width=\"684\" height=\"1024\" data-id=\"1897\" src=\"https:\/\/mapadadiversidade.com.br\/ipatinga\/wp-content\/uploads\/2019\/07\/Ildon-Jos\u00e9-1-684x1024.jpg\" alt=\"\" class=\"wp-image-1897\" srcset=\"https:\/\/mapadadiversidade.com.br\/ipatinga\/wp-content\/uploads\/2019\/07\/Ildon-Jos\u00e9-1-684x1024.jpg 684w, https:\/\/mapadadiversidade.com.br\/ipatinga\/wp-content\/uploads\/2019\/07\/Ildon-Jos\u00e9-1-200x300.jpg 200w, https:\/\/mapadadiversidade.com.br\/ipatinga\/wp-content\/uploads\/2019\/07\/Ildon-Jos\u00e9-1-768x1150.jpg 768w, https:\/\/mapadadiversidade.com.br\/ipatinga\/wp-content\/uploads\/2019\/07\/Ildon-Jos\u00e9-1.jpg 1262w\" sizes=\"auto, (max-width: 684px) 100vw, 684px\" \/><\/figure>\n\n\n\n<figure class=\"wp-block-image\"><img loading=\"lazy\" decoding=\"async\" width=\"1024\" height=\"758\" data-id=\"1899\" src=\"https:\/\/mapadadiversidade.com.br\/ipatinga\/wp-content\/uploads\/2019\/07\/foto-ildon-1-1024x758.jpg\" alt=\"\" class=\"wp-image-1899\" srcset=\"https:\/\/mapadadiversidade.com.br\/ipatinga\/wp-content\/uploads\/2019\/07\/foto-ildon-1-1024x758.jpg 1024w, https:\/\/mapadadiversidade.com.br\/ipatinga\/wp-content\/uploads\/2019\/07\/foto-ildon-1-300x222.jpg 300w, https:\/\/mapadadiversidade.com.br\/ipatinga\/wp-content\/uploads\/2019\/07\/foto-ildon-1-768x568.jpg 768w, https:\/\/mapadadiversidade.com.br\/ipatinga\/wp-content\/uploads\/2019\/07\/foto-ildon-1.jpg 1080w\" sizes=\"auto, (max-width: 1024px) 100vw, 1024px\" \/><\/figure>\n\n\n\n<figure class=\"wp-block-image\"><img loading=\"lazy\" decoding=\"async\" width=\"1024\" height=\"1024\" data-id=\"1900\" src=\"https:\/\/mapadadiversidade.com.br\/ipatinga\/wp-content\/uploads\/2019\/07\/ildon2-1-1024x1024.jpg\" alt=\"\" class=\"wp-image-1900\" srcset=\"https:\/\/mapadadiversidade.com.br\/ipatinga\/wp-content\/uploads\/2019\/07\/ildon2-1-1024x1024.jpg 1024w, https:\/\/mapadadiversidade.com.br\/ipatinga\/wp-content\/uploads\/2019\/07\/ildon2-1-150x150.jpg 150w, https:\/\/mapadadiversidade.com.br\/ipatinga\/wp-content\/uploads\/2019\/07\/ildon2-1-300x300.jpg 300w, https:\/\/mapadadiversidade.com.br\/ipatinga\/wp-content\/uploads\/2019\/07\/ildon2-1-768x768.jpg 768w, https:\/\/mapadadiversidade.com.br\/ipatinga\/wp-content\/uploads\/2019\/07\/ildon2-1.jpg 1361w\" sizes=\"auto, (max-width: 1024px) 100vw, 1024px\" \/><\/figure>\n\n\n\n<figure class=\"wp-block-image\"><img loading=\"lazy\" decoding=\"async\" width=\"1024\" height=\"684\" data-id=\"2270\" src=\"https:\/\/mapadadiversidade.com.br\/ipatinga\/wp-content\/uploads\/2019\/07\/Samba-1-1024x684.jpg\" alt=\"\" class=\"wp-image-2270\" srcset=\"https:\/\/mapadadiversidade.com.br\/ipatinga\/wp-content\/uploads\/2019\/07\/Samba-1-1024x684.jpg 1024w, https:\/\/mapadadiversidade.com.br\/ipatinga\/wp-content\/uploads\/2019\/07\/Samba-1-300x200.jpg 300w, https:\/\/mapadadiversidade.com.br\/ipatinga\/wp-content\/uploads\/2019\/07\/Samba-1-768x513.jpg 768w\" sizes=\"auto, (max-width: 1024px) 100vw, 1024px\" \/><\/figure>\n\n\n\n<figure class=\"wp-block-image\"><img loading=\"lazy\" decoding=\"async\" width=\"1024\" height=\"684\" data-id=\"2271\" src=\"https:\/\/mapadadiversidade.com.br\/ipatinga\/wp-content\/uploads\/2019\/07\/Samba-2-1024x684.jpg\" alt=\"\" class=\"wp-image-2271\" srcset=\"https:\/\/mapadadiversidade.com.br\/ipatinga\/wp-content\/uploads\/2019\/07\/Samba-2-1024x684.jpg 1024w, https:\/\/mapadadiversidade.com.br\/ipatinga\/wp-content\/uploads\/2019\/07\/Samba-2-300x200.jpg 300w, https:\/\/mapadadiversidade.com.br\/ipatinga\/wp-content\/uploads\/2019\/07\/Samba-2-768x513.jpg 768w\" sizes=\"auto, (max-width: 1024px) 100vw, 1024px\" \/><\/figure>\n\n\n\n<figure class=\"wp-block-image\"><img loading=\"lazy\" decoding=\"async\" width=\"1024\" height=\"684\" data-id=\"2272\" src=\"https:\/\/mapadadiversidade.com.br\/ipatinga\/wp-content\/uploads\/2019\/07\/Samba-8-1024x684.jpg\" alt=\"\" class=\"wp-image-2272\" srcset=\"https:\/\/mapadadiversidade.com.br\/ipatinga\/wp-content\/uploads\/2019\/07\/Samba-8-1024x684.jpg 1024w, https:\/\/mapadadiversidade.com.br\/ipatinga\/wp-content\/uploads\/2019\/07\/Samba-8-300x200.jpg 300w, https:\/\/mapadadiversidade.com.br\/ipatinga\/wp-content\/uploads\/2019\/07\/Samba-8-768x513.jpg 768w\" sizes=\"auto, (max-width: 1024px) 100vw, 1024px\" \/><\/figure>\n\n\n\n<figure class=\"wp-block-image\"><img loading=\"lazy\" decoding=\"async\" width=\"684\" height=\"1024\" data-id=\"2273\" src=\"https:\/\/mapadadiversidade.com.br\/ipatinga\/wp-content\/uploads\/2019\/07\/Samba-W\u00ea-Eliseu-e-Ildon-3-684x1024.jpg\" alt=\"\" class=\"wp-image-2273\" srcset=\"https:\/\/mapadadiversidade.com.br\/ipatinga\/wp-content\/uploads\/2019\/07\/Samba-W\u00ea-Eliseu-e-Ildon-3-684x1024.jpg 684w, https:\/\/mapadadiversidade.com.br\/ipatinga\/wp-content\/uploads\/2019\/07\/Samba-W\u00ea-Eliseu-e-Ildon-3-200x300.jpg 200w, https:\/\/mapadadiversidade.com.br\/ipatinga\/wp-content\/uploads\/2019\/07\/Samba-W\u00ea-Eliseu-e-Ildon-3-768x1150.jpg 768w, https:\/\/mapadadiversidade.com.br\/ipatinga\/wp-content\/uploads\/2019\/07\/Samba-W\u00ea-Eliseu-e-Ildon-3.jpg 1262w\" sizes=\"auto, (max-width: 684px) 100vw, 684px\" \/><\/figure>\n\n\n\n<figure class=\"wp-block-image\"><img loading=\"lazy\" decoding=\"async\" width=\"1024\" height=\"684\" data-id=\"2274\" src=\"https:\/\/mapadadiversidade.com.br\/ipatinga\/wp-content\/uploads\/2019\/07\/Samba10-1024x684.jpg\" alt=\"\" class=\"wp-image-2274\" srcset=\"https:\/\/mapadadiversidade.com.br\/ipatinga\/wp-content\/uploads\/2019\/07\/Samba10-1024x684.jpg 1024w, https:\/\/mapadadiversidade.com.br\/ipatinga\/wp-content\/uploads\/2019\/07\/Samba10-300x200.jpg 300w, https:\/\/mapadadiversidade.com.br\/ipatinga\/wp-content\/uploads\/2019\/07\/Samba10-768x513.jpg 768w\" sizes=\"auto, (max-width: 1024px) 100vw, 1024px\" \/><\/figure>\n<\/figure>\n","protected":false},"excerpt":{"rendered":"<p>Este \u00e9 o meu curr\u00edculo. Canto porqu\u00ea gosto, por prazer. Ap\u00f3s minha aposentadoria na Usiminas e com mais tempo pra ouvir, ler e pesquisar a nossa m\u00fasica me tornei um Sambista. Gosto de dizer: n\u00e3o sou m\u00fasico, sou sambista.Tornei-me ent\u00e3o um auto-ditada em samba. Isto me entusiasmou e entusiasma bastante. Fa\u00e7o por convic\u00e7\u00e3o e alegria.<\/p>\n","protected":false},"author":3,"featured_media":1892,"comment_status":"open","ping_status":"open","sticky":false,"template":"","format":"standard","meta":{"footnotes":""},"categories":[1,4,12,16],"tags":[220,100,152,221],"class_list":["post-1886","post","type-post","status-publish","format-standard","has-post-thumbnail","hentry","category-ipatinga","category-linguagem-artisticas","category-musica","category-praticas-socioambientais","tag-chorinho","tag-musico","tag-samba","tag-sambista","item-wrap"],"_links":{"self":[{"href":"https:\/\/mapadadiversidade.com.br\/ipatinga\/wp-json\/wp\/v2\/posts\/1886","targetHints":{"allow":["GET"]}}],"collection":[{"href":"https:\/\/mapadadiversidade.com.br\/ipatinga\/wp-json\/wp\/v2\/posts"}],"about":[{"href":"https:\/\/mapadadiversidade.com.br\/ipatinga\/wp-json\/wp\/v2\/types\/post"}],"author":[{"embeddable":true,"href":"https:\/\/mapadadiversidade.com.br\/ipatinga\/wp-json\/wp\/v2\/users\/3"}],"replies":[{"embeddable":true,"href":"https:\/\/mapadadiversidade.com.br\/ipatinga\/wp-json\/wp\/v2\/comments?post=1886"}],"version-history":[{"count":15,"href":"https:\/\/mapadadiversidade.com.br\/ipatinga\/wp-json\/wp\/v2\/posts\/1886\/revisions"}],"predecessor-version":[{"id":2598,"href":"https:\/\/mapadadiversidade.com.br\/ipatinga\/wp-json\/wp\/v2\/posts\/1886\/revisions\/2598"}],"wp:featuredmedia":[{"embeddable":true,"href":"https:\/\/mapadadiversidade.com.br\/ipatinga\/wp-json\/wp\/v2\/media\/1892"}],"wp:attachment":[{"href":"https:\/\/mapadadiversidade.com.br\/ipatinga\/wp-json\/wp\/v2\/media?parent=1886"}],"wp:term":[{"taxonomy":"category","embeddable":true,"href":"https:\/\/mapadadiversidade.com.br\/ipatinga\/wp-json\/wp\/v2\/categories?post=1886"},{"taxonomy":"post_tag","embeddable":true,"href":"https:\/\/mapadadiversidade.com.br\/ipatinga\/wp-json\/wp\/v2\/tags?post=1886"}],"curies":[{"name":"wp","href":"https:\/\/api.w.org\/{rel}","templated":true}]}}