{"id":1902,"date":"2019-07-02T23:53:11","date_gmt":"2019-07-03T02:53:11","guid":{"rendered":"https:\/\/mapadadiversidade.com.br\/ipatinga\/?p=1902"},"modified":"2019-07-11T17:39:59","modified_gmt":"2019-07-11T20:39:59","slug":"lis-brasil","status":"publish","type":"post","link":"https:\/\/mapadadiversidade.com.br\/ipatinga\/lis-brasil\/","title":{"rendered":"Lis Brasil"},"content":{"rendered":"\n<p>Musicista ha 15 anos, com expressiva experiencia em canto coral, lirico e popular.<\/p>\n\n\n\n<p>Linguagens Art\u00edsticas  <br>M\u00fasica <\/p>\n\n\n\n<p>Hist\u00f3rico: O trabalho come\u00e7ou no ano de 2003 quando eu morava em Belo Horizonte eu fui para estudar jornalismo e fui me envolvendo cada vez \u00a0mais com a cena cultural, \u00a0sempre gostei muito de m\u00fasica mas nunca tinha tido ningu\u00e9m na minha fam\u00edlia para me incentivar ent\u00e3o meu amigo aqui de Tim\u00f3teo Pablo Cardoso um grande ator me convidou para integrar com ele um grupo musical no qual faz\u00edamos \u00a0um Tributo ao secos e molhados , a\u00ed eu fazia um beck vocal, para ele e a\u00ed esse grupo eu fiquei nesse grupo que existe at\u00e9 hoje em Belo Horizonte eu fiquei com eles por 6 anos a gente viajou muito Minas gerais, com patroc\u00ednio da Belgo, na \u00e9poca e que ao mesmo tempo que eu entrei para esse grupo eu comecei a estudar eu falei bom ,eu tinha formado em jornalismo e falei se \u00e9 para cantar para fazer isso eu quero realmente estudar isso, para ter seguran\u00e7a, eu entrei no Pal\u00e1cio das Artes no CEFAR e comecei a estudar canto l\u00edrico e tamb\u00e9m comecei a fazer corais. Fiquei 10 anos cantando em corais e desenvolvido tamb\u00e9m trabalho na \u00e1rea l\u00edrica, pois tenho uma voz de meso soprano. E a\u00ed a gente fez muitas operas, trabalhei com grandes artistas que no per\u00edodo incr\u00edvel paralelamente continuei com nem secos e fundei o grupo curim\u00e3 que era um grupo com meu marido e meu cunhado de m\u00fasica brasileira o meu foco foi \u00e9 sempre foi m\u00fasica brasileira com Curim\u00e3 a gente fazia xote, forr\u00f3, samba, maracatu, marchinha. \u00a0Fui para Salvador para fazer essa pesquisa minha de samba, meu marido foi estudar m\u00fasica l\u00e1 na UFBA e eu fui estudar m\u00fasica l\u00e1 nos guetos de Salvador que \u00e9 uma cidade extremamente musical ent\u00e3o l\u00e1 eu tive a honra de morar por obra do destino do lado da casa da fam\u00edlia do grande compositor brasileiro Batatinha Oscar da Penha e a fam\u00edlia deles praticamente me adotou, eles ficaram assim da minha fam\u00edlia l\u00e1 em Salvador. Agora estou aqui em Ipatinga depois de rodar, voltei aqui para minha cidade natal onde eu estou tendo prazer de reencontrar os m\u00fasicos no primeiro momento eu tive contato com o Elizeu Gomes maestro e instrumentista e agora estou conhecendo e Ildon Pinto, m\u00fasico e a gente est\u00e1 desenvolvendo um trabalho muito bacana que eu estou tendo \u00a0acesso a pesquisa dele, ele me d\u00e1 livros para eu ler e conhecer melhor a biografia dos compositores de samba, j\u00e1 que samba \u00e9 minha paix\u00e3o e a\u00ed a gente t\u00e1 agora com esse trabalho bacana cantando sambas cl\u00e1ssicos de todas as \u00e9pocas e a gente pretende agora se Deus quiser fazer um espet\u00e1culo para o Geraldo Pereira, grande sambista.<\/p>\n\n\n\n<p>Jornalista, produtora cultural,  e pr\u00e1ticas da mente e do corpo<\/p>\n\n\n\n<p>Sou jornalista, professora de pandeiro e percuss\u00e3o, produtora cultural  e instrutora de Yoga em alguns espa\u00e7os do Vale do A\u00e7o.<\/p>\n\n\n\n<p>Telefone: (31) 98843-2124<br>Email: lis.brasil.oficial@gmail.com <br>Facebook: <a href=\"https:\/\/www.facebook.com\/lis.samba.brasil\">Lis Brasil<\/a><br>Instagram: <a href=\"https:\/\/www.instagram.com\/_lisbrasil\/\">Lis Brasil <\/a><\/p>\n\n\n\n<figure class=\"wp-block-embed-youtube wp-block-embed is-type-video is-provider-youtube wp-embed-aspect-16-9 wp-has-aspect-ratio\"><div class=\"wp-block-embed__wrapper\">\n<iframe loading=\"lazy\" title=\"Lis Brasil\" width=\"944\" height=\"531\" src=\"https:\/\/www.youtube.com\/embed\/KbYr4Dm9jGA?feature=oembed\" frameborder=\"0\" allow=\"accelerometer; autoplay; encrypted-media; gyroscope; picture-in-picture\" allowfullscreen><\/iframe>\n<\/div><\/figure>\n\n\n\n<ul class=\"wp-block-gallery columns-3 is-cropped wp-block-gallery-1 is-layout-flex wp-block-gallery-is-layout-flex\"><li class=\"blocks-gallery-item\"><figure><img loading=\"lazy\" decoding=\"async\" width=\"683\" height=\"1024\" src=\"https:\/\/mapadadiversidade.com.br\/ipatinga\/wp-content\/uploads\/2019\/07\/carnaval-1-683x1024.jpg\" alt=\"\" data-id=\"1917\" data-link=\"https:\/\/mapadadiversidade.com.br\/ipatinga\/?attachment_id=1917\" class=\"wp-image-1917\" srcset=\"https:\/\/mapadadiversidade.com.br\/ipatinga\/wp-content\/uploads\/2019\/07\/carnaval-1-683x1024.jpg 683w, https:\/\/mapadadiversidade.com.br\/ipatinga\/wp-content\/uploads\/2019\/07\/carnaval-1-200x300.jpg 200w, https:\/\/mapadadiversidade.com.br\/ipatinga\/wp-content\/uploads\/2019\/07\/carnaval-1-768x1152.jpg 768w, https:\/\/mapadadiversidade.com.br\/ipatinga\/wp-content\/uploads\/2019\/07\/carnaval-1.jpg 1365w\" sizes=\"auto, (max-width: 683px) 100vw, 683px\" \/><\/figure><\/li><li class=\"blocks-gallery-item\"><figure><img loading=\"lazy\" decoding=\"async\" width=\"683\" height=\"1024\" src=\"https:\/\/mapadadiversidade.com.br\/ipatinga\/wp-content\/uploads\/2019\/07\/lis-9-1-683x1024.jpg\" alt=\"\" data-id=\"1918\" data-link=\"https:\/\/mapadadiversidade.com.br\/ipatinga\/?attachment_id=1918\" class=\"wp-image-1918\" srcset=\"https:\/\/mapadadiversidade.com.br\/ipatinga\/wp-content\/uploads\/2019\/07\/lis-9-1-683x1024.jpg 683w, https:\/\/mapadadiversidade.com.br\/ipatinga\/wp-content\/uploads\/2019\/07\/lis-9-1-200x300.jpg 200w, https:\/\/mapadadiversidade.com.br\/ipatinga\/wp-content\/uploads\/2019\/07\/lis-9-1-768x1152.jpg 768w, https:\/\/mapadadiversidade.com.br\/ipatinga\/wp-content\/uploads\/2019\/07\/lis-9-1.jpg 1365w\" sizes=\"auto, (max-width: 683px) 100vw, 683px\" \/><\/figure><\/li><li class=\"blocks-gallery-item\"><figure><img loading=\"lazy\" decoding=\"async\" width=\"1024\" height=\"575\" src=\"https:\/\/mapadadiversidade.com.br\/ipatinga\/wp-content\/uploads\/2019\/07\/lis-10-1-1024x575.jpg\" alt=\"\" data-id=\"1919\" data-link=\"https:\/\/mapadadiversidade.com.br\/ipatinga\/?attachment_id=1919\" class=\"wp-image-1919\" srcset=\"https:\/\/mapadadiversidade.com.br\/ipatinga\/wp-content\/uploads\/2019\/07\/lis-10-1-1024x575.jpg 1024w, https:\/\/mapadadiversidade.com.br\/ipatinga\/wp-content\/uploads\/2019\/07\/lis-10-1-300x168.jpg 300w, https:\/\/mapadadiversidade.com.br\/ipatinga\/wp-content\/uploads\/2019\/07\/lis-10-1-768x431.jpg 768w, https:\/\/mapadadiversidade.com.br\/ipatinga\/wp-content\/uploads\/2019\/07\/lis-10-1.jpg 2048w\" sizes=\"auto, (max-width: 1024px) 100vw, 1024px\" \/><\/figure><\/li><li class=\"blocks-gallery-item\"><figure><img loading=\"lazy\" decoding=\"async\" width=\"1024\" height=\"683\" src=\"https:\/\/mapadadiversidade.com.br\/ipatinga\/wp-content\/uploads\/2019\/07\/Lis-Brasil-1-2-1024x683.jpg\" alt=\"\" data-id=\"1920\" data-link=\"https:\/\/mapadadiversidade.com.br\/ipatinga\/?attachment_id=1920\" class=\"wp-image-1920\" srcset=\"https:\/\/mapadadiversidade.com.br\/ipatinga\/wp-content\/uploads\/2019\/07\/Lis-Brasil-1-2-1024x683.jpg 1024w, https:\/\/mapadadiversidade.com.br\/ipatinga\/wp-content\/uploads\/2019\/07\/Lis-Brasil-1-2-300x200.jpg 300w, https:\/\/mapadadiversidade.com.br\/ipatinga\/wp-content\/uploads\/2019\/07\/Lis-Brasil-1-2-768x512.jpg 768w, https:\/\/mapadadiversidade.com.br\/ipatinga\/wp-content\/uploads\/2019\/07\/Lis-Brasil-1-2.jpg 2048w\" sizes=\"auto, (max-width: 1024px) 100vw, 1024px\" \/><\/figure><\/li><li class=\"blocks-gallery-item\"><figure><img loading=\"lazy\" decoding=\"async\" width=\"684\" height=\"1024\" src=\"https:\/\/mapadadiversidade.com.br\/ipatinga\/wp-content\/uploads\/2019\/07\/Lis-Brasil-2-1-684x1024.jpg\" alt=\"\" data-id=\"1921\" data-link=\"https:\/\/mapadadiversidade.com.br\/ipatinga\/?attachment_id=1921\" class=\"wp-image-1921\" srcset=\"https:\/\/mapadadiversidade.com.br\/ipatinga\/wp-content\/uploads\/2019\/07\/Lis-Brasil-2-1-684x1024.jpg 684w, https:\/\/mapadadiversidade.com.br\/ipatinga\/wp-content\/uploads\/2019\/07\/Lis-Brasil-2-1-200x300.jpg 200w, https:\/\/mapadadiversidade.com.br\/ipatinga\/wp-content\/uploads\/2019\/07\/Lis-Brasil-2-1-768x1150.jpg 768w, https:\/\/mapadadiversidade.com.br\/ipatinga\/wp-content\/uploads\/2019\/07\/Lis-Brasil-2-1.jpg 1262w\" sizes=\"auto, (max-width: 684px) 100vw, 684px\" \/><\/figure><\/li><li class=\"blocks-gallery-item\"><figure><img loading=\"lazy\" decoding=\"async\" width=\"684\" height=\"1024\" src=\"https:\/\/mapadadiversidade.com.br\/ipatinga\/wp-content\/uploads\/2019\/07\/Lis-Brasil-3-1-684x1024.jpg\" alt=\"\" data-id=\"1922\" data-link=\"https:\/\/mapadadiversidade.com.br\/ipatinga\/?attachment_id=1922\" class=\"wp-image-1922\" srcset=\"https:\/\/mapadadiversidade.com.br\/ipatinga\/wp-content\/uploads\/2019\/07\/Lis-Brasil-3-1-684x1024.jpg 684w, https:\/\/mapadadiversidade.com.br\/ipatinga\/wp-content\/uploads\/2019\/07\/Lis-Brasil-3-1-200x300.jpg 200w, https:\/\/mapadadiversidade.com.br\/ipatinga\/wp-content\/uploads\/2019\/07\/Lis-Brasil-3-1-768x1150.jpg 768w, https:\/\/mapadadiversidade.com.br\/ipatinga\/wp-content\/uploads\/2019\/07\/Lis-Brasil-3-1.jpg 1262w\" sizes=\"auto, (max-width: 684px) 100vw, 684px\" \/><\/figure><\/li><\/ul>\n\n\n\n<p><\/p>\n","protected":false},"excerpt":{"rendered":"<p>Musicista, Jornalista, Produtora Cultural, Arte-Educadora, Professora de pandeiro e percuss\u00e3o e instrutora de Yoga.<\/p>\n","protected":false},"author":3,"featured_media":1903,"comment_status":"open","ping_status":"open","sticky":false,"template":"","format":"standard","meta":{"footnotes":""},"categories":[1,5,6,4,12,18],"tags":[225,78,222,73,221],"class_list":["post-1902","post","type-post","status-publish","format-standard","has-post-thumbnail","hentry","category-ipatinga","category-arte-educador-educador-social","category-comunicacao-e-midia","category-linguagem-artisticas","category-musica","category-produtor-ou-gestor-cultural","tag-arte-educadora","tag-jornalista","tag-musicista","tag-produtora-cultural","tag-sambista","item-wrap"],"_links":{"self":[{"href":"https:\/\/mapadadiversidade.com.br\/ipatinga\/wp-json\/wp\/v2\/posts\/1902","targetHints":{"allow":["GET"]}}],"collection":[{"href":"https:\/\/mapadadiversidade.com.br\/ipatinga\/wp-json\/wp\/v2\/posts"}],"about":[{"href":"https:\/\/mapadadiversidade.com.br\/ipatinga\/wp-json\/wp\/v2\/types\/post"}],"author":[{"embeddable":true,"href":"https:\/\/mapadadiversidade.com.br\/ipatinga\/wp-json\/wp\/v2\/users\/3"}],"replies":[{"embeddable":true,"href":"https:\/\/mapadadiversidade.com.br\/ipatinga\/wp-json\/wp\/v2\/comments?post=1902"}],"version-history":[{"count":7,"href":"https:\/\/mapadadiversidade.com.br\/ipatinga\/wp-json\/wp\/v2\/posts\/1902\/revisions"}],"predecessor-version":[{"id":2386,"href":"https:\/\/mapadadiversidade.com.br\/ipatinga\/wp-json\/wp\/v2\/posts\/1902\/revisions\/2386"}],"wp:featuredmedia":[{"embeddable":true,"href":"https:\/\/mapadadiversidade.com.br\/ipatinga\/wp-json\/wp\/v2\/media\/1903"}],"wp:attachment":[{"href":"https:\/\/mapadadiversidade.com.br\/ipatinga\/wp-json\/wp\/v2\/media?parent=1902"}],"wp:term":[{"taxonomy":"category","embeddable":true,"href":"https:\/\/mapadadiversidade.com.br\/ipatinga\/wp-json\/wp\/v2\/categories?post=1902"},{"taxonomy":"post_tag","embeddable":true,"href":"https:\/\/mapadadiversidade.com.br\/ipatinga\/wp-json\/wp\/v2\/tags?post=1902"}],"curies":[{"name":"wp","href":"https:\/\/api.w.org\/{rel}","templated":true}]}}