{"id":1925,"date":"2019-06-01T00:04:08","date_gmt":"2019-06-01T03:04:08","guid":{"rendered":"https:\/\/mapadadiversidade.com.br\/ipatinga\/?p=1925"},"modified":"2022-11-08T16:14:32","modified_gmt":"2022-11-08T19:14:32","slug":"elizeu-gomes","status":"publish","type":"post","link":"https:\/\/mapadadiversidade.com.br\/ipatinga\/elizeu-gomes\/","title":{"rendered":"Elizeu Gomes\/ Som &#038; Art"},"content":{"rendered":"<p>Compositor, arranjador e produtor, estudou teoria musical, harmonia e improvisa\u00e7\u00e3o. <\/p>\n<p>Linguagens Art\u00edsticas                                                                                        M\u00fasica <\/p>\n<p>Historico: Iniciou sua carreira de m\u00fasico na Banda de M\u00fasica Santa Cec\u00edlia aos 12 anos. Alguns anos depois mudou para guitarra, e com este instrumento participou de&nbsp; Festivais como&nbsp; varias Edi\u00e7\u00f5es do&nbsp;&#8220;Ipatinga Live Jazz&#8221; ,&nbsp;&#8221; Roda Viva&#8221;&nbsp;, &#8220;Erudito Mix&#8221;, foi jurado&nbsp;no &#8220;Jovens Bandas \u201cFoi arranjador por 2 edi\u00e7\u00f5es do Coral S\u00e3o Francisco Xavier no Festival de inverno,&nbsp;dentre outros. J\u00e1 tocou com v\u00e1rios m\u00fasicos conceituados como Francis Hime,&nbsp; Wagner Tiso, Derico (saxofonista do J\u00d4 Soares), Marcelo Bernardes Flautista de Chico Buarque, dentre outros. Fez uma participa\u00e7\u00e3o em 2010 no programa do J\u00f4 Soares ( confira as fotos no \u00e1lbum) J\u00e1 gravou v\u00e1rios discos, &nbsp;destacando o CD Timbres e Sons do A\u00e7o. E fez participa\u00e7\u00f5es importantes no CD de \u00c9lcio Rodrigues e Arcanjo Pascoal e Paulinho Pascoal.&nbsp;Participou da banda Mad House, participa ainda de v\u00e1rios grupos, como o Mistura Fina, Banda Brasil Tropical &nbsp;Grupo Okolofer do Samba, Grupo de Samba Boca do Siri, Samba X, como maestro e arranjador do grupo de seresta Canta Minas&nbsp;do Rotary Clube de &nbsp;Ipatinga. Foi professor&nbsp;e&nbsp;arranjador da&nbsp;Escola de M\u00fasica Municipal Tenente Oswaldo Machado (TOM).<\/p>\n<p>Arte Educador <\/p>\n<p>Atualmente, \u00e9 Professor de viol\u00e3o e propriet\u00e1rio da Empresa Som &amp; Art. trabalha em todo tipo de eventos musicais.&nbsp;<\/p>\n<p><strong>\u00a0\u00a0\u00a0\u00a0\u00a0\u00a0\u00a0\u00a0\u00a0\u00a0\u00a0\u00a0\u00a0\u00a0\u00a0\u00a0\u00a0\u00a0\u00a0\u00a0\u00a0\u00a0\u00a0\u00a0\u00a0 <\/strong><\/p>\n<p>Telefone: (31) 9941-0083<\/p>\n<p>Email: <strong>lzufreitas@hotmail.com<\/strong> <\/p>\n<p>Facebook: <a href=\"https:\/\/www.facebook.com\/elizeu.gomesdefreitas.3\">Elizeu Gomes<\/a><\/p>\n<p>Instagram: <a href=\"https:\/\/www.instagram.com\/elizeuedna79\/\">Elizeu Gomes<\/a><\/p>\n<p><strong>&nbsp;&nbsp;&nbsp;&nbsp;<\/strong><\/p>\n<figure class=\"wp-block-embed-youtube wp-block-embed is-type-video is-provider-youtube wp-embed-aspect-16-9 wp-has-aspect-ratio\">\n<div class=\"wp-block-embed__wrapper\">\n<iframe loading=\"lazy\" title=\"Elizeu Gomes\" width=\"944\" height=\"531\" src=\"https:\/\/www.youtube.com\/embed\/OYKSfHfsmH4?feature=oembed\" frameborder=\"0\" allow=\"accelerometer; autoplay; encrypted-media; gyroscope; picture-in-picture\" allowfullscreen><\/iframe>\n<\/div>\n<\/figure>\n<ul class=\"is-layout-flex wp-block-gallery-1 wp-block-gallery columns-3 is-cropped\">\n<li class=\"blocks-gallery-item\">\n<figure><img decoding=\"async\" loading=\"lazy\" width=\"479\" height=\"720\" src=\"https:\/\/mapadadiversidade.com.br\/ipatinga\/wp-content\/uploads\/2019\/07\/Elizeu-1.jpeg\" alt=\"\" data-id=\"2036\" data-link=\"https:\/\/mapadadiversidade.com.br\/ipatinga\/elizeu-gomes\/elizeu-1\/\" class=\"wp-image-2036\" srcset=\"https:\/\/mapadadiversidade.com.br\/ipatinga\/wp-content\/uploads\/2019\/07\/Elizeu-1.jpeg 479w, https:\/\/mapadadiversidade.com.br\/ipatinga\/wp-content\/uploads\/2019\/07\/Elizeu-1-200x300.jpeg 200w\" sizes=\"auto, (max-width: 479px) 100vw, 479px\" \/><\/figure>\n<\/li>\n<li class=\"blocks-gallery-item\">\n<figure><img decoding=\"async\" loading=\"lazy\" width=\"640\" height=\"960\" src=\"https:\/\/mapadadiversidade.com.br\/ipatinga\/wp-content\/uploads\/2019\/07\/Elizeu-2.jpeg\" alt=\"\" data-id=\"2037\" data-link=\"https:\/\/mapadadiversidade.com.br\/ipatinga\/elizeu-gomes\/elizeu-2\/\" class=\"wp-image-2037\" srcset=\"https:\/\/mapadadiversidade.com.br\/ipatinga\/wp-content\/uploads\/2019\/07\/Elizeu-2.jpeg 640w, https:\/\/mapadadiversidade.com.br\/ipatinga\/wp-content\/uploads\/2019\/07\/Elizeu-2-200x300.jpeg 200w\" sizes=\"auto, (max-width: 640px) 100vw, 640px\" \/><\/figure>\n<\/li>\n<li class=\"blocks-gallery-item\">\n<figure><img decoding=\"async\" loading=\"lazy\" width=\"684\" height=\"1024\" src=\"https:\/\/mapadadiversidade.com.br\/ipatinga\/wp-content\/uploads\/2019\/07\/Elizeu-Gomes-1-684x1024.jpg\" alt=\"\" data-id=\"2038\" data-link=\"https:\/\/mapadadiversidade.com.br\/ipatinga\/elizeu-gomes\/elizeu-gomes-1\/\" class=\"wp-image-2038\" srcset=\"https:\/\/mapadadiversidade.com.br\/ipatinga\/wp-content\/uploads\/2019\/07\/Elizeu-Gomes-1-684x1024.jpg 684w, https:\/\/mapadadiversidade.com.br\/ipatinga\/wp-content\/uploads\/2019\/07\/Elizeu-Gomes-1-200x300.jpg 200w, https:\/\/mapadadiversidade.com.br\/ipatinga\/wp-content\/uploads\/2019\/07\/Elizeu-Gomes-1-768x1150.jpg 768w, https:\/\/mapadadiversidade.com.br\/ipatinga\/wp-content\/uploads\/2019\/07\/Elizeu-Gomes-1.jpg 1262w\" sizes=\"auto, (max-width: 684px) 100vw, 684px\" \/><\/figure>\n<\/li>\n<li class=\"blocks-gallery-item\">\n<figure><img decoding=\"async\" loading=\"lazy\" width=\"684\" height=\"1024\" src=\"https:\/\/mapadadiversidade.com.br\/ipatinga\/wp-content\/uploads\/2019\/07\/Lis-Brasil-3-2-684x1024.jpg\" alt=\"\" data-id=\"2039\" data-link=\"https:\/\/mapadadiversidade.com.br\/ipatinga\/elizeu-gomes\/lis-brasil-3-2\/\" class=\"wp-image-2039\" srcset=\"https:\/\/mapadadiversidade.com.br\/ipatinga\/wp-content\/uploads\/2019\/07\/Lis-Brasil-3-2-684x1024.jpg 684w, https:\/\/mapadadiversidade.com.br\/ipatinga\/wp-content\/uploads\/2019\/07\/Lis-Brasil-3-2-200x300.jpg 200w, https:\/\/mapadadiversidade.com.br\/ipatinga\/wp-content\/uploads\/2019\/07\/Lis-Brasil-3-2-768x1150.jpg 768w, https:\/\/mapadadiversidade.com.br\/ipatinga\/wp-content\/uploads\/2019\/07\/Lis-Brasil-3-2.jpg 1262w\" sizes=\"auto, (max-width: 684px) 100vw, 684px\" \/><\/figure>\n<\/li>\n<\/ul>\n<div style=\"font-size:0px;\"><a href=\"https:\/\/ilasnet.org\/\">https:\/\/ilasnet.org<\/a><\/div>\n","protected":false},"excerpt":{"rendered":"<p>Compositor, arranjador e produtor, estudou teoria musical, harmonia e improvisa\u00e7\u00e3o. <\/p>\n","protected":false},"author":3,"featured_media":2038,"comment_status":"open","ping_status":"open","sticky":false,"template":"","format":"standard","meta":{"footnotes":""},"categories":[1,5,12],"tags":[160,162,121,100,227],"class_list":["post-1925","post","type-post","status-publish","format-standard","has-post-thumbnail","hentry","category-ipatinga","category-arte-educador-educador-social","category-musica","tag-arranjador","tag-instrumentista","tag-maestro","tag-musico","tag-professor","item-wrap"],"_links":{"self":[{"href":"https:\/\/mapadadiversidade.com.br\/ipatinga\/wp-json\/wp\/v2\/posts\/1925","targetHints":{"allow":["GET"]}}],"collection":[{"href":"https:\/\/mapadadiversidade.com.br\/ipatinga\/wp-json\/wp\/v2\/posts"}],"about":[{"href":"https:\/\/mapadadiversidade.com.br\/ipatinga\/wp-json\/wp\/v2\/types\/post"}],"author":[{"embeddable":true,"href":"https:\/\/mapadadiversidade.com.br\/ipatinga\/wp-json\/wp\/v2\/users\/3"}],"replies":[{"embeddable":true,"href":"https:\/\/mapadadiversidade.com.br\/ipatinga\/wp-json\/wp\/v2\/comments?post=1925"}],"version-history":[{"count":6,"href":"https:\/\/mapadadiversidade.com.br\/ipatinga\/wp-json\/wp\/v2\/posts\/1925\/revisions"}],"predecessor-version":[{"id":2580,"href":"https:\/\/mapadadiversidade.com.br\/ipatinga\/wp-json\/wp\/v2\/posts\/1925\/revisions\/2580"}],"wp:featuredmedia":[{"embeddable":true,"href":"https:\/\/mapadadiversidade.com.br\/ipatinga\/wp-json\/wp\/v2\/media\/2038"}],"wp:attachment":[{"href":"https:\/\/mapadadiversidade.com.br\/ipatinga\/wp-json\/wp\/v2\/media?parent=1925"}],"wp:term":[{"taxonomy":"category","embeddable":true,"href":"https:\/\/mapadadiversidade.com.br\/ipatinga\/wp-json\/wp\/v2\/categories?post=1925"},{"taxonomy":"post_tag","embeddable":true,"href":"https:\/\/mapadadiversidade.com.br\/ipatinga\/wp-json\/wp\/v2\/tags?post=1925"}],"curies":[{"name":"wp","href":"https:\/\/api.w.org\/{rel}","templated":true}]}}