{"id":1969,"date":"2019-07-09T19:33:34","date_gmt":"2019-07-09T22:33:34","guid":{"rendered":"https:\/\/mapadadiversidade.com.br\/ipatinga\/?p=1969"},"modified":"2019-07-11T12:14:18","modified_gmt":"2019-07-11T15:14:18","slug":"thiago-vaz","status":"publish","type":"post","link":"https:\/\/mapadadiversidade.com.br\/ipatinga\/thiago-vaz\/","title":{"rendered":"Thiago Vaz"},"content":{"rendered":"\n<p>Gestor Publico <\/p>\n\n\n\n<p>Gerente da Se\u00e7\u00e3o de Patrim\u00f4nio e Incentivo Cultural do Munic\u00edpio de Ipatinga.<\/p>\n\n\n\n<p>Historico: Diretor e produtor da Cia Bruta de Teatro. Come\u00e7ou suas atividades art\u00edsticas profissionais em 2005, na Escola Municipal de Artes C\u00eanicas Ant\u00f4nio Guarnieri, e em 2010, na Escola Municipal de M\u00fasica e Canto Tenente Oswaldo Machado. Atualmente, graduado em Licenciatura em Artes C\u00eanicas pela UnB\/Universidade de Bras\u00edlia. Seus principais trabalhos, sendo Coordenador de Produ\u00e7\u00e3o e Int\u00e9rprete-Criador s\u00e3o: os projetos \u201cEspa\u00e7o de Cria\u00e7\u00e3o Bruta 2009 a 2013\u201d Lei Estadual de Incentivo \u00e0 Cultura\/MG, os audiovisuais \u201cRe-A\u00e7\u00f5es\u201d (2010), \u201cCoa\u00e7\u00e3o Banal\u201d (2011), \u201c\u00c9 Preciso Saber Viver\u201d (2012) e os espet\u00e1culos \u201cEm Carne Viva e Crua (2009), \u201cNo Reino de Calama\u00e7o\u201d (2010), \u201cQuintarolar\u201d (2012) e \u201cVida Lusco-Fusco\u201d (2013). Servidor (2013-2019) e Gestor P\u00fablico &#8211; Gerente de Cultura da Prefeitura Municipal de Ipatinga\/MG (2018-2019).<\/p>\n\n\n\n<p>Arte Educador<\/p>\n\n\n\n<p>Professor de Artes C\u00eanicas , atualmente, graduado em Licenciatura em Artes C\u00eanicas pela UnB\/Universidade de Bras\u00edlia. <\/p>\n\n\n\n<p>Telefone: (31) 98584-0939<\/p>\n\n\n\n<p>Email: culturathiagovaz@gmail.com<\/p>\n\n\n\n<p>Facebook: <a href=\"https:\/\/www.facebook.com\/thiago.vaz.52\">Thiago Vaz<\/a><\/p>\n\n\n\n<p>Instagram: <a href=\"https:\/\/www.instagram.com\/atorthiagovaz\/\">Thiago Vaz<\/a><\/p>\n\n\n\n<figure class=\"wp-block-embed-youtube wp-block-embed is-type-video is-provider-youtube wp-embed-aspect-16-9 wp-has-aspect-ratio\"><div class=\"wp-block-embed__wrapper\">\n<iframe loading=\"lazy\" title=\"Thiago Vaz\" width=\"944\" height=\"531\" src=\"https:\/\/www.youtube.com\/embed\/T9TMfXYQtxg?feature=oembed\" frameborder=\"0\" allow=\"accelerometer; autoplay; encrypted-media; gyroscope; picture-in-picture\" allowfullscreen><\/iframe>\n<\/div><\/figure>\n\n\n\n<ul class=\"wp-block-gallery columns-3 is-cropped wp-block-gallery-1 is-layout-flex wp-block-gallery-is-layout-flex\"><li class=\"blocks-gallery-item\"><figure><img loading=\"lazy\" decoding=\"async\" width=\"768\" height=\"1024\" src=\"https:\/\/mapadadiversidade.com.br\/ipatinga\/wp-content\/uploads\/2019\/07\/WhatsApp-Image-2019-07-09-at-20.16.29-1-768x1024.jpeg\" alt=\"\" data-id=\"2008\" data-link=\"https:\/\/mapadadiversidade.com.br\/ipatinga\/thiago-vaz\/whatsapp-image-2019-07-09-at-20-16-29-1\/\" class=\"wp-image-2008\" srcset=\"https:\/\/mapadadiversidade.com.br\/ipatinga\/wp-content\/uploads\/2019\/07\/WhatsApp-Image-2019-07-09-at-20.16.29-1-768x1024.jpeg 768w, https:\/\/mapadadiversidade.com.br\/ipatinga\/wp-content\/uploads\/2019\/07\/WhatsApp-Image-2019-07-09-at-20.16.29-1-225x300.jpeg 225w, https:\/\/mapadadiversidade.com.br\/ipatinga\/wp-content\/uploads\/2019\/07\/WhatsApp-Image-2019-07-09-at-20.16.29-1.jpeg 774w\" sizes=\"auto, (max-width: 768px) 100vw, 768px\" \/><\/figure><\/li><li class=\"blocks-gallery-item\"><figure><img loading=\"lazy\" decoding=\"async\" width=\"1024\" height=\"1003\" src=\"https:\/\/mapadadiversidade.com.br\/ipatinga\/wp-content\/uploads\/2019\/07\/miss-1024x1003.jpeg\" alt=\"\" data-id=\"2009\" data-link=\"https:\/\/mapadadiversidade.com.br\/ipatinga\/thiago-vaz\/miss\/\" class=\"wp-image-2009\" srcset=\"https:\/\/mapadadiversidade.com.br\/ipatinga\/wp-content\/uploads\/2019\/07\/miss-1024x1003.jpeg 1024w, https:\/\/mapadadiversidade.com.br\/ipatinga\/wp-content\/uploads\/2019\/07\/miss-300x294.jpeg 300w, https:\/\/mapadadiversidade.com.br\/ipatinga\/wp-content\/uploads\/2019\/07\/miss-768x752.jpeg 768w, https:\/\/mapadadiversidade.com.br\/ipatinga\/wp-content\/uploads\/2019\/07\/miss.jpeg 1079w\" sizes=\"auto, (max-width: 1024px) 100vw, 1024px\" \/><\/figure><\/li><li class=\"blocks-gallery-item\"><figure><img loading=\"lazy\" decoding=\"async\" width=\"960\" height=\"551\" src=\"https:\/\/mapadadiversidade.com.br\/ipatinga\/wp-content\/uploads\/2019\/07\/thiago-1.jpeg\" alt=\"\" data-id=\"2010\" data-link=\"https:\/\/mapadadiversidade.com.br\/ipatinga\/thiago-vaz\/thiago-1\/\" class=\"wp-image-2010\" srcset=\"https:\/\/mapadadiversidade.com.br\/ipatinga\/wp-content\/uploads\/2019\/07\/thiago-1.jpeg 960w, https:\/\/mapadadiversidade.com.br\/ipatinga\/wp-content\/uploads\/2019\/07\/thiago-1-300x172.jpeg 300w, https:\/\/mapadadiversidade.com.br\/ipatinga\/wp-content\/uploads\/2019\/07\/thiago-1-768x441.jpeg 768w\" sizes=\"auto, (max-width: 960px) 100vw, 960px\" \/><\/figure><\/li><li class=\"blocks-gallery-item\"><figure><img loading=\"lazy\" decoding=\"async\" width=\"1024\" height=\"1002\" src=\"https:\/\/mapadadiversidade.com.br\/ipatinga\/wp-content\/uploads\/2019\/07\/thiago-8-1024x1002.jpeg\" alt=\"\" data-id=\"2011\" data-link=\"https:\/\/mapadadiversidade.com.br\/ipatinga\/thiago-vaz\/thiago-8\/\" class=\"wp-image-2011\" srcset=\"https:\/\/mapadadiversidade.com.br\/ipatinga\/wp-content\/uploads\/2019\/07\/thiago-8-1024x1002.jpeg 1024w, https:\/\/mapadadiversidade.com.br\/ipatinga\/wp-content\/uploads\/2019\/07\/thiago-8-300x294.jpeg 300w, https:\/\/mapadadiversidade.com.br\/ipatinga\/wp-content\/uploads\/2019\/07\/thiago-8-768x752.jpeg 768w, https:\/\/mapadadiversidade.com.br\/ipatinga\/wp-content\/uploads\/2019\/07\/thiago-8.jpeg 1080w\" sizes=\"auto, (max-width: 1024px) 100vw, 1024px\" \/><\/figure><\/li><li class=\"blocks-gallery-item\"><figure><img loading=\"lazy\" decoding=\"async\" width=\"1024\" height=\"1024\" src=\"https:\/\/mapadadiversidade.com.br\/ipatinga\/wp-content\/uploads\/2019\/07\/thiago-10-1024x1024.jpeg\" alt=\"\" data-id=\"2012\" data-link=\"https:\/\/mapadadiversidade.com.br\/ipatinga\/thiago-vaz\/thiago-10\/\" class=\"wp-image-2012\" srcset=\"https:\/\/mapadadiversidade.com.br\/ipatinga\/wp-content\/uploads\/2019\/07\/thiago-10-1024x1024.jpeg 1024w, https:\/\/mapadadiversidade.com.br\/ipatinga\/wp-content\/uploads\/2019\/07\/thiago-10-150x150.jpeg 150w, https:\/\/mapadadiversidade.com.br\/ipatinga\/wp-content\/uploads\/2019\/07\/thiago-10-300x300.jpeg 300w, https:\/\/mapadadiversidade.com.br\/ipatinga\/wp-content\/uploads\/2019\/07\/thiago-10-768x768.jpeg 768w, https:\/\/mapadadiversidade.com.br\/ipatinga\/wp-content\/uploads\/2019\/07\/thiago-10.jpeg 1068w\" sizes=\"auto, (max-width: 1024px) 100vw, 1024px\" \/><\/figure><\/li><li class=\"blocks-gallery-item\"><figure><img loading=\"lazy\" decoding=\"async\" width=\"1024\" height=\"1011\" src=\"https:\/\/mapadadiversidade.com.br\/ipatinga\/wp-content\/uploads\/2019\/07\/thiago-1024x1011.jpeg\" alt=\"\" data-id=\"2013\" data-link=\"https:\/\/mapadadiversidade.com.br\/ipatinga\/thiago-vaz\/thiago\/\" class=\"wp-image-2013\" srcset=\"https:\/\/mapadadiversidade.com.br\/ipatinga\/wp-content\/uploads\/2019\/07\/thiago-1024x1011.jpeg 1024w, https:\/\/mapadadiversidade.com.br\/ipatinga\/wp-content\/uploads\/2019\/07\/thiago-300x296.jpeg 300w, https:\/\/mapadadiversidade.com.br\/ipatinga\/wp-content\/uploads\/2019\/07\/thiago-768x758.jpeg 768w, https:\/\/mapadadiversidade.com.br\/ipatinga\/wp-content\/uploads\/2019\/07\/thiago.jpeg 1080w\" sizes=\"auto, (max-width: 1024px) 100vw, 1024px\" \/><\/figure><\/li><li class=\"blocks-gallery-item\"><figure><img loading=\"lazy\" decoding=\"async\" width=\"960\" height=\"640\" src=\"https:\/\/mapadadiversidade.com.br\/ipatinga\/wp-content\/uploads\/2019\/07\/thiago4.jpeg\" alt=\"\" data-id=\"2015\" data-link=\"https:\/\/mapadadiversidade.com.br\/ipatinga\/thiago-vaz\/thiago4\/\" class=\"wp-image-2015\" srcset=\"https:\/\/mapadadiversidade.com.br\/ipatinga\/wp-content\/uploads\/2019\/07\/thiago4.jpeg 960w, https:\/\/mapadadiversidade.com.br\/ipatinga\/wp-content\/uploads\/2019\/07\/thiago4-300x200.jpeg 300w, https:\/\/mapadadiversidade.com.br\/ipatinga\/wp-content\/uploads\/2019\/07\/thiago4-768x512.jpeg 768w\" sizes=\"auto, (max-width: 960px) 100vw, 960px\" \/><\/figure><\/li><li class=\"blocks-gallery-item\"><figure><img loading=\"lazy\" decoding=\"async\" width=\"640\" height=\"960\" src=\"https:\/\/mapadadiversidade.com.br\/ipatinga\/wp-content\/uploads\/2019\/07\/thiago5.jpeg\" alt=\"\" data-id=\"2016\" data-link=\"https:\/\/mapadadiversidade.com.br\/ipatinga\/thiago-vaz\/thiago5\/\" class=\"wp-image-2016\" srcset=\"https:\/\/mapadadiversidade.com.br\/ipatinga\/wp-content\/uploads\/2019\/07\/thiago5.jpeg 640w, https:\/\/mapadadiversidade.com.br\/ipatinga\/wp-content\/uploads\/2019\/07\/thiago5-200x300.jpeg 200w\" sizes=\"auto, (max-width: 640px) 100vw, 640px\" \/><\/figure><\/li><li class=\"blocks-gallery-item\"><figure><img loading=\"lazy\" decoding=\"async\" width=\"640\" height=\"640\" src=\"https:\/\/mapadadiversidade.com.br\/ipatinga\/wp-content\/uploads\/2019\/07\/thiago6.jpeg\" alt=\"\" data-id=\"2017\" data-link=\"https:\/\/mapadadiversidade.com.br\/ipatinga\/thiago-vaz\/thiago6\/\" class=\"wp-image-2017\" srcset=\"https:\/\/mapadadiversidade.com.br\/ipatinga\/wp-content\/uploads\/2019\/07\/thiago6.jpeg 640w, https:\/\/mapadadiversidade.com.br\/ipatinga\/wp-content\/uploads\/2019\/07\/thiago6-150x150.jpeg 150w, https:\/\/mapadadiversidade.com.br\/ipatinga\/wp-content\/uploads\/2019\/07\/thiago6-300x300.jpeg 300w\" sizes=\"auto, (max-width: 640px) 100vw, 640px\" \/><\/figure><\/li><li class=\"blocks-gallery-item\"><figure><img loading=\"lazy\" decoding=\"async\" width=\"465\" height=\"682\" src=\"https:\/\/mapadadiversidade.com.br\/ipatinga\/wp-content\/uploads\/2019\/07\/thiago7.jpeg\" alt=\"\" data-id=\"2018\" data-link=\"https:\/\/mapadadiversidade.com.br\/ipatinga\/thiago-vaz\/thiago7\/\" class=\"wp-image-2018\" srcset=\"https:\/\/mapadadiversidade.com.br\/ipatinga\/wp-content\/uploads\/2019\/07\/thiago7.jpeg 465w, https:\/\/mapadadiversidade.com.br\/ipatinga\/wp-content\/uploads\/2019\/07\/thiago7-205x300.jpeg 205w\" sizes=\"auto, (max-width: 465px) 100vw, 465px\" \/><\/figure><\/li><\/ul>\n","protected":false},"excerpt":{"rendered":"<p>Gerente da Se\u00e7\u00e3o de Patrim\u00f4nio e Incentivo Cultural do Munic\u00edpio de Ipatinga. Professor de Artes C\u00eanicas, ator, bailarino e palha\u00e7o.<\/p>\n","protected":false},"author":3,"featured_media":2007,"comment_status":"open","ping_status":"open","sticky":false,"template":"","format":"standard","meta":{"footnotes":""},"categories":[1,5,18],"tags":[33,241,192,242,243,97],"class_list":["post-1969","post","type-post","status-publish","format-standard","has-post-thumbnail","hentry","category-ipatinga","category-arte-educador-educador-social","category-produtor-ou-gestor-cultural","tag-arte-educador","tag-artes-cenicas","tag-ator","tag-bailarino","tag-palhaco","tag-patrimonio-material-e-imaterial","item-wrap"],"_links":{"self":[{"href":"https:\/\/mapadadiversidade.com.br\/ipatinga\/wp-json\/wp\/v2\/posts\/1969","targetHints":{"allow":["GET"]}}],"collection":[{"href":"https:\/\/mapadadiversidade.com.br\/ipatinga\/wp-json\/wp\/v2\/posts"}],"about":[{"href":"https:\/\/mapadadiversidade.com.br\/ipatinga\/wp-json\/wp\/v2\/types\/post"}],"author":[{"embeddable":true,"href":"https:\/\/mapadadiversidade.com.br\/ipatinga\/wp-json\/wp\/v2\/users\/3"}],"replies":[{"embeddable":true,"href":"https:\/\/mapadadiversidade.com.br\/ipatinga\/wp-json\/wp\/v2\/comments?post=1969"}],"version-history":[{"count":4,"href":"https:\/\/mapadadiversidade.com.br\/ipatinga\/wp-json\/wp\/v2\/posts\/1969\/revisions"}],"predecessor-version":[{"id":2287,"href":"https:\/\/mapadadiversidade.com.br\/ipatinga\/wp-json\/wp\/v2\/posts\/1969\/revisions\/2287"}],"wp:featuredmedia":[{"embeddable":true,"href":"https:\/\/mapadadiversidade.com.br\/ipatinga\/wp-json\/wp\/v2\/media\/2007"}],"wp:attachment":[{"href":"https:\/\/mapadadiversidade.com.br\/ipatinga\/wp-json\/wp\/v2\/media?parent=1969"}],"wp:term":[{"taxonomy":"category","embeddable":true,"href":"https:\/\/mapadadiversidade.com.br\/ipatinga\/wp-json\/wp\/v2\/categories?post=1969"},{"taxonomy":"post_tag","embeddable":true,"href":"https:\/\/mapadadiversidade.com.br\/ipatinga\/wp-json\/wp\/v2\/tags?post=1969"}],"curies":[{"name":"wp","href":"https:\/\/api.w.org\/{rel}","templated":true}]}}