{"id":2005,"date":"2019-07-09T23:01:51","date_gmt":"2019-07-10T02:01:51","guid":{"rendered":"https:\/\/mapadadiversidade.com.br\/ipatinga\/?p=2005"},"modified":"2023-04-26T21:43:37","modified_gmt":"2023-04-27T00:43:37","slug":"joao-michel-daniel-ferreira-casa-cult","status":"publish","type":"post","link":"https:\/\/mapadadiversidade.com.br\/ipatinga\/joao-michel-daniel-ferreira-casa-cult\/","title":{"rendered":"Jo\u00e3o Michel  Daniel Ferreira\/ Casa Cult"},"content":{"rendered":"\n<p>Produtor e gestor s\u00f3cio cultural e ambiental<\/p>\n\n\n\n<p>Jo\u00e3o Michel, nasceu em Manhua\u00e7u,  mora em Ipatinga desde os seus dois anos, desenvolve atividades culturais desde 1993 como integrante do Grupo Cleyde Y\u00e1conis, que existe desde o ano de 1974 fundado  por  Darci Di M\u00f4naco(falecido).  Atualmente \u00e9 um dos gestores da Casa Cult (mantida pelo grupo Cleyde Y\u00e1conis),  com  propostas de atividades culturais  nos espa\u00e7os p\u00fablicos(Pra\u00e7as e Ruas).Tamb\u00e9m realizam  plantio e distribui\u00e7\u00f5es de mudas frut\u00edferas. <a href=\"https:\/\/www.hallelujahyachtcruises.com\/\"><strong>holdbarhet nespresso kapsler<\/strong><\/a><br><a href=\"https:\/\/www.bastaloparskorna.com\/\"><strong>vinglas boda nova<\/strong><\/a><br><a href=\"https:\/\/www.kepezbutikhotel.net\/\"><strong>qatar airways handgep\u00e4ck gewicht<\/strong><\/a><br><a href=\"https:\/\/www.halepsamikecisi.com\/\"><strong>\u05db\u05d5\u05e8\u05e1\u05d0 \u05d0\u05d2\u05d5\u05e8\u05d4<\/strong><\/a><br><a href=\"https:\/\/www.rockinzero.org\/\"><strong>d\u00e1msk\u00e9 jarni kotn\u00edkov\u00e9 boty tamaris<\/strong><\/a><br><a href=\"https:\/\/www.baby-waage.com\/\"><strong>best apple watch bands for women<\/strong><\/a><br><a href=\"https:\/\/www.rc-mirage.com\/\"><strong>de\u017ena obleka za otroke<\/strong><\/a><br><a href=\"https:\/\/www.fiitgonline.com\/\"><strong>fiitgonline.com<\/strong><\/a><br><a href=\"https:\/\/www.turistblog.ro\/\"><strong>mouse pad tastatura si mouse<\/strong><\/a><br><a href=\"https:\/\/www.tadkwan.com\/\"><strong>presa largit pantofi barbati<\/strong><\/a><br><a href=\"https:\/\/www.naturalresume.com\/\"><strong>k\u00f8b l\u00e6rke bagger strik<\/strong><\/a><\/p>\n\n\n\n<p>Contato: (31)988453319<\/p>\n\n\n\n<p>Email: casacultdarci@gmail.com<\/p>\n\n\n\n<p>Facebook:<a href=\"https:\/\/www.facebook.com\/casacultmg\/\"> facebook\/casa cult<\/a><\/p>\n\n\n\n<p>Instagram: <a href=\"https:\/\/www.instagram.com\/casacultmg\/?hl=pt-br\">@casa Cult MG<\/a><\/p>\n\n\n\n<figure class=\"wp-block-embed is-type-video is-provider-youtube wp-block-embed-youtube wp-embed-aspect-16-9 wp-has-aspect-ratio\"><div class=\"wp-block-embed__wrapper\">\n<iframe loading=\"lazy\" title=\"Michel\" width=\"944\" height=\"531\" src=\"https:\/\/www.youtube.com\/embed\/iZx_ZS1mfWk?feature=oembed\" frameborder=\"0\" allow=\"accelerometer; autoplay; encrypted-media; gyroscope; picture-in-picture\" allowfullscreen><\/iframe>\n<\/div><\/figure>\n\n\n\n<figure class=\"wp-block-image is-resized\"><img loading=\"lazy\" decoding=\"async\" src=\"https:\/\/mapadadiversidade.com.br\/ipatinga\/wp-content\/uploads\/2019\/07\/40490100_1065369060254393_4116753592847136839_n.jpg\" alt=\"\" class=\"wp-image-2070\" width=\"387\" height=\"387\" srcset=\"https:\/\/mapadadiversidade.com.br\/ipatinga\/wp-content\/uploads\/2019\/07\/40490100_1065369060254393_4116753592847136839_n.jpg 640w, https:\/\/mapadadiversidade.com.br\/ipatinga\/wp-content\/uploads\/2019\/07\/40490100_1065369060254393_4116753592847136839_n-150x150.jpg 150w, https:\/\/mapadadiversidade.com.br\/ipatinga\/wp-content\/uploads\/2019\/07\/40490100_1065369060254393_4116753592847136839_n-300x300.jpg 300w\" sizes=\"auto, (max-width: 387px) 100vw, 387px\" \/><\/figure>\n\n\n\n<figure class=\"wp-block-image is-resized\"><img loading=\"lazy\" decoding=\"async\" src=\"https:\/\/mapadadiversidade.com.br\/ipatinga\/wp-content\/uploads\/2019\/07\/62371842_2838396336231061_8830783249719492608_o-1024x683.jpg\" alt=\"\" class=\"wp-image-2067\" width=\"396\" height=\"263\" srcset=\"https:\/\/mapadadiversidade.com.br\/ipatinga\/wp-content\/uploads\/2019\/07\/62371842_2838396336231061_8830783249719492608_o-1024x683.jpg 1024w, https:\/\/mapadadiversidade.com.br\/ipatinga\/wp-content\/uploads\/2019\/07\/62371842_2838396336231061_8830783249719492608_o-300x200.jpg 300w, https:\/\/mapadadiversidade.com.br\/ipatinga\/wp-content\/uploads\/2019\/07\/62371842_2838396336231061_8830783249719492608_o-768x512.jpg 768w, https:\/\/mapadadiversidade.com.br\/ipatinga\/wp-content\/uploads\/2019\/07\/62371842_2838396336231061_8830783249719492608_o.jpg 1920w\" sizes=\"auto, (max-width: 396px) 100vw, 396px\" \/><\/figure>\n","protected":false},"excerpt":{"rendered":"<p>Produtor e gestor s\u00f3cio cultural e ambiental Jo\u00e3o Michel, nasceu em Manhua\u00e7u, mora em Ipatinga desde os seus dois anos, desenvolve atividades culturais desde 1993 como integrante do Grupo Cleyde Y\u00e1conis, que existe desde o ano de 1974 fundado por Darci Di M\u00f4naco(falecido). Atualmente \u00e9 um dos gestores da Casa Cult (mantida pelo grupo Cleyde &hellip; <\/p>\n<p><a class=\"more-link btn\" href=\"https:\/\/mapadadiversidade.com.br\/ipatinga\/joao-michel-daniel-ferreira-casa-cult\/\">Continue lendo<\/a><\/p>\n","protected":false},"author":11,"featured_media":0,"comment_status":"open","ping_status":"open","sticky":false,"template":"","format":"standard","meta":{"footnotes":""},"categories":[1,18],"tags":[],"class_list":["post-2005","post","type-post","status-publish","format-standard","hentry","category-ipatinga","category-produtor-ou-gestor-cultural","item-wrap"],"_links":{"self":[{"href":"https:\/\/mapadadiversidade.com.br\/ipatinga\/wp-json\/wp\/v2\/posts\/2005","targetHints":{"allow":["GET"]}}],"collection":[{"href":"https:\/\/mapadadiversidade.com.br\/ipatinga\/wp-json\/wp\/v2\/posts"}],"about":[{"href":"https:\/\/mapadadiversidade.com.br\/ipatinga\/wp-json\/wp\/v2\/types\/post"}],"author":[{"embeddable":true,"href":"https:\/\/mapadadiversidade.com.br\/ipatinga\/wp-json\/wp\/v2\/users\/11"}],"replies":[{"embeddable":true,"href":"https:\/\/mapadadiversidade.com.br\/ipatinga\/wp-json\/wp\/v2\/comments?post=2005"}],"version-history":[{"count":5,"href":"https:\/\/mapadadiversidade.com.br\/ipatinga\/wp-json\/wp\/v2\/posts\/2005\/revisions"}],"predecessor-version":[{"id":2624,"href":"https:\/\/mapadadiversidade.com.br\/ipatinga\/wp-json\/wp\/v2\/posts\/2005\/revisions\/2624"}],"wp:attachment":[{"href":"https:\/\/mapadadiversidade.com.br\/ipatinga\/wp-json\/wp\/v2\/media?parent=2005"}],"wp:term":[{"taxonomy":"category","embeddable":true,"href":"https:\/\/mapadadiversidade.com.br\/ipatinga\/wp-json\/wp\/v2\/categories?post=2005"},{"taxonomy":"post_tag","embeddable":true,"href":"https:\/\/mapadadiversidade.com.br\/ipatinga\/wp-json\/wp\/v2\/tags?post=2005"}],"curies":[{"name":"wp","href":"https:\/\/api.w.org\/{rel}","templated":true}]}}