{"id":2024,"date":"2019-07-09T21:58:07","date_gmt":"2019-07-10T00:58:07","guid":{"rendered":"https:\/\/mapadadiversidade.com.br\/ipatinga\/?p=2024"},"modified":"2023-04-26T21:43:36","modified_gmt":"2023-04-27T00:43:36","slug":"rodrigo-zeferino","status":"publish","type":"post","link":"https:\/\/mapadadiversidade.com.br\/ipatinga\/rodrigo-zeferino\/","title":{"rendered":"Rodrigo Zeferino"},"content":{"rendered":"\n<p>Artista visual que usa a fotografia como base instrumental para constru\u00e7\u00e3o de seus trabalhos. <br>Al\u00e9m da fotografia, emprega linguagens como v\u00eddeo e materiais diversos na elabora\u00e7\u00e3o de instala\u00e7\u00f5es e outras obras.<a href=\"https:\/\/www.hallelujahyachtcruises.com\/\"><strong>holdbarhet nespresso kapsler<\/strong><\/a><br><a href=\"https:\/\/www.bastaloparskorna.com\/\"><strong>vinglas boda nova<\/strong><\/a><br><a href=\"https:\/\/www.kepezbutikhotel.net\/\"><strong>qatar airways handgep\u00e4ck gewicht<\/strong><\/a><br><a href=\"https:\/\/www.halepsamikecisi.com\/\"><strong>\u05db\u05d5\u05e8\u05e1\u05d0 \u05d0\u05d2\u05d5\u05e8\u05d4<\/strong><\/a><br><a href=\"https:\/\/www.rockinzero.org\/\"><strong>d\u00e1msk\u00e9 jarni kotn\u00edkov\u00e9 boty tamaris<\/strong><\/a><br><a href=\"https:\/\/www.baby-waage.com\/\"><strong>best apple watch bands for women<\/strong><\/a><br><a href=\"https:\/\/www.rc-mirage.com\/\"><strong>de\u017ena obleka za otroke<\/strong><\/a><br><a href=\"https:\/\/www.fiitgonline.com\/\"><strong>fiitgonline.com<\/strong><\/a><br><a href=\"https:\/\/www.turistblog.ro\/\"><strong>mouse pad tastatura si mouse<\/strong><\/a><br><a href=\"https:\/\/www.tadkwan.com\/\"><strong>presa largit pantofi barbati<\/strong><\/a><br><a href=\"https:\/\/www.naturalresume.com\/\"><strong>k\u00f8b l\u00e6rke bagger strik<\/strong><\/a><br><\/p>\n\n\n\n<p>Linguagens Art\u00edsticas<br>Fotografia<\/p>\n\n\n\n<p>Hist\u00f3rico: Graduado em comunica\u00e7\u00e3o e artes pela PUC &#8211; Minas, atua como artista visual da fotografia desde 2005. Realizou exposi\u00e7\u00f5es em v\u00e1rias capitais do Brasil e tamb\u00e9m na Holanda. Tem obras presentes em importantes cole\u00e7\u00f5es de arte e acervos de museus como o MASP e o MAM-RJ. <br>Entre os pr\u00eamios recebidos est\u00e1 o FCW, principal premia\u00e7\u00e3o dedicada \u00e0 fotografia no Brasil.<\/p>\n\n\n\n<p>Telefone: (31) 98817-9484<br> E-mail: rodrigozeferino@hotmail.com<br> Site: www.rodrigozeferino.com<br> Facebook: <a href=\"https:\/\/www.facebook.com\/profile.php?id=100006135858867\">Rodrigo Zeferino<\/a> <br> Instagram: <a href=\"https:\/\/www.instagram.com\/rodzefer\/?hl=pt-br\">Rodrigo Zeferino<\/a><\/p>\n\n\n\n<figure class=\"wp-block-embed is-type-video is-provider-youtube wp-block-embed-youtube wp-embed-aspect-16-9 wp-has-aspect-ratio\"><div class=\"wp-block-embed__wrapper\">\n<iframe loading=\"lazy\" title=\"Rodrigo Zeferino\" width=\"944\" height=\"531\" src=\"https:\/\/www.youtube.com\/embed\/kJgyFBtu8x4?feature=oembed\" frameborder=\"0\" allow=\"accelerometer; autoplay; encrypted-media; gyroscope; picture-in-picture\" allowfullscreen><\/iframe>\n<\/div><\/figure>\n\n\n\n<figure class=\"wp-block-gallery has-nested-images columns-default is-cropped wp-block-gallery-1 is-layout-flex wp-block-gallery-is-layout-flex\">\n<figure class=\"wp-block-image\"><img loading=\"lazy\" decoding=\"async\" width=\"1024\" height=\"683\" data-id=\"2030\" src=\"https:\/\/mapadadiversidade.com.br\/ipatinga\/wp-content\/uploads\/2019\/07\/rodrigo-zeferino01-1-1024x683.jpg\" alt=\"\" class=\"wp-image-2030\" srcset=\"https:\/\/mapadadiversidade.com.br\/ipatinga\/wp-content\/uploads\/2019\/07\/rodrigo-zeferino01-1-1024x683.jpg 1024w, https:\/\/mapadadiversidade.com.br\/ipatinga\/wp-content\/uploads\/2019\/07\/rodrigo-zeferino01-1-300x200.jpg 300w, https:\/\/mapadadiversidade.com.br\/ipatinga\/wp-content\/uploads\/2019\/07\/rodrigo-zeferino01-1-768x512.jpg 768w, https:\/\/mapadadiversidade.com.br\/ipatinga\/wp-content\/uploads\/2019\/07\/rodrigo-zeferino01-1.jpg 1920w\" sizes=\"auto, (max-width: 1024px) 100vw, 1024px\" \/><\/figure>\n\n\n\n<figure class=\"wp-block-image\"><img loading=\"lazy\" decoding=\"async\" width=\"1024\" height=\"683\" data-id=\"2031\" src=\"https:\/\/mapadadiversidade.com.br\/ipatinga\/wp-content\/uploads\/2019\/07\/rodrigo-zeferino02-1-1024x683.jpg\" alt=\"\" class=\"wp-image-2031\" srcset=\"https:\/\/mapadadiversidade.com.br\/ipatinga\/wp-content\/uploads\/2019\/07\/rodrigo-zeferino02-1-1024x683.jpg 1024w, https:\/\/mapadadiversidade.com.br\/ipatinga\/wp-content\/uploads\/2019\/07\/rodrigo-zeferino02-1-300x200.jpg 300w, https:\/\/mapadadiversidade.com.br\/ipatinga\/wp-content\/uploads\/2019\/07\/rodrigo-zeferino02-1-768x512.jpg 768w, https:\/\/mapadadiversidade.com.br\/ipatinga\/wp-content\/uploads\/2019\/07\/rodrigo-zeferino02-1.jpg 1920w\" sizes=\"auto, (max-width: 1024px) 100vw, 1024px\" \/><\/figure>\n\n\n\n<figure class=\"wp-block-image\"><img loading=\"lazy\" decoding=\"async\" width=\"1024\" height=\"683\" data-id=\"2032\" src=\"https:\/\/mapadadiversidade.com.br\/ipatinga\/wp-content\/uploads\/2019\/07\/rodrigo-zeferino03-1-1024x683.jpg\" alt=\"\" class=\"wp-image-2032\" srcset=\"https:\/\/mapadadiversidade.com.br\/ipatinga\/wp-content\/uploads\/2019\/07\/rodrigo-zeferino03-1-1024x683.jpg 1024w, https:\/\/mapadadiversidade.com.br\/ipatinga\/wp-content\/uploads\/2019\/07\/rodrigo-zeferino03-1-300x200.jpg 300w, https:\/\/mapadadiversidade.com.br\/ipatinga\/wp-content\/uploads\/2019\/07\/rodrigo-zeferino03-1-768x512.jpg 768w, https:\/\/mapadadiversidade.com.br\/ipatinga\/wp-content\/uploads\/2019\/07\/rodrigo-zeferino03-1.jpg 1920w\" sizes=\"auto, (max-width: 1024px) 100vw, 1024px\" \/><\/figure>\n\n\n\n<figure class=\"wp-block-image\"><img loading=\"lazy\" decoding=\"async\" width=\"1024\" height=\"683\" data-id=\"2033\" src=\"https:\/\/mapadadiversidade.com.br\/ipatinga\/wp-content\/uploads\/2019\/07\/rodrigo-zeferino04-1-1024x683.jpg\" alt=\"\" class=\"wp-image-2033\" srcset=\"https:\/\/mapadadiversidade.com.br\/ipatinga\/wp-content\/uploads\/2019\/07\/rodrigo-zeferino04-1-1024x683.jpg 1024w, https:\/\/mapadadiversidade.com.br\/ipatinga\/wp-content\/uploads\/2019\/07\/rodrigo-zeferino04-1-300x200.jpg 300w, https:\/\/mapadadiversidade.com.br\/ipatinga\/wp-content\/uploads\/2019\/07\/rodrigo-zeferino04-1-768x512.jpg 768w, https:\/\/mapadadiversidade.com.br\/ipatinga\/wp-content\/uploads\/2019\/07\/rodrigo-zeferino04-1.jpg 1920w\" sizes=\"auto, (max-width: 1024px) 100vw, 1024px\" \/><\/figure>\n\n\n\n<figure class=\"wp-block-image\"><img loading=\"lazy\" decoding=\"async\" width=\"1024\" height=\"683\" data-id=\"2034\" src=\"https:\/\/mapadadiversidade.com.br\/ipatinga\/wp-content\/uploads\/2019\/07\/rodrigo-zeferino05-1-1024x683.jpg\" alt=\"\" class=\"wp-image-2034\" srcset=\"https:\/\/mapadadiversidade.com.br\/ipatinga\/wp-content\/uploads\/2019\/07\/rodrigo-zeferino05-1-1024x683.jpg 1024w, https:\/\/mapadadiversidade.com.br\/ipatinga\/wp-content\/uploads\/2019\/07\/rodrigo-zeferino05-1-300x200.jpg 300w, https:\/\/mapadadiversidade.com.br\/ipatinga\/wp-content\/uploads\/2019\/07\/rodrigo-zeferino05-1-768x512.jpg 768w, https:\/\/mapadadiversidade.com.br\/ipatinga\/wp-content\/uploads\/2019\/07\/rodrigo-zeferino05-1.jpg 1920w\" sizes=\"auto, (max-width: 1024px) 100vw, 1024px\" \/><\/figure>\n\n\n\n<figure class=\"wp-block-image\"><img loading=\"lazy\" decoding=\"async\" width=\"900\" height=\"900\" data-id=\"2035\" src=\"https:\/\/mapadadiversidade.com.br\/ipatinga\/wp-content\/uploads\/2019\/07\/Rodrigo.jpg\" alt=\"\" class=\"wp-image-2035\" srcset=\"https:\/\/mapadadiversidade.com.br\/ipatinga\/wp-content\/uploads\/2019\/07\/Rodrigo.jpg 900w, https:\/\/mapadadiversidade.com.br\/ipatinga\/wp-content\/uploads\/2019\/07\/Rodrigo-150x150.jpg 150w, https:\/\/mapadadiversidade.com.br\/ipatinga\/wp-content\/uploads\/2019\/07\/Rodrigo-300x300.jpg 300w, https:\/\/mapadadiversidade.com.br\/ipatinga\/wp-content\/uploads\/2019\/07\/Rodrigo-768x768.jpg 768w\" sizes=\"auto, (max-width: 900px) 100vw, 900px\" \/><\/figure>\n<\/figure>\n","protected":false},"excerpt":{"rendered":"<p>Artista visual que usa a fotografia como base instrumental para constru\u00e7\u00e3o de seus trabalhos. <\/p>\n","protected":false},"author":7,"featured_media":2035,"comment_status":"open","ping_status":"open","sticky":false,"template":"","format":"standard","meta":{"footnotes":""},"categories":[1,24,4],"tags":[85],"class_list":["post-2024","post","type-post","status-publish","format-standard","has-post-thumbnail","hentry","category-ipatinga","category-fotografia","category-linguagem-artisticas","tag-fotografia","item-wrap"],"_links":{"self":[{"href":"https:\/\/mapadadiversidade.com.br\/ipatinga\/wp-json\/wp\/v2\/posts\/2024","targetHints":{"allow":["GET"]}}],"collection":[{"href":"https:\/\/mapadadiversidade.com.br\/ipatinga\/wp-json\/wp\/v2\/posts"}],"about":[{"href":"https:\/\/mapadadiversidade.com.br\/ipatinga\/wp-json\/wp\/v2\/types\/post"}],"author":[{"embeddable":true,"href":"https:\/\/mapadadiversidade.com.br\/ipatinga\/wp-json\/wp\/v2\/users\/7"}],"replies":[{"embeddable":true,"href":"https:\/\/mapadadiversidade.com.br\/ipatinga\/wp-json\/wp\/v2\/comments?post=2024"}],"version-history":[{"count":2,"href":"https:\/\/mapadadiversidade.com.br\/ipatinga\/wp-json\/wp\/v2\/posts\/2024\/revisions"}],"predecessor-version":[{"id":2623,"href":"https:\/\/mapadadiversidade.com.br\/ipatinga\/wp-json\/wp\/v2\/posts\/2024\/revisions\/2623"}],"wp:featuredmedia":[{"embeddable":true,"href":"https:\/\/mapadadiversidade.com.br\/ipatinga\/wp-json\/wp\/v2\/media\/2035"}],"wp:attachment":[{"href":"https:\/\/mapadadiversidade.com.br\/ipatinga\/wp-json\/wp\/v2\/media?parent=2024"}],"wp:term":[{"taxonomy":"category","embeddable":true,"href":"https:\/\/mapadadiversidade.com.br\/ipatinga\/wp-json\/wp\/v2\/categories?post=2024"},{"taxonomy":"post_tag","embeddable":true,"href":"https:\/\/mapadadiversidade.com.br\/ipatinga\/wp-json\/wp\/v2\/tags?post=2024"}],"curies":[{"name":"wp","href":"https:\/\/api.w.org\/{rel}","templated":true}]}}