{"id":2047,"date":"2019-07-09T22:19:28","date_gmt":"2019-07-10T01:19:28","guid":{"rendered":"https:\/\/mapadadiversidade.com.br\/ipatinga\/?p=2047"},"modified":"2019-07-09T22:22:41","modified_gmt":"2019-07-10T01:22:41","slug":"salette-olguin-academia-olguin","status":"publish","type":"post","link":"https:\/\/mapadadiversidade.com.br\/ipatinga\/salette-olguin-academia-olguin\/","title":{"rendered":"Salette Olguin \/ Academia Olguin"},"content":{"rendered":"\n<p>Linguagens art\u00edsticas<br>Dan\u00e7a<\/p>\n\n\n\n<p>Bailarina, professora e core\u00f3grafa com atua\u00e7\u00e3o no Vale do A\u00e7o. <\/p>\n\n\n\n<p>Hist\u00f3rico:  Bailarina, professora e core\u00f3grafa com atua\u00e7\u00e3o no Vale do A\u00e7o.  Diretora art\u00edstica do Centro de Refer\u00eancia em Dan\u00e7a do Vale do A\u00e7o e do ENDAN\u00c7A &#8211; Encontro de Dan\u00e7a do Vale do A\u00e7o. <br>Com o projeto Centro de Refer\u00eancia em Dan\u00e7a do Vale do A\u00e7o oferece aulas de Ballet Cl\u00e1ssico alunos da rede p\u00fablica gratuitamente.<\/p>\n\n\n\n<p>Telefone: (31) 98605-8026<br> E-mail: saletteolguin@hotmail.com <br> Facebook: <a href=\"https:\/\/www.facebook.com\/carmen.s.olguin?ref=br_rs\">Salette Olguin<\/a> <br> Instagram: <a href=\"https:\/\/www.instagram.com\/saletteolguin\/?hl=pt-br\">Salette Olguin<\/a> <\/p>\n\n\n\n<figure class=\"wp-block-embed-youtube wp-block-embed is-type-video is-provider-youtube wp-embed-aspect-16-9 wp-has-aspect-ratio\"><div class=\"wp-block-embed__wrapper\">\n<iframe loading=\"lazy\" title=\"Salete Olguin\" width=\"944\" height=\"531\" src=\"https:\/\/www.youtube.com\/embed\/6TupxPwXR_A?feature=oembed\" frameborder=\"0\" allow=\"accelerometer; autoplay; encrypted-media; gyroscope; picture-in-picture\" allowfullscreen><\/iframe>\n<\/div><\/figure>\n","protected":false},"excerpt":{"rendered":"<p>Bailarina, professora e core\u00f3grafa com atua\u00e7\u00e3o no Vale do A\u00e7o. <\/p>\n","protected":false},"author":7,"featured_media":0,"comment_status":"open","ping_status":"open","sticky":false,"template":"","format":"standard","meta":{"footnotes":""},"categories":[1,27,4],"tags":[71],"class_list":["post-2047","post","type-post","status-publish","format-standard","hentry","category-ipatinga","category-danca","category-linguagem-artisticas","tag-danca","item-wrap"],"_links":{"self":[{"href":"https:\/\/mapadadiversidade.com.br\/ipatinga\/wp-json\/wp\/v2\/posts\/2047","targetHints":{"allow":["GET"]}}],"collection":[{"href":"https:\/\/mapadadiversidade.com.br\/ipatinga\/wp-json\/wp\/v2\/posts"}],"about":[{"href":"https:\/\/mapadadiversidade.com.br\/ipatinga\/wp-json\/wp\/v2\/types\/post"}],"author":[{"embeddable":true,"href":"https:\/\/mapadadiversidade.com.br\/ipatinga\/wp-json\/wp\/v2\/users\/7"}],"replies":[{"embeddable":true,"href":"https:\/\/mapadadiversidade.com.br\/ipatinga\/wp-json\/wp\/v2\/comments?post=2047"}],"version-history":[{"count":2,"href":"https:\/\/mapadadiversidade.com.br\/ipatinga\/wp-json\/wp\/v2\/posts\/2047\/revisions"}],"predecessor-version":[{"id":2050,"href":"https:\/\/mapadadiversidade.com.br\/ipatinga\/wp-json\/wp\/v2\/posts\/2047\/revisions\/2050"}],"wp:attachment":[{"href":"https:\/\/mapadadiversidade.com.br\/ipatinga\/wp-json\/wp\/v2\/media?parent=2047"}],"wp:term":[{"taxonomy":"category","embeddable":true,"href":"https:\/\/mapadadiversidade.com.br\/ipatinga\/wp-json\/wp\/v2\/categories?post=2047"},{"taxonomy":"post_tag","embeddable":true,"href":"https:\/\/mapadadiversidade.com.br\/ipatinga\/wp-json\/wp\/v2\/tags?post=2047"}],"curies":[{"name":"wp","href":"https:\/\/api.w.org\/{rel}","templated":true}]}}