{"id":2051,"date":"2019-07-09T22:36:41","date_gmt":"2019-07-10T01:36:41","guid":{"rendered":"https:\/\/mapadadiversidade.com.br\/ipatinga\/?p=2051"},"modified":"2019-07-10T08:31:56","modified_gmt":"2019-07-10T11:31:56","slug":"wenderson-godoi-hibridus-danca","status":"publish","type":"post","link":"https:\/\/mapadadiversidade.com.br\/ipatinga\/wenderson-godoi-hibridus-danca\/","title":{"rendered":"Wenderson Godoi \/ Hibridus Dan\u00e7a"},"content":{"rendered":"\n<p>Linguagens art\u00edsticas<br>Dan\u00e7a<\/p>\n\n\n\n<p> Artista da dan\u00e7a, Curador, Gestor e Produtor Cultural <\/p>\n\n\n\n<p>Hist\u00f3rico: Desde 1995 vem militando na \u00e1rea da cultura na regi\u00e3o do Vale do A\u00e7o. Co-fundador do  Grupo Hibridus Dan\u00e7a, participou do Grupo de Uni\u00e3o e Consci\u00eancia Negra\u00a0 de Ipatinga \u2013 GRUCON ; Produziu eventos importantes como: ENCONTR&#8217;ARTE&#8230;NEGRO &#8211; Encontro de Arte Negra de Ipatinga;\u00a0 Encontro de Dan\u00e7a Contempor\u00e2nea de Ipatinga\u00a0 &#8211; ENARTCi, que est\u00e1 em sua 14\u00aa\u00a0 edi\u00e7\u00e3o;\u00a0 SEMINALUZ que est\u00e1 em sua 11\u00aa edi\u00e7\u00e3o; Desvio Cultural; Ministrou oficinas de produ\u00e7\u00e3o cultural e elabora\u00e7\u00e3o de projeto para diversas cidades, inclusive fora do Estado de Minas;\u00a0 Contribuiu no Plano Municipal de Cultura do Munic\u00edpio de Ipatinga coordenado por R\u00f4mulo Avellar em 2009 e depois em 2016 com o Conselho Municipal de Politica Cultural; Membro eleito pela classe art\u00edstica de Ipatinga para a Comiss\u00e3o Municipal de Incentivo \u00e0 Cultura no ano de 2011;\u00a0 Presidente do Conselho Municipal de Cultura de Ipatinga onde representou como membro efetivo \u00e0 \u00e1rea de Dan\u00e7a entre 2009 a 2011 e 2015 a 2017; Diretor Presidente do Movimento Cultural do Vale do A\u00e7o entre 2010 e 2012;\u00a0 Participou da equipe de organiza\u00e7\u00e3o da II, III, IV e V Confer\u00eancia Municipal de Cultura de Ipatinga em 2009, 2011, 2013 e 2015;\u00a0 Participou como delegado da II e III Confer\u00eancia Estadual de Cultura em Belo Horizonte em 2009 e 2013 e da Confer\u00eancia Nacional de Cultura em Bras\u00edlia em 2013.<\/p>\n\n\n\n<p>Telefone: (31) 98551-3323<br>E-mail: wendersong@gmail.com <br>Site: www.hibridus.com.br <br>Facebook: <a href=\"https:\/\/www.facebook.com\/wenderson.godoi\">Wenderson Godoi <\/a><br>Instagram: <a href=\"https:\/\/www.instagram.com\/wendersongodoi\/?hl=pt-br\">Wenderson Godoi<\/a> <br>Twitter: <a href=\"https:\/\/twitter.com\/GodoiWendersong\">Wenderson Godoi<\/a><\/p>\n\n\n\n<figure class=\"wp-block-embed-youtube wp-block-embed is-type-video is-provider-youtube wp-embed-aspect-16-9 wp-has-aspect-ratio\"><div class=\"wp-block-embed__wrapper\">\n<iframe loading=\"lazy\" title=\"Wenderson Godoi\" width=\"944\" height=\"531\" src=\"https:\/\/www.youtube.com\/embed\/9-U6yv6lY8U?feature=oembed\" frameborder=\"0\" allow=\"accelerometer; autoplay; encrypted-media; gyroscope; picture-in-picture\" allowfullscreen><\/iframe>\n<\/div><\/figure>\n\n\n\n<ul class=\"wp-block-gallery columns-3 is-cropped wp-block-gallery-1 is-layout-flex wp-block-gallery-is-layout-flex\"><li class=\"blocks-gallery-item\"><figure><img loading=\"lazy\" decoding=\"async\" width=\"640\" height=\"960\" src=\"https:\/\/mapadadiversidade.com.br\/ipatinga\/wp-content\/uploads\/2019\/07\/14589940_897445910387354_3132008819012769918_o.jpg\" alt=\"\" data-id=\"2052\" data-link=\"https:\/\/mapadadiversidade.com.br\/ipatinga\/?attachment_id=2052\" class=\"wp-image-2052\" srcset=\"https:\/\/mapadadiversidade.com.br\/ipatinga\/wp-content\/uploads\/2019\/07\/14589940_897445910387354_3132008819012769918_o.jpg 640w, https:\/\/mapadadiversidade.com.br\/ipatinga\/wp-content\/uploads\/2019\/07\/14589940_897445910387354_3132008819012769918_o-200x300.jpg 200w\" sizes=\"auto, (max-width: 640px) 100vw, 640px\" \/><\/figure><\/li><li class=\"blocks-gallery-item\"><figure><img loading=\"lazy\" decoding=\"async\" width=\"640\" height=\"960\" src=\"https:\/\/mapadadiversidade.com.br\/ipatinga\/wp-content\/uploads\/2019\/07\/14691345_897445657054046_7619550614546605819_o.jpg\" alt=\"\" data-id=\"2053\" data-link=\"https:\/\/mapadadiversidade.com.br\/ipatinga\/?attachment_id=2053\" class=\"wp-image-2053\" srcset=\"https:\/\/mapadadiversidade.com.br\/ipatinga\/wp-content\/uploads\/2019\/07\/14691345_897445657054046_7619550614546605819_o.jpg 640w, https:\/\/mapadadiversidade.com.br\/ipatinga\/wp-content\/uploads\/2019\/07\/14691345_897445657054046_7619550614546605819_o-200x300.jpg 200w\" sizes=\"auto, (max-width: 640px) 100vw, 640px\" \/><\/figure><\/li><li class=\"blocks-gallery-item\"><figure><img loading=\"lazy\" decoding=\"async\" width=\"1024\" height=\"683\" src=\"https:\/\/mapadadiversidade.com.br\/ipatinga\/wp-content\/uploads\/2019\/07\/Coisa-e\u0301-tudo_Nilmar-Lage-2-1024x683.jpg\" alt=\"\" data-id=\"2054\" data-link=\"https:\/\/mapadadiversidade.com.br\/ipatinga\/?attachment_id=2054\" class=\"wp-image-2054\" srcset=\"https:\/\/mapadadiversidade.com.br\/ipatinga\/wp-content\/uploads\/2019\/07\/Coisa-e\u0301-tudo_Nilmar-Lage-2-1024x683.jpg 1024w, https:\/\/mapadadiversidade.com.br\/ipatinga\/wp-content\/uploads\/2019\/07\/Coisa-e\u0301-tudo_Nilmar-Lage-2-300x200.jpg 300w, https:\/\/mapadadiversidade.com.br\/ipatinga\/wp-content\/uploads\/2019\/07\/Coisa-e\u0301-tudo_Nilmar-Lage-2-768x512.jpg 768w, https:\/\/mapadadiversidade.com.br\/ipatinga\/wp-content\/uploads\/2019\/07\/Coisa-e\u0301-tudo_Nilmar-Lage-2.jpg 1920w\" sizes=\"auto, (max-width: 1024px) 100vw, 1024px\" \/><\/figure><\/li><li class=\"blocks-gallery-item\"><figure><img loading=\"lazy\" decoding=\"async\" width=\"1024\" height=\"683\" src=\"https:\/\/mapadadiversidade.com.br\/ipatinga\/wp-content\/uploads\/2019\/07\/Coisa-e\u0301-tudo_Nilmar-Lage-27-1024x683.jpg\" alt=\"\" data-id=\"2055\" data-link=\"https:\/\/mapadadiversidade.com.br\/ipatinga\/?attachment_id=2055\" class=\"wp-image-2055\" srcset=\"https:\/\/mapadadiversidade.com.br\/ipatinga\/wp-content\/uploads\/2019\/07\/Coisa-e\u0301-tudo_Nilmar-Lage-27-1024x683.jpg 1024w, https:\/\/mapadadiversidade.com.br\/ipatinga\/wp-content\/uploads\/2019\/07\/Coisa-e\u0301-tudo_Nilmar-Lage-27-300x200.jpg 300w, https:\/\/mapadadiversidade.com.br\/ipatinga\/wp-content\/uploads\/2019\/07\/Coisa-e\u0301-tudo_Nilmar-Lage-27-768x512.jpg 768w, https:\/\/mapadadiversidade.com.br\/ipatinga\/wp-content\/uploads\/2019\/07\/Coisa-e\u0301-tudo_Nilmar-Lage-27.jpg 1920w\" sizes=\"auto, (max-width: 1024px) 100vw, 1024px\" \/><\/figure><\/li><li class=\"blocks-gallery-item\"><figure><img loading=\"lazy\" decoding=\"async\" width=\"683\" height=\"1024\" src=\"https:\/\/mapadadiversidade.com.br\/ipatinga\/wp-content\/uploads\/2019\/07\/Coisa-e\u0301-tudo_Nilmar-Lage-93-683x1024.jpg\" alt=\"\" data-id=\"2056\" data-link=\"https:\/\/mapadadiversidade.com.br\/ipatinga\/?attachment_id=2056\" class=\"wp-image-2056\" srcset=\"https:\/\/mapadadiversidade.com.br\/ipatinga\/wp-content\/uploads\/2019\/07\/Coisa-e\u0301-tudo_Nilmar-Lage-93-683x1024.jpg 683w, https:\/\/mapadadiversidade.com.br\/ipatinga\/wp-content\/uploads\/2019\/07\/Coisa-e\u0301-tudo_Nilmar-Lage-93-200x300.jpg 200w, https:\/\/mapadadiversidade.com.br\/ipatinga\/wp-content\/uploads\/2019\/07\/Coisa-e\u0301-tudo_Nilmar-Lage-93-768x1152.jpg 768w, https:\/\/mapadadiversidade.com.br\/ipatinga\/wp-content\/uploads\/2019\/07\/Coisa-e\u0301-tudo_Nilmar-Lage-93.jpg 1920w\" sizes=\"auto, (max-width: 683px) 100vw, 683px\" \/><\/figure><\/li><li class=\"blocks-gallery-item\"><figure><img loading=\"lazy\" decoding=\"async\" width=\"1024\" height=\"683\" src=\"https:\/\/mapadadiversidade.com.br\/ipatinga\/wp-content\/uploads\/2019\/07\/Da-Carne-ao-Corte_Nilmar-Lage-12-1024x683.jpg\" alt=\"\" data-id=\"2057\" data-link=\"https:\/\/mapadadiversidade.com.br\/ipatinga\/?attachment_id=2057\" class=\"wp-image-2057\" srcset=\"https:\/\/mapadadiversidade.com.br\/ipatinga\/wp-content\/uploads\/2019\/07\/Da-Carne-ao-Corte_Nilmar-Lage-12-1024x683.jpg 1024w, https:\/\/mapadadiversidade.com.br\/ipatinga\/wp-content\/uploads\/2019\/07\/Da-Carne-ao-Corte_Nilmar-Lage-12-300x200.jpg 300w, https:\/\/mapadadiversidade.com.br\/ipatinga\/wp-content\/uploads\/2019\/07\/Da-Carne-ao-Corte_Nilmar-Lage-12-768x512.jpg 768w, https:\/\/mapadadiversidade.com.br\/ipatinga\/wp-content\/uploads\/2019\/07\/Da-Carne-ao-Corte_Nilmar-Lage-12.jpg 1920w\" sizes=\"auto, (max-width: 1024px) 100vw, 1024px\" \/><\/figure><\/li><li class=\"blocks-gallery-item\"><figure><img loading=\"lazy\" decoding=\"async\" width=\"640\" height=\"964\" src=\"https:\/\/mapadadiversidade.com.br\/ipatinga\/wp-content\/uploads\/2019\/07\/foto-de-rosto-Wenderson.jpg\" alt=\"\" data-id=\"2058\" data-link=\"https:\/\/mapadadiversidade.com.br\/ipatinga\/?attachment_id=2058\" class=\"wp-image-2058\" srcset=\"https:\/\/mapadadiversidade.com.br\/ipatinga\/wp-content\/uploads\/2019\/07\/foto-de-rosto-Wenderson.jpg 640w, https:\/\/mapadadiversidade.com.br\/ipatinga\/wp-content\/uploads\/2019\/07\/foto-de-rosto-Wenderson-199x300.jpg 199w\" sizes=\"auto, (max-width: 640px) 100vw, 640px\" \/><\/figure><\/li><li class=\"blocks-gallery-item\"><figure><img loading=\"lazy\" decoding=\"async\" width=\"1024\" height=\"683\" src=\"https:\/\/mapadadiversidade.com.br\/ipatinga\/wp-content\/uploads\/2019\/07\/IMG_1194-1024x683.jpg\" alt=\"\" data-id=\"2059\" data-link=\"https:\/\/mapadadiversidade.com.br\/ipatinga\/?attachment_id=2059\" class=\"wp-image-2059\" srcset=\"https:\/\/mapadadiversidade.com.br\/ipatinga\/wp-content\/uploads\/2019\/07\/IMG_1194-1024x683.jpg 1024w, https:\/\/mapadadiversidade.com.br\/ipatinga\/wp-content\/uploads\/2019\/07\/IMG_1194-300x200.jpg 300w, https:\/\/mapadadiversidade.com.br\/ipatinga\/wp-content\/uploads\/2019\/07\/IMG_1194-768x512.jpg 768w\" sizes=\"auto, (max-width: 1024px) 100vw, 1024px\" \/><\/figure><\/li><\/ul>\n","protected":false},"excerpt":{"rendered":"<p>Artista da dan\u00e7a, Curador, Gestor e Produtor Cultural <\/p>\n","protected":false},"author":7,"featured_media":2058,"comment_status":"open","ping_status":"open","sticky":false,"template":"","format":"standard","meta":{"footnotes":""},"categories":[1,27,4],"tags":[248,71,249,230],"class_list":["post-2051","post","type-post","status-publish","format-standard","has-post-thumbnail","hentry","category-ipatinga","category-danca","category-linguagem-artisticas","tag-artes-contemporanea","tag-danca","tag-hibridus","tag-producao","item-wrap"],"_links":{"self":[{"href":"https:\/\/mapadadiversidade.com.br\/ipatinga\/wp-json\/wp\/v2\/posts\/2051","targetHints":{"allow":["GET"]}}],"collection":[{"href":"https:\/\/mapadadiversidade.com.br\/ipatinga\/wp-json\/wp\/v2\/posts"}],"about":[{"href":"https:\/\/mapadadiversidade.com.br\/ipatinga\/wp-json\/wp\/v2\/types\/post"}],"author":[{"embeddable":true,"href":"https:\/\/mapadadiversidade.com.br\/ipatinga\/wp-json\/wp\/v2\/users\/7"}],"replies":[{"embeddable":true,"href":"https:\/\/mapadadiversidade.com.br\/ipatinga\/wp-json\/wp\/v2\/comments?post=2051"}],"version-history":[{"count":2,"href":"https:\/\/mapadadiversidade.com.br\/ipatinga\/wp-json\/wp\/v2\/posts\/2051\/revisions"}],"predecessor-version":[{"id":2065,"href":"https:\/\/mapadadiversidade.com.br\/ipatinga\/wp-json\/wp\/v2\/posts\/2051\/revisions\/2065"}],"wp:featuredmedia":[{"embeddable":true,"href":"https:\/\/mapadadiversidade.com.br\/ipatinga\/wp-json\/wp\/v2\/media\/2058"}],"wp:attachment":[{"href":"https:\/\/mapadadiversidade.com.br\/ipatinga\/wp-json\/wp\/v2\/media?parent=2051"}],"wp:term":[{"taxonomy":"category","embeddable":true,"href":"https:\/\/mapadadiversidade.com.br\/ipatinga\/wp-json\/wp\/v2\/categories?post=2051"},{"taxonomy":"post_tag","embeddable":true,"href":"https:\/\/mapadadiversidade.com.br\/ipatinga\/wp-json\/wp\/v2\/tags?post=2051"}],"curies":[{"name":"wp","href":"https:\/\/api.w.org\/{rel}","templated":true}]}}