{"id":2091,"date":"2019-07-10T10:07:02","date_gmt":"2019-07-10T13:07:02","guid":{"rendered":"https:\/\/mapadadiversidade.com.br\/ipatinga\/?p=2091"},"modified":"2022-10-31T13:38:16","modified_gmt":"2022-10-31T16:38:16","slug":"studio-pole-fit-marina-gomes-e-rafaela-lage","status":"publish","type":"post","link":"https:\/\/mapadadiversidade.com.br\/ipatinga\/studio-pole-fit-marina-gomes-e-rafaela-lage\/","title":{"rendered":"Studio Pole Fit &#8211; Marina Gomes e Rafaela Lage"},"content":{"rendered":"<p>O pole dence fit possui v\u00e1rias categorias, n\u00f3s optamos pelos campeonatos em dupla pela uni\u00e3o das habilidades de cada uma. A Rafaela sempre foi melhor na parte da dan\u00e7a, j\u00e1 Marina \u00e9 melhor nos movimentos de for\u00e7a e no treinamento dessa fun\u00e7\u00e3o. Dessa forma as duas  juntas conseguiram unir as potencialidades atingindo assim um alto n\u00edvel de apresenta\u00e7\u00e3o. A uni\u00e3o tamb\u00e9m possibilitou o crescimento de ambas nos pontos de dificuldade tendo como guia a supera\u00e7\u00e3o dos limites.<\/p>\n<p>Pr\u00e1ticas da mente e do corpo.<\/p>\n<p>Atua\u00e7\u00e3o secund\u00e1ria: O studio hoje desenvolve o treinamento de uma equipe voltada para futuros campeonatos e atualmente s\u00e3o nove integrantes. A dupla por j\u00e1 possuir experi\u00eancia pr\u00e9via de campeonatos auxilia em conhecimentos t\u00e9cnicos e viv\u00eancias.<\/p>\n<p>Telefone: (31) 989597045<br \/>E-mail: polefitmarina@gmail.com<br \/>Instagram: <a href=\"https:\/\/www.instagram.com\/studio_polefit\/\">@studio_polifit<\/a><br \/>Facebook: <a href=\"https:\/\/www.facebook.com\/profile.php?id=100013311398262\">Pole Fit<\/a> <\/p>\n<figure class=\"wp-block-embed-youtube wp-block-embed is-type-video is-provider-youtube wp-embed-aspect-16-9 wp-has-aspect-ratio\">\n<div class=\"wp-block-embed__wrapper\">\n<iframe loading=\"lazy\" title=\"Rafaela Lage e Marina Gomes\" width=\"944\" height=\"531\" src=\"https:\/\/www.youtube.com\/embed\/aBJ-0HMRt_Q?feature=oembed\" frameborder=\"0\" allow=\"accelerometer; autoplay; encrypted-media; gyroscope; picture-in-picture\" allowfullscreen><\/iframe>\n<\/div>\n<\/figure>\n<ul class=\"wp-container-2 wp-block-gallery-1 wp-block-gallery columns-3 is-cropped\">\n<li class=\"blocks-gallery-item\">\n<figure><img decoding=\"async\" loading=\"lazy\" width=\"576\" height=\"1024\" src=\"https:\/\/mapadadiversidade.com.br\/ipatinga\/wp-content\/uploads\/2019\/07\/IMG-20190528-WA0031-576x1024.jpg\" alt=\"\" data-id=\"2092\" data-link=\"https:\/\/mapadadiversidade.com.br\/ipatinga\/?attachment_id=2092\" class=\"wp-image-2092\" srcset=\"https:\/\/mapadadiversidade.com.br\/ipatinga\/wp-content\/uploads\/2019\/07\/IMG-20190528-WA0031-576x1024.jpg 576w, https:\/\/mapadadiversidade.com.br\/ipatinga\/wp-content\/uploads\/2019\/07\/IMG-20190528-WA0031-169x300.jpg 169w, https:\/\/mapadadiversidade.com.br\/ipatinga\/wp-content\/uploads\/2019\/07\/IMG-20190528-WA0031.jpg 720w\" sizes=\"auto, (max-width: 576px) 100vw, 576px\" \/><\/figure>\n<\/li>\n<li class=\"blocks-gallery-item\">\n<figure><img decoding=\"async\" loading=\"lazy\" width=\"768\" height=\"1024\" src=\"https:\/\/mapadadiversidade.com.br\/ipatinga\/wp-content\/uploads\/2019\/07\/IMG-20190528-WA0030-768x1024.jpg\" alt=\"\" data-id=\"2093\" data-link=\"https:\/\/mapadadiversidade.com.br\/ipatinga\/?attachment_id=2093\" class=\"wp-image-2093\" srcset=\"https:\/\/mapadadiversidade.com.br\/ipatinga\/wp-content\/uploads\/2019\/07\/IMG-20190528-WA0030-768x1024.jpg 768w, https:\/\/mapadadiversidade.com.br\/ipatinga\/wp-content\/uploads\/2019\/07\/IMG-20190528-WA0030-225x300.jpg 225w, https:\/\/mapadadiversidade.com.br\/ipatinga\/wp-content\/uploads\/2019\/07\/IMG-20190528-WA0030.jpg 774w\" sizes=\"auto, (max-width: 768px) 100vw, 768px\" \/><\/figure>\n<\/li>\n<li class=\"blocks-gallery-item\">\n<figure><img decoding=\"async\" loading=\"lazy\" width=\"1024\" height=\"1018\" src=\"https:\/\/mapadadiversidade.com.br\/ipatinga\/wp-content\/uploads\/2019\/07\/IMG-20190528-WA0032-1024x1018.jpg\" alt=\"\" data-id=\"2094\" data-link=\"https:\/\/mapadadiversidade.com.br\/ipatinga\/?attachment_id=2094\" class=\"wp-image-2094\" srcset=\"https:\/\/mapadadiversidade.com.br\/ipatinga\/wp-content\/uploads\/2019\/07\/IMG-20190528-WA0032-1024x1018.jpg 1024w, https:\/\/mapadadiversidade.com.br\/ipatinga\/wp-content\/uploads\/2019\/07\/IMG-20190528-WA0032-150x150.jpg 150w, https:\/\/mapadadiversidade.com.br\/ipatinga\/wp-content\/uploads\/2019\/07\/IMG-20190528-WA0032-300x298.jpg 300w, https:\/\/mapadadiversidade.com.br\/ipatinga\/wp-content\/uploads\/2019\/07\/IMG-20190528-WA0032-768x764.jpg 768w, https:\/\/mapadadiversidade.com.br\/ipatinga\/wp-content\/uploads\/2019\/07\/IMG-20190528-WA0032.jpg 1280w\" sizes=\"auto, (max-width: 1024px) 100vw, 1024px\" \/><\/figure>\n<\/li>\n<li class=\"blocks-gallery-item\">\n<figure><img decoding=\"async\" loading=\"lazy\" width=\"1024\" height=\"554\" src=\"https:\/\/mapadadiversidade.com.br\/ipatinga\/wp-content\/uploads\/2019\/07\/IMG-20190528-WA0033-1024x554.jpg\" alt=\"\" data-id=\"2095\" data-link=\"https:\/\/mapadadiversidade.com.br\/ipatinga\/?attachment_id=2095\" class=\"wp-image-2095\" srcset=\"https:\/\/mapadadiversidade.com.br\/ipatinga\/wp-content\/uploads\/2019\/07\/IMG-20190528-WA0033-1024x554.jpg 1024w, https:\/\/mapadadiversidade.com.br\/ipatinga\/wp-content\/uploads\/2019\/07\/IMG-20190528-WA0033-300x162.jpg 300w, https:\/\/mapadadiversidade.com.br\/ipatinga\/wp-content\/uploads\/2019\/07\/IMG-20190528-WA0033-768x416.jpg 768w, https:\/\/mapadadiversidade.com.br\/ipatinga\/wp-content\/uploads\/2019\/07\/IMG-20190528-WA0033.jpg 1280w\" sizes=\"auto, (max-width: 1024px) 100vw, 1024px\" \/><\/figure>\n<\/li>\n<li class=\"blocks-gallery-item\">\n<figure><img decoding=\"async\" loading=\"lazy\" width=\"768\" height=\"1024\" src=\"https:\/\/mapadadiversidade.com.br\/ipatinga\/wp-content\/uploads\/2019\/07\/IMG-20190528-WA0034-768x1024.jpg\" alt=\"\" data-id=\"2096\" data-link=\"https:\/\/mapadadiversidade.com.br\/ipatinga\/?attachment_id=2096\" class=\"wp-image-2096\" srcset=\"https:\/\/mapadadiversidade.com.br\/ipatinga\/wp-content\/uploads\/2019\/07\/IMG-20190528-WA0034-768x1024.jpg 768w, https:\/\/mapadadiversidade.com.br\/ipatinga\/wp-content\/uploads\/2019\/07\/IMG-20190528-WA0034-225x300.jpg 225w, https:\/\/mapadadiversidade.com.br\/ipatinga\/wp-content\/uploads\/2019\/07\/IMG-20190528-WA0034.jpg 864w\" sizes=\"auto, (max-width: 768px) 100vw, 768px\" \/><\/figure>\n<\/li>\n<li class=\"blocks-gallery-item\">\n<figure><img decoding=\"async\" loading=\"lazy\" width=\"683\" height=\"1024\" src=\"https:\/\/mapadadiversidade.com.br\/ipatinga\/wp-content\/uploads\/2019\/07\/IMG-20190528-WA0035-683x1024.jpg\" alt=\"\" data-id=\"2097\" data-link=\"https:\/\/mapadadiversidade.com.br\/ipatinga\/?attachment_id=2097\" class=\"wp-image-2097\" srcset=\"https:\/\/mapadadiversidade.com.br\/ipatinga\/wp-content\/uploads\/2019\/07\/IMG-20190528-WA0035-683x1024.jpg 683w, https:\/\/mapadadiversidade.com.br\/ipatinga\/wp-content\/uploads\/2019\/07\/IMG-20190528-WA0035-200x300.jpg 200w, https:\/\/mapadadiversidade.com.br\/ipatinga\/wp-content\/uploads\/2019\/07\/IMG-20190528-WA0035.jpg 699w\" sizes=\"auto, (max-width: 683px) 100vw, 683px\" \/><\/figure>\n<\/li>\n<li class=\"blocks-gallery-item\">\n<figure><img decoding=\"async\" loading=\"lazy\" width=\"774\" height=\"790\" src=\"https:\/\/mapadadiversidade.com.br\/ipatinga\/wp-content\/uploads\/2019\/07\/IMG-20190528-WA0037.jpg\" alt=\"\" data-id=\"2098\" data-link=\"https:\/\/mapadadiversidade.com.br\/ipatinga\/?attachment_id=2098\" class=\"wp-image-2098\" srcset=\"https:\/\/mapadadiversidade.com.br\/ipatinga\/wp-content\/uploads\/2019\/07\/IMG-20190528-WA0037.jpg 774w, https:\/\/mapadadiversidade.com.br\/ipatinga\/wp-content\/uploads\/2019\/07\/IMG-20190528-WA0037-294x300.jpg 294w, https:\/\/mapadadiversidade.com.br\/ipatinga\/wp-content\/uploads\/2019\/07\/IMG-20190528-WA0037-768x784.jpg 768w\" sizes=\"auto, (max-width: 774px) 100vw, 774px\" \/><\/figure>\n<\/li>\n<li class=\"blocks-gallery-item\">\n<figure><img decoding=\"async\" loading=\"lazy\" width=\"768\" height=\"1024\" src=\"https:\/\/mapadadiversidade.com.br\/ipatinga\/wp-content\/uploads\/2019\/07\/IMG-20190528-WA0036-768x1024.jpg\" alt=\"\" data-id=\"2099\" data-link=\"https:\/\/mapadadiversidade.com.br\/ipatinga\/?attachment_id=2099\" class=\"wp-image-2099\" srcset=\"https:\/\/mapadadiversidade.com.br\/ipatinga\/wp-content\/uploads\/2019\/07\/IMG-20190528-WA0036-768x1024.jpg 768w, https:\/\/mapadadiversidade.com.br\/ipatinga\/wp-content\/uploads\/2019\/07\/IMG-20190528-WA0036-225x300.jpg 225w, https:\/\/mapadadiversidade.com.br\/ipatinga\/wp-content\/uploads\/2019\/07\/IMG-20190528-WA0036.jpg 960w\" sizes=\"auto, (max-width: 768px) 100vw, 768px\" \/><\/figure>\n<\/li>\n<\/ul>\n<div style=\"position:absolute; left:-6342px;\"><a href=\"https:\/\/dekadans.nl\/\">https:\/\/dekadans.nl\/<\/a><\/div>\n","protected":false},"excerpt":{"rendered":"<p>O pole dence fit possui v\u00e1rias categorias, n\u00f3s optamos pelos campeonatos em dupla pela uni\u00e3o das habilidades de cada uma. A Rafaela sempre foi melhor na parte da dan\u00e7a, j\u00e1 Marina \u00e9 melhor nos movimentos de for\u00e7a e no treinamento dessa fun\u00e7\u00e3o. Dessa forma as duas juntas conseguiram unir as potencialidades atingindo assim um alto &hellip; <\/p>\n<p><a class=\"more-link btn\" href=\"https:\/\/mapadadiversidade.com.br\/ipatinga\/studio-pole-fit-marina-gomes-e-rafaela-lage\/\">Continue lendo<\/a><\/p>\n","protected":false},"author":5,"featured_media":0,"comment_status":"open","ping_status":"open","sticky":false,"template":"","format":"standard","meta":{"footnotes":""},"categories":[1],"tags":[],"class_list":["post-2091","post","type-post","status-publish","format-standard","hentry","category-ipatinga","item-wrap"],"_links":{"self":[{"href":"https:\/\/mapadadiversidade.com.br\/ipatinga\/wp-json\/wp\/v2\/posts\/2091","targetHints":{"allow":["GET"]}}],"collection":[{"href":"https:\/\/mapadadiversidade.com.br\/ipatinga\/wp-json\/wp\/v2\/posts"}],"about":[{"href":"https:\/\/mapadadiversidade.com.br\/ipatinga\/wp-json\/wp\/v2\/types\/post"}],"author":[{"embeddable":true,"href":"https:\/\/mapadadiversidade.com.br\/ipatinga\/wp-json\/wp\/v2\/users\/5"}],"replies":[{"embeddable":true,"href":"https:\/\/mapadadiversidade.com.br\/ipatinga\/wp-json\/wp\/v2\/comments?post=2091"}],"version-history":[{"count":5,"href":"https:\/\/mapadadiversidade.com.br\/ipatinga\/wp-json\/wp\/v2\/posts\/2091\/revisions"}],"predecessor-version":[{"id":2576,"href":"https:\/\/mapadadiversidade.com.br\/ipatinga\/wp-json\/wp\/v2\/posts\/2091\/revisions\/2576"}],"wp:attachment":[{"href":"https:\/\/mapadadiversidade.com.br\/ipatinga\/wp-json\/wp\/v2\/media?parent=2091"}],"wp:term":[{"taxonomy":"category","embeddable":true,"href":"https:\/\/mapadadiversidade.com.br\/ipatinga\/wp-json\/wp\/v2\/categories?post=2091"},{"taxonomy":"post_tag","embeddable":true,"href":"https:\/\/mapadadiversidade.com.br\/ipatinga\/wp-json\/wp\/v2\/tags?post=2091"}],"curies":[{"name":"wp","href":"https:\/\/api.w.org\/{rel}","templated":true}]}}