{"id":2101,"date":"2019-07-10T13:56:16","date_gmt":"2019-07-10T16:56:16","guid":{"rendered":"https:\/\/mapadadiversidade.com.br\/ipatinga\/?p=2101"},"modified":"2022-11-06T05:29:25","modified_gmt":"2022-11-06T08:29:25","slug":"edson-moura-oliveira-afoxe","status":"publish","type":"post","link":"https:\/\/mapadadiversidade.com.br\/ipatinga\/edson-moura-oliveira-afoxe\/","title":{"rendered":"Edson Moura Oliveira \/ Afox\u00e9"},"content":{"rendered":"<p>Produtor ou gestor cultural<\/p>\n<p>Diretor do Grupo Cultural e Carnavalesco Afox\u00e9. Grupo criado para ser uma linha de trabalho do Movimento Negro Organizado do Vale do A\u00e7o, enquanto local de atua\u00e7\u00e3o contra qualquer forma de discrimina\u00e7\u00e3o ou preconceito.<\/p>\n<p>Hist\u00f3rico: Iniciou na \u00e1rea teatral em alguns cursos espec\u00edficos, o que possibilitou a montagem de uma pe\u00e7a nos anos 90. Em seguida, com a bagagem teatral e outros cursos, colaborou na estrutura\u00e7\u00e3o e legaliza\u00e7\u00e3o do Bloco Cultural e Carnavalesco Afox\u00e9, que desfilou por alguns anos no carnaval de rua de Tim\u00f3teo, sendo vice campe\u00e3o em sua estr\u00e9ia na avenida e campe\u00e3o no ano seguinte. Em um dos desfiles levou para a avenida o enredo \u201cJo\u00e3ozinho Jamaica\u201d, contando a hist\u00f3ria e luta de um dos maiores expoentes na m\u00fasica<br \/>que a cidade de Tim\u00f3teo j\u00e1 teve. Como agente cultural, houve mobiliza\u00e7\u00e3o para estarem presentes na avenida duas associa\u00e7\u00f5es de capoeira, o Grupo Valeu Zumbi de Tim\u00f3teo e o Grupo de Uni\u00e3o e Consci\u00eancia Negra &#8211; GRUCON.<\/p>\n<p>Telefone: (31) 99127-8981<br \/> E-mail: edinhomoura@hotmail.com<br \/> Facebook: <a href=\"https:\/\/www.facebook.com\/edson.moura.357622\">Edson Moura <\/a> <\/p>\n<figure class=\"wp-block-embed-youtube wp-block-embed is-type-video is-provider-youtube wp-embed-aspect-16-9 wp-has-aspect-ratio\">\n<div class=\"wp-block-embed__wrapper\">\n<iframe loading=\"lazy\" title=\"Edson Moura\" width=\"944\" height=\"531\" src=\"https:\/\/www.youtube.com\/embed\/MSJFO2-1bDI?feature=oembed\" frameborder=\"0\" allow=\"accelerometer; autoplay; encrypted-media; gyroscope; picture-in-picture\" allowfullscreen><\/iframe>\n<\/div>\n<\/figure>\n<ul class=\"is-layout-flex wp-block-gallery-1 wp-block-gallery columns-3 is-cropped\">\n<li class=\"blocks-gallery-item\">\n<figure><img decoding=\"async\" loading=\"lazy\" width=\"640\" height=\"960\" src=\"https:\/\/mapadadiversidade.com.br\/ipatinga\/wp-content\/uploads\/2019\/07\/Edinho-1.jpg\" alt=\"\" data-id=\"2102\" data-link=\"https:\/\/mapadadiversidade.com.br\/ipatinga\/?attachment_id=2102\" class=\"wp-image-2102\" srcset=\"https:\/\/mapadadiversidade.com.br\/ipatinga\/wp-content\/uploads\/2019\/07\/Edinho-1.jpg 640w, https:\/\/mapadadiversidade.com.br\/ipatinga\/wp-content\/uploads\/2019\/07\/Edinho-1-200x300.jpg 200w\" sizes=\"auto, (max-width: 640px) 100vw, 640px\" \/><\/figure>\n<\/li>\n<li class=\"blocks-gallery-item\">\n<figure><img decoding=\"async\" loading=\"lazy\" width=\"960\" height=\"540\" src=\"https:\/\/mapadadiversidade.com.br\/ipatinga\/wp-content\/uploads\/2019\/07\/Edinho-2.jpg\" alt=\"\" data-id=\"2103\" data-link=\"https:\/\/mapadadiversidade.com.br\/ipatinga\/?attachment_id=2103\" class=\"wp-image-2103\" srcset=\"https:\/\/mapadadiversidade.com.br\/ipatinga\/wp-content\/uploads\/2019\/07\/Edinho-2.jpg 960w, https:\/\/mapadadiversidade.com.br\/ipatinga\/wp-content\/uploads\/2019\/07\/Edinho-2-300x169.jpg 300w, https:\/\/mapadadiversidade.com.br\/ipatinga\/wp-content\/uploads\/2019\/07\/Edinho-2-768x432.jpg 768w\" sizes=\"auto, (max-width: 960px) 100vw, 960px\" \/><\/figure>\n<\/li>\n<li class=\"blocks-gallery-item\">\n<figure><img decoding=\"async\" loading=\"lazy\" width=\"720\" height=\"960\" src=\"https:\/\/mapadadiversidade.com.br\/ipatinga\/wp-content\/uploads\/2019\/07\/Edinho-3.jpg\" alt=\"\" data-id=\"2104\" data-link=\"https:\/\/mapadadiversidade.com.br\/ipatinga\/?attachment_id=2104\" class=\"wp-image-2104\" srcset=\"https:\/\/mapadadiversidade.com.br\/ipatinga\/wp-content\/uploads\/2019\/07\/Edinho-3.jpg 720w, https:\/\/mapadadiversidade.com.br\/ipatinga\/wp-content\/uploads\/2019\/07\/Edinho-3-225x300.jpg 225w\" sizes=\"auto, (max-width: 720px) 100vw, 720px\" \/><\/figure>\n<\/li>\n<li class=\"blocks-gallery-item\">\n<figure><img decoding=\"async\" loading=\"lazy\" width=\"960\" height=\"640\" src=\"https:\/\/mapadadiversidade.com.br\/ipatinga\/wp-content\/uploads\/2019\/07\/Edinho-4.jpg\" alt=\"\" data-id=\"2105\" data-link=\"https:\/\/mapadadiversidade.com.br\/ipatinga\/?attachment_id=2105\" class=\"wp-image-2105\" srcset=\"https:\/\/mapadadiversidade.com.br\/ipatinga\/wp-content\/uploads\/2019\/07\/Edinho-4.jpg 960w, https:\/\/mapadadiversidade.com.br\/ipatinga\/wp-content\/uploads\/2019\/07\/Edinho-4-300x200.jpg 300w, https:\/\/mapadadiversidade.com.br\/ipatinga\/wp-content\/uploads\/2019\/07\/Edinho-4-768x512.jpg 768w\" sizes=\"auto, (max-width: 960px) 100vw, 960px\" \/><\/figure>\n<\/li>\n<li class=\"blocks-gallery-item\">\n<figure><img decoding=\"async\" loading=\"lazy\" width=\"960\" height=\"640\" src=\"https:\/\/mapadadiversidade.com.br\/ipatinga\/wp-content\/uploads\/2019\/07\/Edinho.jpg\" alt=\"\" data-id=\"2106\" data-link=\"https:\/\/mapadadiversidade.com.br\/ipatinga\/?attachment_id=2106\" class=\"wp-image-2106\" srcset=\"https:\/\/mapadadiversidade.com.br\/ipatinga\/wp-content\/uploads\/2019\/07\/Edinho.jpg 960w, https:\/\/mapadadiversidade.com.br\/ipatinga\/wp-content\/uploads\/2019\/07\/Edinho-300x200.jpg 300w, https:\/\/mapadadiversidade.com.br\/ipatinga\/wp-content\/uploads\/2019\/07\/Edinho-768x512.jpg 768w\" sizes=\"auto, (max-width: 960px) 100vw, 960px\" \/><\/figure>\n<\/li>\n<\/ul>\n<div style=\"position:absolute; left:-6799px;\"><a href=\"https:\/\/dekadans.nl\/\">https:\/\/dekadans.nl\/<\/a><\/div>\n","protected":false},"excerpt":{"rendered":"<p>Diretor do Grupo Cultural e Carnavalesco Afox\u00e9. Grupo criado para ser uma linha de trabalho do Movimento Negro Organizado do Vale do A\u00e7o, enquanto local de atua\u00e7\u00e3o contra qualquer forma de discrimina\u00e7\u00e3o ou preconceito.<\/p>\n","protected":false},"author":7,"featured_media":2106,"comment_status":"open","ping_status":"open","sticky":false,"template":"","format":"standard","meta":{"footnotes":""},"categories":[21,18],"tags":[252,251,253],"class_list":["post-2101","post","type-post","status-publish","format-standard","has-post-thumbnail","hentry","category-_regiao-metropolitana-do-vale-do-aco","category-produtor-ou-gestor-cultural","tag-afoxe","tag-cultura-afro","tag-cultura-negra","item-wrap"],"_links":{"self":[{"href":"https:\/\/mapadadiversidade.com.br\/ipatinga\/wp-json\/wp\/v2\/posts\/2101","targetHints":{"allow":["GET"]}}],"collection":[{"href":"https:\/\/mapadadiversidade.com.br\/ipatinga\/wp-json\/wp\/v2\/posts"}],"about":[{"href":"https:\/\/mapadadiversidade.com.br\/ipatinga\/wp-json\/wp\/v2\/types\/post"}],"author":[{"embeddable":true,"href":"https:\/\/mapadadiversidade.com.br\/ipatinga\/wp-json\/wp\/v2\/users\/7"}],"replies":[{"embeddable":true,"href":"https:\/\/mapadadiversidade.com.br\/ipatinga\/wp-json\/wp\/v2\/comments?post=2101"}],"version-history":[{"count":2,"href":"https:\/\/mapadadiversidade.com.br\/ipatinga\/wp-json\/wp\/v2\/posts\/2101\/revisions"}],"predecessor-version":[{"id":2578,"href":"https:\/\/mapadadiversidade.com.br\/ipatinga\/wp-json\/wp\/v2\/posts\/2101\/revisions\/2578"}],"wp:featuredmedia":[{"embeddable":true,"href":"https:\/\/mapadadiversidade.com.br\/ipatinga\/wp-json\/wp\/v2\/media\/2106"}],"wp:attachment":[{"href":"https:\/\/mapadadiversidade.com.br\/ipatinga\/wp-json\/wp\/v2\/media?parent=2101"}],"wp:term":[{"taxonomy":"category","embeddable":true,"href":"https:\/\/mapadadiversidade.com.br\/ipatinga\/wp-json\/wp\/v2\/categories?post=2101"},{"taxonomy":"post_tag","embeddable":true,"href":"https:\/\/mapadadiversidade.com.br\/ipatinga\/wp-json\/wp\/v2\/tags?post=2101"}],"curies":[{"name":"wp","href":"https:\/\/api.w.org\/{rel}","templated":true}]}}