{"id":2109,"date":"2019-07-10T14:10:10","date_gmt":"2019-07-10T17:10:10","guid":{"rendered":"https:\/\/mapadadiversidade.com.br\/ipatinga\/?p=2109"},"modified":"2019-07-11T23:07:15","modified_gmt":"2019-07-12T02:07:15","slug":"camila-rodrigues-silva-mendonca-gt-genero-e-diversidade","status":"publish","type":"post","link":"https:\/\/mapadadiversidade.com.br\/ipatinga\/camila-rodrigues-silva-mendonca-gt-genero-e-diversidade\/","title":{"rendered":"Camila Rodrigues Silva Mendon\u00e7a \/ GT G\u00eanero e Diversidade"},"content":{"rendered":"\n<p> Pr\u00e1ticas socioculturais <\/p>\n\n\n\n<p>Coordenadora do Grupo de Trabalho G\u00eanero e Diversidade. Colunista no site CineEterno. Membro do CEPP &#8211; Centro de Estudos e Pesquisa em Psican\u00e1lise. Membro do grupo de teatro &#8216;Teatro Nervoso&#8217;. Curadora do Los Pel\u00edculas Cineclube. Psic\u00f3loga\/Psican\u00e1lise.<\/p>\n\n\n\n<p>Hist\u00f3rico: Formada em Psicologia. Especializa\u00e7\u00e3o em Psican\u00e1lise e os Desafios da Contemporaneidade.&nbsp;<br>Em 2015 come\u00e7ou profissionalmente dentro do cen\u00e1rio cultural, com o lan\u00e7amento da coluna \u2018Filmes no Div\u00e3\u2019 no site CineEterno, escrevendo sobre filmes e a cultural cinematogr\u00e1fica. Tamb\u00e9m dentro do cinema, curadora do Los Pel\u00edculas Cineclube desde junho de 2019.&nbsp;<br>Em 2016 torna-se Coordenadora do GT G\u00eanero e Diversidade com o objetivo de produzir e dialogar sobre quest\u00f5es de g\u00eanero. J\u00e1 foram realizadas a\u00e7\u00f5es como, Festival de Cinema, Troca de Saberes, Forma\u00e7\u00f5es sobre as letrinhas LGBT, Palestras, Cineclube, entre outras atividades.&nbsp;<br>Em 2017 inicia o trabalho dentro do cen\u00e1rio teatral com o grupo \u2018Teatro Nervoso\u2019 com a pe\u00e7a \u201cTeatro Nervoso\u201d. E com o grupo j\u00e1 produziu a segunda pe\u00e7a \u201cRejeitos\u201d, pe\u00e7a premiada no XVIII Festival de Artes C\u00eanicas de Conselheiro Lafaiete, o FACE, em 2018.&nbsp;<br>Produz estudos e pesquisa em Psican\u00e1lise. Fazendo interlocu\u00e7\u00e3o com as artes e sintomas contempor\u00e2neos. Membro do CEPP \u2013 Centro de Estudos e Pesquisa em Psican\u00e1lise.<\/p>\n\n\n\n<p>Telefone: (31)  99273-9852 <br> E-mail:  camilamendoncapsi91@gmail.com <br> Site:   https:\/\/escritoscamila.home.blog\/   <br> Facebook Camila Mendon\u00e7a: <a href=\"https:\/\/www.facebook.com\/crosmpsi\">https:\/\/www.facebook.com\/crosmpsi<\/a><br> Facebook GT G\u00eanero e Diversidade: <a href=\"https:\/\/www.facebook.com\/gtgeneroediversidadevaledoaco\/\">https:\/\/www.facebook.com\/gtgeneroediversidadevaledoaco\/<\/a> <br> Instagram: <a href=\"https:\/\/www.instagram.com\/crosm_\/\">https:\/\/www.instagram.com\/crosm_\/<\/a>  <br> Outros:   http:\/\/cineeterno.com.br\/author\/camila-rodrigues\/ <\/p>\n\n\n\n<figure class=\"wp-block-embed-youtube wp-block-embed is-type-video is-provider-youtube wp-embed-aspect-16-9 wp-has-aspect-ratio\"><div class=\"wp-block-embed__wrapper\">\n<iframe loading=\"lazy\" title=\"Camila Rodrigues\" width=\"944\" height=\"531\" src=\"https:\/\/www.youtube.com\/embed\/kUp0JAiMELU?feature=oembed\" frameborder=\"0\" allow=\"accelerometer; autoplay; encrypted-media; gyroscope; picture-in-picture\" allowfullscreen><\/iframe>\n<\/div><\/figure>\n\n\n\n<ul class=\"wp-block-gallery columns-3 is-cropped wp-block-gallery-1 is-layout-flex wp-block-gallery-is-layout-flex\"><li class=\"blocks-gallery-item\"><figure><img loading=\"lazy\" decoding=\"async\" width=\"960\" height=\"960\" src=\"https:\/\/mapadadiversidade.com.br\/ipatinga\/wp-content\/uploads\/2019\/07\/Camila-1.jpg\" alt=\"\" data-id=\"2110\" data-link=\"https:\/\/mapadadiversidade.com.br\/ipatinga\/?attachment_id=2110\" class=\"wp-image-2110\" srcset=\"https:\/\/mapadadiversidade.com.br\/ipatinga\/wp-content\/uploads\/2019\/07\/Camila-1.jpg 960w, https:\/\/mapadadiversidade.com.br\/ipatinga\/wp-content\/uploads\/2019\/07\/Camila-1-150x150.jpg 150w, https:\/\/mapadadiversidade.com.br\/ipatinga\/wp-content\/uploads\/2019\/07\/Camila-1-300x300.jpg 300w, https:\/\/mapadadiversidade.com.br\/ipatinga\/wp-content\/uploads\/2019\/07\/Camila-1-768x768.jpg 768w\" sizes=\"auto, (max-width: 960px) 100vw, 960px\" \/><\/figure><\/li><li class=\"blocks-gallery-item\"><figure><img loading=\"lazy\" decoding=\"async\" width=\"960\" height=\"960\" src=\"https:\/\/mapadadiversidade.com.br\/ipatinga\/wp-content\/uploads\/2019\/07\/Camila-2.jpg\" alt=\"\" data-id=\"2111\" data-link=\"https:\/\/mapadadiversidade.com.br\/ipatinga\/?attachment_id=2111\" class=\"wp-image-2111\" srcset=\"https:\/\/mapadadiversidade.com.br\/ipatinga\/wp-content\/uploads\/2019\/07\/Camila-2.jpg 960w, https:\/\/mapadadiversidade.com.br\/ipatinga\/wp-content\/uploads\/2019\/07\/Camila-2-150x150.jpg 150w, https:\/\/mapadadiversidade.com.br\/ipatinga\/wp-content\/uploads\/2019\/07\/Camila-2-300x300.jpg 300w, https:\/\/mapadadiversidade.com.br\/ipatinga\/wp-content\/uploads\/2019\/07\/Camila-2-768x768.jpg 768w\" sizes=\"auto, (max-width: 960px) 100vw, 960px\" \/><\/figure><\/li><li class=\"blocks-gallery-item\"><figure><img loading=\"lazy\" decoding=\"async\" width=\"960\" height=\"960\" src=\"https:\/\/mapadadiversidade.com.br\/ipatinga\/wp-content\/uploads\/2019\/07\/Camila-3.jpg\" alt=\"\" data-id=\"2112\" data-link=\"https:\/\/mapadadiversidade.com.br\/ipatinga\/?attachment_id=2112\" class=\"wp-image-2112\" srcset=\"https:\/\/mapadadiversidade.com.br\/ipatinga\/wp-content\/uploads\/2019\/07\/Camila-3.jpg 960w, https:\/\/mapadadiversidade.com.br\/ipatinga\/wp-content\/uploads\/2019\/07\/Camila-3-150x150.jpg 150w, https:\/\/mapadadiversidade.com.br\/ipatinga\/wp-content\/uploads\/2019\/07\/Camila-3-300x300.jpg 300w, https:\/\/mapadadiversidade.com.br\/ipatinga\/wp-content\/uploads\/2019\/07\/Camila-3-768x768.jpg 768w\" sizes=\"auto, (max-width: 960px) 100vw, 960px\" \/><\/figure><\/li><\/ul>\n","protected":false},"excerpt":{"rendered":"<p>Coordenadora do Grupo de Trabalho G\u00eanero e Diversidade. Colunista no site CineEterno. Membro do CEPP &#8211; Centro de Estudos e Pesquisa em Psican\u00e1lise. Membro do grupo de teatro &#8216;Teatro Nervoso&#8217;. Curadora do Los Pel\u00edculas Cineclube. Psic\u00f3loga\/Psican\u00e1lise.<\/p>\n","protected":false},"author":7,"featured_media":2111,"comment_status":"open","ping_status":"open","sticky":false,"template":"","format":"standard","meta":{"footnotes":""},"categories":[1,17],"tags":[269,145,270,47],"class_list":["post-2109","post","type-post","status-publish","format-standard","has-post-thumbnail","hentry","category-ipatinga","category-praticas-sociocultural","tag-arte","tag-cinema","tag-genero","tag-teatro","item-wrap"],"_links":{"self":[{"href":"https:\/\/mapadadiversidade.com.br\/ipatinga\/wp-json\/wp\/v2\/posts\/2109","targetHints":{"allow":["GET"]}}],"collection":[{"href":"https:\/\/mapadadiversidade.com.br\/ipatinga\/wp-json\/wp\/v2\/posts"}],"about":[{"href":"https:\/\/mapadadiversidade.com.br\/ipatinga\/wp-json\/wp\/v2\/types\/post"}],"author":[{"embeddable":true,"href":"https:\/\/mapadadiversidade.com.br\/ipatinga\/wp-json\/wp\/v2\/users\/7"}],"replies":[{"embeddable":true,"href":"https:\/\/mapadadiversidade.com.br\/ipatinga\/wp-json\/wp\/v2\/comments?post=2109"}],"version-history":[{"count":7,"href":"https:\/\/mapadadiversidade.com.br\/ipatinga\/wp-json\/wp\/v2\/posts\/2109\/revisions"}],"predecessor-version":[{"id":2392,"href":"https:\/\/mapadadiversidade.com.br\/ipatinga\/wp-json\/wp\/v2\/posts\/2109\/revisions\/2392"}],"wp:featuredmedia":[{"embeddable":true,"href":"https:\/\/mapadadiversidade.com.br\/ipatinga\/wp-json\/wp\/v2\/media\/2111"}],"wp:attachment":[{"href":"https:\/\/mapadadiversidade.com.br\/ipatinga\/wp-json\/wp\/v2\/media?parent=2109"}],"wp:term":[{"taxonomy":"category","embeddable":true,"href":"https:\/\/mapadadiversidade.com.br\/ipatinga\/wp-json\/wp\/v2\/categories?post=2109"},{"taxonomy":"post_tag","embeddable":true,"href":"https:\/\/mapadadiversidade.com.br\/ipatinga\/wp-json\/wp\/v2\/tags?post=2109"}],"curies":[{"name":"wp","href":"https:\/\/api.w.org\/{rel}","templated":true}]}}