{"id":2117,"date":"2019-07-10T14:23:02","date_gmt":"2019-07-10T17:23:02","guid":{"rendered":"https:\/\/mapadadiversidade.com.br\/ipatinga\/?p=2117"},"modified":"2019-07-10T14:23:05","modified_gmt":"2019-07-10T17:23:05","slug":"carlao-oliveira","status":"publish","type":"post","link":"https:\/\/mapadadiversidade.com.br\/ipatinga\/carlao-oliveira\/","title":{"rendered":"Carl\u00e3o Oliveira"},"content":{"rendered":"\n<p>Gestor de  Pol\u00edticas P\u00fablicas Culturais  <\/p>\n\n\n\n<p>Secret\u00e1rio Municipal de Cultura de Ipatinga, atuando no desenvolvimento de pol\u00edticas publicas culturais na cidade de Ipatinga.<\/p>\n\n\n\n<p>Hist\u00f3rico: Produtor de eventos estudantis, culturais e de entretenimentos. Gestor publico Cultural da cidade de Ipatinga, desde janeiro de 2017, desenvolvendo neste per\u00edodo a\u00e7\u00f5es importantes e marcantes para o fortalecimento das pol\u00edticas publicas culturais na cidade: Atualiza\u00e7\u00e3o do tombamento do Patrim\u00f4nio Hist\u00f3rico e Cultural de Ipatinga. Aprova\u00e7\u00e3o e execu\u00e7\u00e3o do Plano Municipal de Cultura de Ipatinga, cumprindo todos os prazos de execu\u00e7\u00e3o de suas metas. Abertura da Lei Municipal de Incentivo \u00e1 Cultura em 2019, visando contemplar 20 projetos diversos na \u00e1rea cultural. Cria\u00e7\u00e3o em 2017 do FIM DE SEMANA NO PARQUE, evento cultural todos os fins de semana no Parque Ipanema, proporcionando a popula\u00e7\u00e3o acesso \u00e1 diversidade, cultura, artesanato, entretenimento, gastronomia, lazer e turismo cultural. Realiza\u00e7\u00e3o de eventos diversos utilizando como ambiente os bens tombados do munic\u00edpio.Apoio na realiza\u00e7\u00e3o de todos os eventos do calend\u00e1rio oficial da cidade, inclusive os tradicionais de resgate da cultura local.<\/p>\n\n\n\n<p>Telefone: (31)  99280-1000 <br> E-mail:  carlos.ipatingacidade@gmail.com   <br> Instagram: <a href=\"https:\/\/www.instagram.com\/carlaooliveirac\/?hl=pt-br\">Carl\u00e3o Oliveira<\/a> <br> <\/p>\n\n\n\n<figure class=\"wp-block-embed-youtube wp-block-embed is-type-video is-provider-youtube wp-embed-aspect-16-9 wp-has-aspect-ratio\"><div class=\"wp-block-embed__wrapper\">\n<iframe loading=\"lazy\" title=\"Carlos Alberto\" width=\"944\" height=\"531\" src=\"https:\/\/www.youtube.com\/embed\/s-KuS2-HROY?feature=oembed\" frameborder=\"0\" allow=\"accelerometer; autoplay; encrypted-media; gyroscope; picture-in-picture\" allowfullscreen><\/iframe>\n<\/div><\/figure>\n\n\n\n<ul class=\"wp-block-gallery columns-3 is-cropped wp-block-gallery-1 is-layout-flex wp-block-gallery-is-layout-flex\"><li class=\"blocks-gallery-item\"><figure><img loading=\"lazy\" decoding=\"async\" width=\"768\" height=\"1024\" src=\"https:\/\/mapadadiversidade.com.br\/ipatinga\/wp-content\/uploads\/2019\/07\/Carl\u00e3o-2-1-768x1024.jpg\" alt=\"\" data-id=\"2118\" data-link=\"https:\/\/mapadadiversidade.com.br\/ipatinga\/?attachment_id=2118\" class=\"wp-image-2118\" srcset=\"https:\/\/mapadadiversidade.com.br\/ipatinga\/wp-content\/uploads\/2019\/07\/Carl\u00e3o-2-1-768x1024.jpg 768w, https:\/\/mapadadiversidade.com.br\/ipatinga\/wp-content\/uploads\/2019\/07\/Carl\u00e3o-2-1-225x300.jpg 225w, https:\/\/mapadadiversidade.com.br\/ipatinga\/wp-content\/uploads\/2019\/07\/Carl\u00e3o-2-1.jpg 1620w\" sizes=\"auto, (max-width: 768px) 100vw, 768px\" \/><\/figure><\/li><li class=\"blocks-gallery-item\"><figure><img loading=\"lazy\" decoding=\"async\" width=\"768\" height=\"1024\" src=\"https:\/\/mapadadiversidade.com.br\/ipatinga\/wp-content\/uploads\/2019\/07\/Carl\u00e3o-2-2-768x1024.jpg\" alt=\"\" data-id=\"2119\" data-link=\"https:\/\/mapadadiversidade.com.br\/ipatinga\/?attachment_id=2119\" class=\"wp-image-2119\" srcset=\"https:\/\/mapadadiversidade.com.br\/ipatinga\/wp-content\/uploads\/2019\/07\/Carl\u00e3o-2-2-768x1024.jpg 768w, https:\/\/mapadadiversidade.com.br\/ipatinga\/wp-content\/uploads\/2019\/07\/Carl\u00e3o-2-2-225x300.jpg 225w, https:\/\/mapadadiversidade.com.br\/ipatinga\/wp-content\/uploads\/2019\/07\/Carl\u00e3o-2-2.jpg 960w\" sizes=\"auto, (max-width: 768px) 100vw, 768px\" \/><\/figure><\/li><li class=\"blocks-gallery-item\"><figure><img loading=\"lazy\" decoding=\"async\" width=\"1024\" height=\"945\" src=\"https:\/\/mapadadiversidade.com.br\/ipatinga\/wp-content\/uploads\/2019\/07\/Carl\u00e3o-2-3-1024x945.jpg\" alt=\"\" data-id=\"2120\" data-link=\"https:\/\/mapadadiversidade.com.br\/ipatinga\/?attachment_id=2120\" class=\"wp-image-2120\" srcset=\"https:\/\/mapadadiversidade.com.br\/ipatinga\/wp-content\/uploads\/2019\/07\/Carl\u00e3o-2-3-1024x945.jpg 1024w, https:\/\/mapadadiversidade.com.br\/ipatinga\/wp-content\/uploads\/2019\/07\/Carl\u00e3o-2-3-300x277.jpg 300w, https:\/\/mapadadiversidade.com.br\/ipatinga\/wp-content\/uploads\/2019\/07\/Carl\u00e3o-2-3-768x708.jpg 768w\" sizes=\"auto, (max-width: 1024px) 100vw, 1024px\" \/><\/figure><\/li><\/ul>\n","protected":false},"excerpt":{"rendered":"<p>Secret\u00e1rio Municipal de Cultura de Ipatinga, atuando no desenvolvimento de pol\u00edticas publicas culturais na cidade de Ipatinga.<\/p>\n","protected":false},"author":7,"featured_media":2119,"comment_status":"open","ping_status":"open","sticky":false,"template":"","format":"standard","meta":{"footnotes":""},"categories":[1,18],"tags":[101],"class_list":["post-2117","post","type-post","status-publish","format-standard","has-post-thumbnail","hentry","category-ipatinga","category-produtor-ou-gestor-cultural","tag-gestor-cultural","item-wrap"],"_links":{"self":[{"href":"https:\/\/mapadadiversidade.com.br\/ipatinga\/wp-json\/wp\/v2\/posts\/2117","targetHints":{"allow":["GET"]}}],"collection":[{"href":"https:\/\/mapadadiversidade.com.br\/ipatinga\/wp-json\/wp\/v2\/posts"}],"about":[{"href":"https:\/\/mapadadiversidade.com.br\/ipatinga\/wp-json\/wp\/v2\/types\/post"}],"author":[{"embeddable":true,"href":"https:\/\/mapadadiversidade.com.br\/ipatinga\/wp-json\/wp\/v2\/users\/7"}],"replies":[{"embeddable":true,"href":"https:\/\/mapadadiversidade.com.br\/ipatinga\/wp-json\/wp\/v2\/comments?post=2117"}],"version-history":[{"count":1,"href":"https:\/\/mapadadiversidade.com.br\/ipatinga\/wp-json\/wp\/v2\/posts\/2117\/revisions"}],"predecessor-version":[{"id":2121,"href":"https:\/\/mapadadiversidade.com.br\/ipatinga\/wp-json\/wp\/v2\/posts\/2117\/revisions\/2121"}],"wp:featuredmedia":[{"embeddable":true,"href":"https:\/\/mapadadiversidade.com.br\/ipatinga\/wp-json\/wp\/v2\/media\/2119"}],"wp:attachment":[{"href":"https:\/\/mapadadiversidade.com.br\/ipatinga\/wp-json\/wp\/v2\/media?parent=2117"}],"wp:term":[{"taxonomy":"category","embeddable":true,"href":"https:\/\/mapadadiversidade.com.br\/ipatinga\/wp-json\/wp\/v2\/categories?post=2117"},{"taxonomy":"post_tag","embeddable":true,"href":"https:\/\/mapadadiversidade.com.br\/ipatinga\/wp-json\/wp\/v2\/tags?post=2117"}],"curies":[{"name":"wp","href":"https:\/\/api.w.org\/{rel}","templated":true}]}}