{"id":2123,"date":"2019-07-10T14:39:11","date_gmt":"2019-07-10T17:39:11","guid":{"rendered":"https:\/\/mapadadiversidade.com.br\/ipatinga\/?p=2123"},"modified":"2025-06-16T19:22:42","modified_gmt":"2025-06-16T22:22:42","slug":"fernanda-coelho-coletivo-bil-coletivo-de-mulheres-bissexuais-e-lesbicas","status":"publish","type":"post","link":"https:\/\/mapadadiversidade.com.br\/ipatinga\/fernanda-coelho-coletivo-bil-coletivo-de-mulheres-bissexuais-e-lesbicas\/","title":{"rendered":"Fernanda Coelho  \/ Coletivo BIL &#8211; Coletivo de Mulheres Bissexuais e L\u00e9sbicas"},"content":{"rendered":"\n<p> Pr\u00e1ticas socioculturais <\/p>\n\n\n\n<p>Militante  bissexual feminista do Coletivo BIL \u2013 Coletivo de Mulheres Bissexuais e  L\u00e9sbicas. Unindo for\u00e7as no empoderamento das mulheres (cis e trans) com vistas  \u00e0 sua liberdade, com foco nas especificidades das mulheres bissexuais e  l\u00e9sbicas, somos uma express\u00e3o do movimento social feminista LBT. Dialogamos  regional e nacionalmente na busca de uma sociedade justa com respeito \u00e0 sua  pluralidade, visando \u00e0 erradica\u00e7\u00e3o de todas as formas de discrimina\u00e7\u00e3o,  notadamente as baseadas na cor da pele, orienta\u00e7\u00e3o sexual e g\u00eanero.<\/p>\n\n\n\n<p>Hist\u00f3rico: <\/p>\n\n\n\n<p>O Coletivo de Mulheres Bissexuais e L\u00e9sbicas \u2013  Coletivo BIL surgiu a partir da vontade de um grupo de mulheres de mudarem a  realidade em que viviam. Em uma cidade na qual as \u201csapat\u00e3o\u201d eram a maioria  entre as mulheres (incluindo \u201cassumidas\u201d e \u201cn\u00e3o assumidas\u201d), mas n\u00e3o se  permitiam vivenciar livremente sua sexualidade, resolvemos pautar nossas  visibilidades e nos mobilizar para mudar isso. Assim, ap\u00f3s uma mobiliza\u00e7\u00e3o que  se iniciou em 2012, em 26 de junho de 2013 durante a constru\u00e7\u00e3o da I Jornada  de Mulheres Bissexuais e L\u00e9sbicas do Vale do A\u00e7o (que aconteceu entre os dias  29 de agosto e 1 de setembro de 2013) surgiu o Coletivo BIL. Desde  2013 realizamos 6 Jornadas de Mulheres Bissexuais e L\u00e9sbicas (Ipatinga &#8211; 2013  a 2018) com rodas de conversa, torneios de sinuca, futsal e outras a\u00e7\u00f5es de  visibilidade e orgulho bissexual e l\u00e9sbico. Participamos do Lan\u00e7amento em MG e  da Comiss\u00e3o Organizadora do F\u00f3rum Mundial de Direitos Humanos (BH e BSB &#8211;  2013). Realizamos 2 Semin\u00e1rios Pela Elimina\u00e7\u00e3o da Discrimina\u00e7\u00e3o Racial (Ipatinga  &#8211; 2016). Organizamos e sediamos um encontro mineiro de mulheres l\u00e9sbicas e  bissexuais (2016 \u2013 Ipatinga) e a primeira caminhada de mulheres bissexuais e  l\u00e9sbicas do Vale do A\u00e7o (Ipatinga &#8211; 2016). Lan\u00e7amos o primeiro webjornal LGBT  \u2013 J. BILT (2016). Firmamos parceria com a TV Comunit\u00e1ria de Ipatinga e  passamos a produzir o primeiro telejornal LGBT \u2013 J. BILT (Ipatinga &#8211; 2017).  Participamos da organiza\u00e7\u00e3o da virada cultural \u201cDesvio Cultural\u201d (Ipatinga &#8211;  2017). Participamos da organiza\u00e7\u00e3o do Semin\u00e1rio Nacional de L\u00e9sbicas e  Bissexuais Negras (SENALE NEGRAS \u2013 PR &#8211; 2015) e da organiza\u00e7\u00e3o de 3 semin\u00e1rios  nacionais de L\u00e9sbicas e Mulheres Bissexuais (SENALE\/SENALESBI \u2013 POA, PI, BA &#8211;  2014, 2016, 2018), fomos uma das entidades organizadoras do livro \u201cNossas Hist\u00f3rias,  nossas vozes: resist\u00eancias hist\u00f3ricas de mulheres l\u00e9sbicas e bissexuais no  Brasil\u201d (editora Metanoia, 2018). Organizamos a Jornada de Lutas contra  Viol\u00eancia \u00e0s Mulheres \u201cMarielle, Presente\u201d com audi\u00eancia p\u00fablica, cine  comentado, exposi\u00e7\u00e3o art\u00edstica, oficina de dan\u00e7a afro e sarau de poesia  (Ipatinga &#8211; 2018). Organizamos a 1\u00aa Mostra da Diversidade &#8220;Resist\u00eancia e  Luta&#8221; com bolo, cinema, m\u00fasica, poesia e exposi\u00e7\u00e3o fotogr\u00e1fica (Ipatinga  &#8211; 2018). Gravamos vers\u00f5es LBT de can\u00e7\u00f5es populares em \u00e1udio e audiovisual  (2017\/2018). Publicamos Cord\u00e9is Feministas (Ipatinga\/MG e El Fort\u00edn de Santa  Rosa\/Uruguai &#8211; 2019). Anualmente realizamos campanhas de visibilidade  bissexual e l\u00e9sbica fotogr\u00e1ficas e\/ou audiovisuais. Tamb\u00e9m fizemos diversas  interven\u00e7\u00f5es teatrais, interven\u00e7\u00f5es urbanas utilizando mulheres cartazes,  lambes, proferimos palestras, falas, forma\u00e7\u00f5es, piqueniques, \u201cfeijoada das  namoradas, namorados, crushs etc.\u201d, panfletagens, encontros, cines comentados;  bem como participamos de paradas, marchas, caminhadas, greves, atos p\u00fablicos,  outras confer\u00eancias, congressos, f\u00f3runs, plen\u00e1rias, audi\u00eancias p\u00fablicas,  oficinas, semin\u00e1rios, aulas p\u00fablicas, mostras culturais nas regi\u00f5es do Vale do  A\u00e7o, Vale do Rio Doce e Grande BH em MG, e em outros estados nas regi\u00f5es sul, sudeste,  centro oeste e nordeste do Brasil. Neste \u00ednterim participamos, ainda, da  comiss\u00e3o organizadora de confer\u00eancias de pol\u00edticas p\u00fablicas (LGBT: Municipal  de Ipatinga, Livre do Vale do A\u00e7o, Estadual\/ MG &#8211; 2015; Sa\u00fade das Mulheres:  Municipal e Estadual\/MG &#8211; 2017; Igualdade Racial: Livre do Vale do A\u00e7o &#8211; 2017;  Sa\u00fade: Estadual\/MG &#8211; 2019). A partir destas atua\u00e7\u00f5es, fomos eleitas  integrantes do Colegiado Executivo do F\u00f3rum Territorial de Governo &#8211; Vale do  A\u00e7o representando o segmento do esporte (2015\/2018); representantes das  mulheres bissexuais no Comit\u00ea T\u00e9cnico de Sa\u00fade Integral LGBT (2016\/2018), e  para 2 conselhos: Conselho Municipal de Pol\u00edtica Cultural de Ipatinga  (2017\/2019) pelo segmento de movimentos sociais; e Conselho Estadual de Sa\u00fade  (2016\/2018 \u2013 2019\/2021) representando usu\u00e1rias\/es\/os LGBT. <\/p>\n\n\n\n<p><br> E-mail: coletivo_bil@yahoo.com.br <br> Site: www.coletivobil.wordpress.com <br> Facebook: <a href=\"https:\/\/www.facebook.com\/coletivo.bil\/\">Coletivo BIL<\/a><br> Instagram: <a href=\"https:\/\/www.instagram.com\/coletivobil\/\">Coletivo Bil<\/a> <br> Youtube: <a href=\"https:\/\/www.youtube.com\/COLETIVOBIL\">Coletivo Bil<\/a><br> Twitter: <a href=\"https:\/\/twitter.com\/COLETIVOBIL\">Coletivo Bil<\/a><\/p>\n\n\n\n<figure class=\"wp-block-embed is-type-video is-provider-youtube wp-block-embed-youtube wp-embed-aspect-16-9 wp-has-aspect-ratio\"><div class=\"wp-block-embed__wrapper\">\nhttps:\/\/youtu.be\/-_4zBoe66ik\n<\/div><\/figure>\n\n\n\n<figure class=\"wp-block-gallery has-nested-images columns-default is-cropped wp-block-gallery-1 is-layout-flex wp-block-gallery-is-layout-flex\">\n<figure class=\"wp-block-image\"><img loading=\"lazy\" decoding=\"async\" width=\"1024\" height=\"623\" data-id=\"2124\" src=\"https:\/\/mapadadiversidade.com.br\/ipatinga\/wp-content\/uploads\/2019\/07\/Fernanda-1-1-1024x623.jpg\" alt=\"\" class=\"wp-image-2124\" srcset=\"https:\/\/mapadadiversidade.com.br\/ipatinga\/wp-content\/uploads\/2019\/07\/Fernanda-1-1-1024x623.jpg 1024w, https:\/\/mapadadiversidade.com.br\/ipatinga\/wp-content\/uploads\/2019\/07\/Fernanda-1-1-300x183.jpg 300w, https:\/\/mapadadiversidade.com.br\/ipatinga\/wp-content\/uploads\/2019\/07\/Fernanda-1-1-768x467.jpg 768w, https:\/\/mapadadiversidade.com.br\/ipatinga\/wp-content\/uploads\/2019\/07\/Fernanda-1-1.jpg 1920w\" sizes=\"auto, (max-width: 1024px) 100vw, 1024px\" \/><\/figure>\n\n\n\n<figure class=\"wp-block-image\"><img loading=\"lazy\" decoding=\"async\" width=\"1024\" height=\"653\" data-id=\"2125\" src=\"https:\/\/mapadadiversidade.com.br\/ipatinga\/wp-content\/uploads\/2019\/07\/Fernanda-1-1-1024x653.png\" alt=\"\" class=\"wp-image-2125\" srcset=\"https:\/\/mapadadiversidade.com.br\/ipatinga\/wp-content\/uploads\/2019\/07\/Fernanda-1-1-1024x653.png 1024w, https:\/\/mapadadiversidade.com.br\/ipatinga\/wp-content\/uploads\/2019\/07\/Fernanda-1-1-300x191.png 300w, https:\/\/mapadadiversidade.com.br\/ipatinga\/wp-content\/uploads\/2019\/07\/Fernanda-1-1-768x490.png 768w\" sizes=\"auto, (max-width: 1024px) 100vw, 1024px\" \/><\/figure>\n\n\n\n<figure class=\"wp-block-image\"><img loading=\"lazy\" decoding=\"async\" width=\"569\" height=\"823\" data-id=\"2126\" src=\"https:\/\/mapadadiversidade.com.br\/ipatinga\/wp-content\/uploads\/2019\/07\/Fernanda-1-2.jpg\" alt=\"\" class=\"wp-image-2126\" srcset=\"https:\/\/mapadadiversidade.com.br\/ipatinga\/wp-content\/uploads\/2019\/07\/Fernanda-1-2.jpg 569w, https:\/\/mapadadiversidade.com.br\/ipatinga\/wp-content\/uploads\/2019\/07\/Fernanda-1-2-207x300.jpg 207w\" sizes=\"auto, (max-width: 569px) 100vw, 569px\" \/><\/figure>\n<\/figure>\n","protected":false},"excerpt":{"rendered":"<p>Militante  bissexual feminista do Coletivo BIL \u2013 Coletivo de Mulheres Bissexuais e  L\u00e9sbicas. Unindo for\u00e7as no empoderamento das mulheres (cis e trans) com vistas  \u00e0 sua liberdade, com foco nas especificidades das mulheres bissexuais e  l\u00e9sbicas, somos uma express\u00e3o do movimento social feminista LBT. Dialogamos  regional e nacionalmente na busca de uma sociedade justa com respeito \u00e0 sua  pluralidade, visando \u00e0 erradica\u00e7\u00e3o de todas as formas de discrimina\u00e7\u00e3o,  notadamente as baseadas na cor da pele, orienta\u00e7\u00e3o sexual e g\u00eanero.<\/p>\n","protected":false},"author":7,"featured_media":2125,"comment_status":"open","ping_status":"open","sticky":false,"template":"","format":"standard","meta":{"footnotes":""},"categories":[1,17],"tags":[255,256],"class_list":["post-2123","post","type-post","status-publish","format-standard","has-post-thumbnail","hentry","category-ipatinga","category-praticas-sociocultural","tag-coletivo-bil","tag-coletivo-de-mulheres-bissexuais-e-lesbicas","item-wrap"],"_links":{"self":[{"href":"https:\/\/mapadadiversidade.com.br\/ipatinga\/wp-json\/wp\/v2\/posts\/2123","targetHints":{"allow":["GET"]}}],"collection":[{"href":"https:\/\/mapadadiversidade.com.br\/ipatinga\/wp-json\/wp\/v2\/posts"}],"about":[{"href":"https:\/\/mapadadiversidade.com.br\/ipatinga\/wp-json\/wp\/v2\/types\/post"}],"author":[{"embeddable":true,"href":"https:\/\/mapadadiversidade.com.br\/ipatinga\/wp-json\/wp\/v2\/users\/7"}],"replies":[{"embeddable":true,"href":"https:\/\/mapadadiversidade.com.br\/ipatinga\/wp-json\/wp\/v2\/comments?post=2123"}],"version-history":[{"count":3,"href":"https:\/\/mapadadiversidade.com.br\/ipatinga\/wp-json\/wp\/v2\/posts\/2123\/revisions"}],"predecessor-version":[{"id":3995,"href":"https:\/\/mapadadiversidade.com.br\/ipatinga\/wp-json\/wp\/v2\/posts\/2123\/revisions\/3995"}],"wp:featuredmedia":[{"embeddable":true,"href":"https:\/\/mapadadiversidade.com.br\/ipatinga\/wp-json\/wp\/v2\/media\/2125"}],"wp:attachment":[{"href":"https:\/\/mapadadiversidade.com.br\/ipatinga\/wp-json\/wp\/v2\/media?parent=2123"}],"wp:term":[{"taxonomy":"category","embeddable":true,"href":"https:\/\/mapadadiversidade.com.br\/ipatinga\/wp-json\/wp\/v2\/categories?post=2123"},{"taxonomy":"post_tag","embeddable":true,"href":"https:\/\/mapadadiversidade.com.br\/ipatinga\/wp-json\/wp\/v2\/tags?post=2123"}],"curies":[{"name":"wp","href":"https:\/\/api.w.org\/{rel}","templated":true}]}}