{"id":2129,"date":"2019-07-10T14:53:00","date_gmt":"2019-07-10T17:53:00","guid":{"rendered":"https:\/\/mapadadiversidade.com.br\/ipatinga\/?p=2129"},"modified":"2019-07-10T15:21:14","modified_gmt":"2019-07-10T18:21:14","slug":"gledson-pagung","status":"publish","type":"post","link":"https:\/\/mapadadiversidade.com.br\/ipatinga\/gledson-pagung\/","title":{"rendered":"Gledson Pagung"},"content":{"rendered":"\n<p>Linguagens art\u00edsticas<br>Artes C\u00eanicas<\/p>\n\n\n\n<p>Artista do teatro, das dan\u00e7as urbanas, dan\u00e7as folcl\u00f3ricas \u00e1rabes (tahtib e dabke) e dan\u00e7a contempor\u00e2nea. <\/p>\n\n\n\n<p>Diretor do Departamento de Cultura da Prefeitura Municipal de Ipatinga<\/p>\n\n\n\n<p>Hist\u00f3rico: <\/p>\n\n\n\n<p>Professor de dan\u00e7a em diversos projetos e programas<br>Produtor\/int\u00e9rprete da H\u00e1gios cia de dan\u00e7a<br>Produtor\/int\u00e9rprete da In Boa Cia de dan\u00e7as urbanas<br>Ator\/bailarino da Cia C\u00edntia Barros de dan\u00e7as \u00e1rabes<br>Professor universit\u00e1rio da disciplina ritmo e movimento no curso de educa\u00e7\u00e3o f\u00edsica<\/p>\n\n\n\n<p>Telefone: (31)  98023-4858 <br> E-mail:  gledsonpagung@gmail.com<br> Facebook: <a href=\"https:\/\/www.facebook.com\/gledson.pagung\">Gledson Pagung<\/a><br> Instagram: <a href=\"https:\/\/www.instagram.com\/gledsonpagung\/\">Gledson Pagung<\/a> &#8211; <a href=\"https:\/\/www.instagram.com\/ipatingatemcultura1\/\">Ipatinga tem cultura<\/a><br> <\/p>\n\n\n\n<figure class=\"wp-block-embed-youtube wp-block-embed is-type-video is-provider-youtube wp-embed-aspect-16-9 wp-has-aspect-ratio\"><div class=\"wp-block-embed__wrapper\">\n<iframe loading=\"lazy\" title=\"Gledson Pagung\" width=\"944\" height=\"531\" src=\"https:\/\/www.youtube.com\/embed\/JylC_wjc-fs?feature=oembed\" frameborder=\"0\" allow=\"accelerometer; autoplay; encrypted-media; gyroscope; picture-in-picture\" allowfullscreen><\/iframe>\n<\/div><\/figure>\n\n\n\n<ul class=\"wp-block-gallery columns-3 is-cropped wp-block-gallery-1 is-layout-flex wp-block-gallery-is-layout-flex\"><li class=\"blocks-gallery-item\"><figure><img loading=\"lazy\" decoding=\"async\" width=\"639\" height=\"960\" src=\"https:\/\/mapadadiversidade.com.br\/ipatinga\/wp-content\/uploads\/2019\/07\/Gledson-1.jpg\" alt=\"\" data-id=\"2130\" data-link=\"https:\/\/mapadadiversidade.com.br\/ipatinga\/?attachment_id=2130\" class=\"wp-image-2130\" srcset=\"https:\/\/mapadadiversidade.com.br\/ipatinga\/wp-content\/uploads\/2019\/07\/Gledson-1.jpg 639w, https:\/\/mapadadiversidade.com.br\/ipatinga\/wp-content\/uploads\/2019\/07\/Gledson-1-200x300.jpg 200w\" sizes=\"auto, (max-width: 639px) 100vw, 639px\" \/><\/figure><\/li><li class=\"blocks-gallery-item\"><figure><img loading=\"lazy\" decoding=\"async\" width=\"720\" height=\"720\" src=\"https:\/\/mapadadiversidade.com.br\/ipatinga\/wp-content\/uploads\/2019\/07\/Gledson-2.jpg\" alt=\"\" data-id=\"2131\" data-link=\"https:\/\/mapadadiversidade.com.br\/ipatinga\/?attachment_id=2131\" class=\"wp-image-2131\" srcset=\"https:\/\/mapadadiversidade.com.br\/ipatinga\/wp-content\/uploads\/2019\/07\/Gledson-2.jpg 720w, https:\/\/mapadadiversidade.com.br\/ipatinga\/wp-content\/uploads\/2019\/07\/Gledson-2-150x150.jpg 150w, https:\/\/mapadadiversidade.com.br\/ipatinga\/wp-content\/uploads\/2019\/07\/Gledson-2-300x300.jpg 300w\" sizes=\"auto, (max-width: 720px) 100vw, 720px\" \/><\/figure><\/li><li class=\"blocks-gallery-item\"><figure><img loading=\"lazy\" decoding=\"async\" width=\"453\" height=\"453\" src=\"https:\/\/mapadadiversidade.com.br\/ipatinga\/wp-content\/uploads\/2019\/07\/Gledson-3.jpg\" alt=\"\" data-id=\"2132\" data-link=\"https:\/\/mapadadiversidade.com.br\/ipatinga\/?attachment_id=2132\" class=\"wp-image-2132\" srcset=\"https:\/\/mapadadiversidade.com.br\/ipatinga\/wp-content\/uploads\/2019\/07\/Gledson-3.jpg 453w, https:\/\/mapadadiversidade.com.br\/ipatinga\/wp-content\/uploads\/2019\/07\/Gledson-3-150x150.jpg 150w, https:\/\/mapadadiversidade.com.br\/ipatinga\/wp-content\/uploads\/2019\/07\/Gledson-3-300x300.jpg 300w\" sizes=\"auto, (max-width: 453px) 100vw, 453px\" \/><\/figure><\/li><li class=\"blocks-gallery-item\"><figure><img loading=\"lazy\" decoding=\"async\" width=\"683\" height=\"1024\" src=\"https:\/\/mapadadiversidade.com.br\/ipatinga\/wp-content\/uploads\/2019\/07\/Gledson-4-683x1024.jpg\" alt=\"\" data-id=\"2133\" data-link=\"https:\/\/mapadadiversidade.com.br\/ipatinga\/?attachment_id=2133\" class=\"wp-image-2133\" srcset=\"https:\/\/mapadadiversidade.com.br\/ipatinga\/wp-content\/uploads\/2019\/07\/Gledson-4-683x1024.jpg 683w, https:\/\/mapadadiversidade.com.br\/ipatinga\/wp-content\/uploads\/2019\/07\/Gledson-4-200x300.jpg 200w, https:\/\/mapadadiversidade.com.br\/ipatinga\/wp-content\/uploads\/2019\/07\/Gledson-4.jpg 728w\" sizes=\"auto, (max-width: 683px) 100vw, 683px\" \/><\/figure><\/li><li class=\"blocks-gallery-item\"><figure><img loading=\"lazy\" decoding=\"async\" width=\"552\" height=\"368\" src=\"https:\/\/mapadadiversidade.com.br\/ipatinga\/wp-content\/uploads\/2019\/07\/Gledson.jpg\" alt=\"\" data-id=\"2134\" data-link=\"https:\/\/mapadadiversidade.com.br\/ipatinga\/?attachment_id=2134\" class=\"wp-image-2134\" srcset=\"https:\/\/mapadadiversidade.com.br\/ipatinga\/wp-content\/uploads\/2019\/07\/Gledson.jpg 552w, https:\/\/mapadadiversidade.com.br\/ipatinga\/wp-content\/uploads\/2019\/07\/Gledson-300x200.jpg 300w\" sizes=\"auto, (max-width: 552px) 100vw, 552px\" \/><\/figure><\/li><\/ul>\n","protected":false},"excerpt":{"rendered":"<p>Artista das dan\u00e7as urbanas, dan\u00e7as folcl\u00f3ricas \u00e1rabes (tahtib e dabke) e dan\u00e7a contempor\u00e2nea. Diretor do Departamento de Cultura da Prefeitura Municipal de Ipatinga<\/p>\n","protected":false},"author":7,"featured_media":2134,"comment_status":"open","ping_status":"open","sticky":false,"template":"","format":"standard","meta":{"footnotes":""},"categories":[1,27,4,18],"tags":[241,71,101],"class_list":["post-2129","post","type-post","status-publish","format-standard","has-post-thumbnail","hentry","category-ipatinga","category-danca","category-linguagem-artisticas","category-produtor-ou-gestor-cultural","tag-artes-cenicas","tag-danca","tag-gestor-cultural","item-wrap"],"_links":{"self":[{"href":"https:\/\/mapadadiversidade.com.br\/ipatinga\/wp-json\/wp\/v2\/posts\/2129","targetHints":{"allow":["GET"]}}],"collection":[{"href":"https:\/\/mapadadiversidade.com.br\/ipatinga\/wp-json\/wp\/v2\/posts"}],"about":[{"href":"https:\/\/mapadadiversidade.com.br\/ipatinga\/wp-json\/wp\/v2\/types\/post"}],"author":[{"embeddable":true,"href":"https:\/\/mapadadiversidade.com.br\/ipatinga\/wp-json\/wp\/v2\/users\/7"}],"replies":[{"embeddable":true,"href":"https:\/\/mapadadiversidade.com.br\/ipatinga\/wp-json\/wp\/v2\/comments?post=2129"}],"version-history":[{"count":2,"href":"https:\/\/mapadadiversidade.com.br\/ipatinga\/wp-json\/wp\/v2\/posts\/2129\/revisions"}],"predecessor-version":[{"id":2140,"href":"https:\/\/mapadadiversidade.com.br\/ipatinga\/wp-json\/wp\/v2\/posts\/2129\/revisions\/2140"}],"wp:featuredmedia":[{"embeddable":true,"href":"https:\/\/mapadadiversidade.com.br\/ipatinga\/wp-json\/wp\/v2\/media\/2134"}],"wp:attachment":[{"href":"https:\/\/mapadadiversidade.com.br\/ipatinga\/wp-json\/wp\/v2\/media?parent=2129"}],"wp:term":[{"taxonomy":"category","embeddable":true,"href":"https:\/\/mapadadiversidade.com.br\/ipatinga\/wp-json\/wp\/v2\/categories?post=2129"},{"taxonomy":"post_tag","embeddable":true,"href":"https:\/\/mapadadiversidade.com.br\/ipatinga\/wp-json\/wp\/v2\/tags?post=2129"}],"curies":[{"name":"wp","href":"https:\/\/api.w.org\/{rel}","templated":true}]}}