{"id":2136,"date":"2019-07-10T15:18:39","date_gmt":"2019-07-10T18:18:39","guid":{"rendered":"https:\/\/mapadadiversidade.com.br\/ipatinga\/?p=2136"},"modified":"2019-07-10T15:49:04","modified_gmt":"2019-07-10T18:49:04","slug":"kleyton-willian-pires-guilherme-equipe-recrutas","status":"publish","type":"post","link":"https:\/\/mapadadiversidade.com.br\/ipatinga\/kleyton-willian-pires-guilherme-equipe-recrutas\/","title":{"rendered":"Kleyton Willian Pires Guilherme \/ Equipe Recrutas"},"content":{"rendered":"\n<p>Linguagens art\u00edsticas<br>Dan\u00e7a<\/p>\n\n\n\n<p>Artista da dan\u00e7a, integrante da equipe Recrutas <\/p>\n\n\n\n<p>Hist\u00f3rico: Atua na \u00e1rea da dan\u00e7a desde 2005, com a Equipe Recrutas, trabalha ministrando aulas e workshops na regi\u00e3o com projeto social junto \u00e0 prefeitura Municipal de Mesquita. <br>Trabalha com a  Banda Ema de Tim\u00f3teo. <br>Produz shows e apresenta\u00e7\u00f5es com a equipe Recrutas, al\u00e9m de coordenar e gerenciar eventos de dan\u00e7a.<\/p>\n\n\n\n<p>Telefone: (31) 98504-6265<br> E-mail: kleytonprof@gmail.com <br> Site: www.nilmarlage.com.br <br> Facebook: <a href=\"https:\/\/www.facebook.com\/kleytinhorecrutas\">Kleytinho Recrutas<\/a><br> Instagram: <a href=\"https:\/\/www.instagram.com\/kleytinhorecrutas\/\">Kleytinho Recrutas<\/a> <br> <\/p>\n\n\n\n<figure class=\"wp-block-embed-youtube wp-block-embed is-type-video is-provider-youtube wp-embed-aspect-16-9 wp-has-aspect-ratio\"><div class=\"wp-block-embed__wrapper\">\n<iframe loading=\"lazy\" title=\"Kleyton Moura\" width=\"944\" height=\"531\" src=\"https:\/\/www.youtube.com\/embed\/fx2p0MBkbF0?feature=oembed\" frameborder=\"0\" allow=\"accelerometer; autoplay; encrypted-media; gyroscope; picture-in-picture\" allowfullscreen><\/iframe>\n<\/div><\/figure>\n\n\n\n<ul class=\"wp-block-gallery columns-2 is-cropped wp-block-gallery-1 is-layout-flex wp-block-gallery-is-layout-flex\"><li class=\"blocks-gallery-item\"><figure><img loading=\"lazy\" decoding=\"async\" width=\"960\" height=\"540\" src=\"https:\/\/mapadadiversidade.com.br\/ipatinga\/wp-content\/uploads\/2019\/07\/kleytinho-1.jpg\" alt=\"\" data-id=\"2137\" data-link=\"https:\/\/mapadadiversidade.com.br\/ipatinga\/?attachment_id=2137\" class=\"wp-image-2137\" srcset=\"https:\/\/mapadadiversidade.com.br\/ipatinga\/wp-content\/uploads\/2019\/07\/kleytinho-1.jpg 960w, https:\/\/mapadadiversidade.com.br\/ipatinga\/wp-content\/uploads\/2019\/07\/kleytinho-1-300x169.jpg 300w, https:\/\/mapadadiversidade.com.br\/ipatinga\/wp-content\/uploads\/2019\/07\/kleytinho-1-768x432.jpg 768w\" sizes=\"auto, (max-width: 960px) 100vw, 960px\" \/><\/figure><\/li><li class=\"blocks-gallery-item\"><figure><img loading=\"lazy\" decoding=\"async\" width=\"720\" height=\"720\" src=\"https:\/\/mapadadiversidade.com.br\/ipatinga\/wp-content\/uploads\/2019\/07\/Kleytinho.jpg\" alt=\"\" data-id=\"2138\" data-link=\"https:\/\/mapadadiversidade.com.br\/ipatinga\/?attachment_id=2138\" class=\"wp-image-2138\" srcset=\"https:\/\/mapadadiversidade.com.br\/ipatinga\/wp-content\/uploads\/2019\/07\/Kleytinho.jpg 720w, https:\/\/mapadadiversidade.com.br\/ipatinga\/wp-content\/uploads\/2019\/07\/Kleytinho-150x150.jpg 150w, https:\/\/mapadadiversidade.com.br\/ipatinga\/wp-content\/uploads\/2019\/07\/Kleytinho-300x300.jpg 300w\" sizes=\"auto, (max-width: 720px) 100vw, 720px\" \/><\/figure><\/li><\/ul>\n","protected":false},"excerpt":{"rendered":"<p>Artista da dan\u00e7a, integrante da equipe Recrutas <\/p>\n","protected":false},"author":7,"featured_media":2138,"comment_status":"open","ping_status":"open","sticky":false,"template":"","format":"standard","meta":{"footnotes":""},"categories":[1,27,4],"tags":[71],"class_list":["post-2136","post","type-post","status-publish","format-standard","has-post-thumbnail","hentry","category-ipatinga","category-danca","category-linguagem-artisticas","tag-danca","item-wrap"],"_links":{"self":[{"href":"https:\/\/mapadadiversidade.com.br\/ipatinga\/wp-json\/wp\/v2\/posts\/2136","targetHints":{"allow":["GET"]}}],"collection":[{"href":"https:\/\/mapadadiversidade.com.br\/ipatinga\/wp-json\/wp\/v2\/posts"}],"about":[{"href":"https:\/\/mapadadiversidade.com.br\/ipatinga\/wp-json\/wp\/v2\/types\/post"}],"author":[{"embeddable":true,"href":"https:\/\/mapadadiversidade.com.br\/ipatinga\/wp-json\/wp\/v2\/users\/7"}],"replies":[{"embeddable":true,"href":"https:\/\/mapadadiversidade.com.br\/ipatinga\/wp-json\/wp\/v2\/comments?post=2136"}],"version-history":[{"count":2,"href":"https:\/\/mapadadiversidade.com.br\/ipatinga\/wp-json\/wp\/v2\/posts\/2136\/revisions"}],"predecessor-version":[{"id":2150,"href":"https:\/\/mapadadiversidade.com.br\/ipatinga\/wp-json\/wp\/v2\/posts\/2136\/revisions\/2150"}],"wp:featuredmedia":[{"embeddable":true,"href":"https:\/\/mapadadiversidade.com.br\/ipatinga\/wp-json\/wp\/v2\/media\/2138"}],"wp:attachment":[{"href":"https:\/\/mapadadiversidade.com.br\/ipatinga\/wp-json\/wp\/v2\/media?parent=2136"}],"wp:term":[{"taxonomy":"category","embeddable":true,"href":"https:\/\/mapadadiversidade.com.br\/ipatinga\/wp-json\/wp\/v2\/categories?post=2136"},{"taxonomy":"post_tag","embeddable":true,"href":"https:\/\/mapadadiversidade.com.br\/ipatinga\/wp-json\/wp\/v2\/tags?post=2136"}],"curies":[{"name":"wp","href":"https:\/\/api.w.org\/{rel}","templated":true}]}}