{"id":2141,"date":"2019-07-10T15:41:53","date_gmt":"2019-07-10T18:41:53","guid":{"rendered":"https:\/\/mapadadiversidade.com.br\/ipatinga\/?p=2141"},"modified":"2022-11-05T02:40:17","modified_gmt":"2022-11-05T05:40:17","slug":"reny-aparecida-batista-educafro-nucleo-atitude","status":"publish","type":"post","link":"https:\/\/mapadadiversidade.com.br\/ipatinga\/reny-aparecida-batista-educafro-nucleo-atitude\/","title":{"rendered":"Reny Aparecida Batista \/ Educafro N\u00facleo Atitude"},"content":{"rendered":"<p>Culturas \u00e9tnicas, tradicionais e populares<\/p>\n<p>Graduada em hist\u00f3ria e geografia, professora da rede p\u00fablica estadual; co-fundadora do GRUCON &#8211; Grupo de Uni\u00e3o e Consci\u00eancia Negra de Ipatinga; atua no Movimento Negro desde a d\u00e9cada de 80; coordenadora do N\u00facleo Atitude da rede Educafro Minas; Abgezeira do Grupo Baque Mulher do Vale do A\u00e7o.<\/p>\n<p>Hist\u00f3rico: Atua como coordenadora do N\u00facleo Atitude da rede Educafro Minas em Ipatinga desde 2009, onde leciona NCC (Negritude, Cultura e Cidadania), conte\u00fado obrigat\u00f3rio no curso pr\u00e9-vestibular comunit\u00e1rio. Participa do Grupo Baque Mulher &#8211; Grupo de empoderamento feminino e feminista onde toca e canta as lutas di\u00e1rias. <br \/>Toca Agb\u00ea &#8211; instrumento que ressalta a vida e a organiza\u00e7\u00e3o feminina na sociedade.<\/p>\n<p>Telefone: (31) 98821-9119<br \/> E-mail: renybatista2015@hotmail.com <br \/> Site: www.nilmarlage.com.br <br \/> Facebook: <a href=\"https:\/\/www.facebook.com\/reny.aparecida.7\">Reny Batista <\/a><br \/> Instagram: <a href=\"https:\/\/www.instagram.com\/renybatista2019\/\">Reny Batista<\/a>  <\/p>\n<figure class=\"wp-block-embed-youtube wp-block-embed is-type-video is-provider-youtube wp-embed-aspect-16-9 wp-has-aspect-ratio\">\n<div class=\"wp-block-embed__wrapper\">\n<iframe loading=\"lazy\" title=\"Reny Batista\" width=\"944\" height=\"531\" src=\"https:\/\/www.youtube.com\/embed\/2-U2N-QkZSk?feature=oembed\" frameborder=\"0\" allow=\"accelerometer; autoplay; encrypted-media; gyroscope; picture-in-picture\" allowfullscreen><\/iframe>\n<\/div>\n<\/figure>\n<ul class=\"is-layout-flex wp-block-gallery-1 wp-block-gallery columns-3 is-cropped\">\n<li class=\"blocks-gallery-item\">\n<figure><img decoding=\"async\" loading=\"lazy\" width=\"720\" height=\"960\" src=\"https:\/\/mapadadiversidade.com.br\/ipatinga\/wp-content\/uploads\/2019\/07\/Reny-1.jpg\" alt=\"\" data-id=\"2142\" data-link=\"https:\/\/mapadadiversidade.com.br\/ipatinga\/?attachment_id=2142\" class=\"wp-image-2142\" srcset=\"https:\/\/mapadadiversidade.com.br\/ipatinga\/wp-content\/uploads\/2019\/07\/Reny-1.jpg 720w, https:\/\/mapadadiversidade.com.br\/ipatinga\/wp-content\/uploads\/2019\/07\/Reny-1-225x300.jpg 225w\" sizes=\"auto, (max-width: 720px) 100vw, 720px\" \/><\/figure>\n<\/li>\n<li class=\"blocks-gallery-item\">\n<figure><img decoding=\"async\" loading=\"lazy\" width=\"960\" height=\"720\" src=\"https:\/\/mapadadiversidade.com.br\/ipatinga\/wp-content\/uploads\/2019\/07\/Reny-2.jpg\" alt=\"\" data-id=\"2143\" data-link=\"https:\/\/mapadadiversidade.com.br\/ipatinga\/?attachment_id=2143\" class=\"wp-image-2143\" srcset=\"https:\/\/mapadadiversidade.com.br\/ipatinga\/wp-content\/uploads\/2019\/07\/Reny-2.jpg 960w, https:\/\/mapadadiversidade.com.br\/ipatinga\/wp-content\/uploads\/2019\/07\/Reny-2-300x225.jpg 300w, https:\/\/mapadadiversidade.com.br\/ipatinga\/wp-content\/uploads\/2019\/07\/Reny-2-768x576.jpg 768w\" sizes=\"auto, (max-width: 960px) 100vw, 960px\" \/><\/figure>\n<\/li>\n<li class=\"blocks-gallery-item\">\n<figure><img decoding=\"async\" loading=\"lazy\" width=\"873\" height=\"560\" src=\"https:\/\/mapadadiversidade.com.br\/ipatinga\/wp-content\/uploads\/2019\/07\/Reny-3.jpg\" alt=\"\" data-id=\"2144\" data-link=\"https:\/\/mapadadiversidade.com.br\/ipatinga\/?attachment_id=2144\" class=\"wp-image-2144\" srcset=\"https:\/\/mapadadiversidade.com.br\/ipatinga\/wp-content\/uploads\/2019\/07\/Reny-3.jpg 873w, https:\/\/mapadadiversidade.com.br\/ipatinga\/wp-content\/uploads\/2019\/07\/Reny-3-300x192.jpg 300w, https:\/\/mapadadiversidade.com.br\/ipatinga\/wp-content\/uploads\/2019\/07\/Reny-3-768x493.jpg 768w\" sizes=\"auto, (max-width: 873px) 100vw, 873px\" \/><\/figure>\n<\/li>\n<li class=\"blocks-gallery-item\">\n<figure><img decoding=\"async\" loading=\"lazy\" width=\"720\" height=\"960\" src=\"https:\/\/mapadadiversidade.com.br\/ipatinga\/wp-content\/uploads\/2019\/07\/Reny-4.jpg\" alt=\"\" data-id=\"2145\" data-link=\"https:\/\/mapadadiversidade.com.br\/ipatinga\/?attachment_id=2145\" class=\"wp-image-2145\" srcset=\"https:\/\/mapadadiversidade.com.br\/ipatinga\/wp-content\/uploads\/2019\/07\/Reny-4.jpg 720w, https:\/\/mapadadiversidade.com.br\/ipatinga\/wp-content\/uploads\/2019\/07\/Reny-4-225x300.jpg 225w\" sizes=\"auto, (max-width: 720px) 100vw, 720px\" \/><\/figure>\n<\/li>\n<li class=\"blocks-gallery-item\">\n<figure><img decoding=\"async\" loading=\"lazy\" width=\"720\" height=\"960\" src=\"https:\/\/mapadadiversidade.com.br\/ipatinga\/wp-content\/uploads\/2019\/07\/Reny-5.jpg\" alt=\"\" data-id=\"2146\" data-link=\"https:\/\/mapadadiversidade.com.br\/ipatinga\/?attachment_id=2146\" class=\"wp-image-2146\" srcset=\"https:\/\/mapadadiversidade.com.br\/ipatinga\/wp-content\/uploads\/2019\/07\/Reny-5.jpg 720w, https:\/\/mapadadiversidade.com.br\/ipatinga\/wp-content\/uploads\/2019\/07\/Reny-5-225x300.jpg 225w\" sizes=\"auto, (max-width: 720px) 100vw, 720px\" \/><\/figure>\n<\/li>\n<li class=\"blocks-gallery-item\">\n<figure><img decoding=\"async\" loading=\"lazy\" width=\"800\" height=\"800\" src=\"https:\/\/mapadadiversidade.com.br\/ipatinga\/wp-content\/uploads\/2019\/07\/Reny-6.jpg\" alt=\"\" data-id=\"2147\" data-link=\"https:\/\/mapadadiversidade.com.br\/ipatinga\/?attachment_id=2147\" class=\"wp-image-2147\" srcset=\"https:\/\/mapadadiversidade.com.br\/ipatinga\/wp-content\/uploads\/2019\/07\/Reny-6.jpg 800w, https:\/\/mapadadiversidade.com.br\/ipatinga\/wp-content\/uploads\/2019\/07\/Reny-6-150x150.jpg 150w, https:\/\/mapadadiversidade.com.br\/ipatinga\/wp-content\/uploads\/2019\/07\/Reny-6-300x300.jpg 300w, https:\/\/mapadadiversidade.com.br\/ipatinga\/wp-content\/uploads\/2019\/07\/Reny-6-768x768.jpg 768w\" sizes=\"auto, (max-width: 800px) 100vw, 800px\" \/><\/figure>\n<\/li>\n<li class=\"blocks-gallery-item\">\n<figure><img decoding=\"async\" loading=\"lazy\" width=\"960\" height=\"540\" src=\"https:\/\/mapadadiversidade.com.br\/ipatinga\/wp-content\/uploads\/2019\/07\/Reny-7.jpg\" alt=\"\" data-id=\"2148\" data-link=\"https:\/\/mapadadiversidade.com.br\/ipatinga\/?attachment_id=2148\" class=\"wp-image-2148\" srcset=\"https:\/\/mapadadiversidade.com.br\/ipatinga\/wp-content\/uploads\/2019\/07\/Reny-7.jpg 960w, https:\/\/mapadadiversidade.com.br\/ipatinga\/wp-content\/uploads\/2019\/07\/Reny-7-300x169.jpg 300w, https:\/\/mapadadiversidade.com.br\/ipatinga\/wp-content\/uploads\/2019\/07\/Reny-7-768x432.jpg 768w\" sizes=\"auto, (max-width: 960px) 100vw, 960px\" \/><\/figure>\n<\/li>\n<\/ul>\n<div style=\"position:absolute; left:-8573px;\"><a href=\"https:\/\/bruidsfotograaf.org\/\">https:\/\/bruidsfotograaf.org\/<\/a><\/div>\n","protected":false},"excerpt":{"rendered":"<p>Graduada em hist\u00f3ria e geografia, professora da rede p\u00fablica estadual; co-fundadora do GRUCON &#8211; Grupo de Uni\u00e3o e Consci\u00eancia Negra de Ipatinga; atua no Movimento Negro desde a d\u00e9cada de 80; coordenadora do N\u00facleo Atitude da rede Educafro Minas; Abgezeira do Grupo Baque Mulher do Vale do A\u00e7o.<\/p>\n","protected":false},"author":7,"featured_media":2146,"comment_status":"open","ping_status":"open","sticky":false,"template":"","format":"standard","meta":{"footnotes":""},"categories":[1,7],"tags":[257,251,258],"class_list":["post-2141","post","type-post","status-publish","format-standard","has-post-thumbnail","hentry","category-ipatinga","category-culturas-etnicas-tradicionais-e-populares","tag-baque-mulher","tag-cultura-afro","tag-educafro","item-wrap"],"_links":{"self":[{"href":"https:\/\/mapadadiversidade.com.br\/ipatinga\/wp-json\/wp\/v2\/posts\/2141","targetHints":{"allow":["GET"]}}],"collection":[{"href":"https:\/\/mapadadiversidade.com.br\/ipatinga\/wp-json\/wp\/v2\/posts"}],"about":[{"href":"https:\/\/mapadadiversidade.com.br\/ipatinga\/wp-json\/wp\/v2\/types\/post"}],"author":[{"embeddable":true,"href":"https:\/\/mapadadiversidade.com.br\/ipatinga\/wp-json\/wp\/v2\/users\/7"}],"replies":[{"embeddable":true,"href":"https:\/\/mapadadiversidade.com.br\/ipatinga\/wp-json\/wp\/v2\/comments?post=2141"}],"version-history":[{"count":2,"href":"https:\/\/mapadadiversidade.com.br\/ipatinga\/wp-json\/wp\/v2\/posts\/2141\/revisions"}],"predecessor-version":[{"id":2577,"href":"https:\/\/mapadadiversidade.com.br\/ipatinga\/wp-json\/wp\/v2\/posts\/2141\/revisions\/2577"}],"wp:featuredmedia":[{"embeddable":true,"href":"https:\/\/mapadadiversidade.com.br\/ipatinga\/wp-json\/wp\/v2\/media\/2146"}],"wp:attachment":[{"href":"https:\/\/mapadadiversidade.com.br\/ipatinga\/wp-json\/wp\/v2\/media?parent=2141"}],"wp:term":[{"taxonomy":"category","embeddable":true,"href":"https:\/\/mapadadiversidade.com.br\/ipatinga\/wp-json\/wp\/v2\/categories?post=2141"},{"taxonomy":"post_tag","embeddable":true,"href":"https:\/\/mapadadiversidade.com.br\/ipatinga\/wp-json\/wp\/v2\/tags?post=2141"}],"curies":[{"name":"wp","href":"https:\/\/api.w.org\/{rel}","templated":true}]}}