{"id":2175,"date":"2019-07-10T23:14:08","date_gmt":"2019-07-11T02:14:08","guid":{"rendered":"https:\/\/mapadadiversidade.com.br\/ipatinga\/?p=2175"},"modified":"2023-04-26T21:43:30","modified_gmt":"2023-04-27T00:43:30","slug":"gustavo-maia","status":"publish","type":"post","link":"https:\/\/mapadadiversidade.com.br\/ipatinga\/gustavo-maia\/","title":{"rendered":"Gustavo Maia \/ Curim\u00e3"},"content":{"rendered":"\n<p>M\u00fasico, compositor, arranjador, atua em apresenta\u00e7\u00f5es solo ou a frente do Grupo Curim\u00e3 com qual desenvolve experimenta\u00e7\u00f5es autorais.<a href=\"https:\/\/www.hallelujahyachtcruises.com\/\"><strong>holdbarhet nespresso kapsler<\/strong><\/a><br><a href=\"https:\/\/www.bastaloparskorna.com\/\"><strong>vinglas boda nova<\/strong><\/a><br><a href=\"https:\/\/www.kepezbutikhotel.net\/\"><strong>qatar airways handgep\u00e4ck gewicht<\/strong><\/a><br><a href=\"https:\/\/www.halepsamikecisi.com\/\"><strong>\u05db\u05d5\u05e8\u05e1\u05d0 \u05d0\u05d2\u05d5\u05e8\u05d4<\/strong><\/a><br><a href=\"https:\/\/www.rockinzero.org\/\"><strong>d\u00e1msk\u00e9 jarni kotn\u00edkov\u00e9 boty tamaris<\/strong><\/a><br><a href=\"https:\/\/www.baby-waage.com\/\"><strong>best apple watch bands for women<\/strong><\/a><br><a href=\"https:\/\/www.rc-mirage.com\/\"><strong>de\u017ena obleka za otroke<\/strong><\/a><br><a href=\"https:\/\/www.fiitgonline.com\/\"><strong>fiitgonline.com<\/strong><\/a><br><a href=\"https:\/\/www.turistblog.ro\/\"><strong>mouse pad tastatura si mouse<\/strong><\/a><br><a href=\"https:\/\/www.tadkwan.com\/\"><strong>presa largit pantofi barbati<\/strong><\/a><br><a href=\"https:\/\/www.naturalresume.com\/\"><strong>k\u00f8b l\u00e6rke bagger strik<\/strong><\/a><\/p>\n\n\n\n<p>Linguagens Art\u00edsticas <br>M\u00fasica <\/p>\n\n\n\n<p>Hist\u00f3rico: Fundou  em &nbsp;2003 o grupo Nem Secos em BH e com esse grupo pode participar de v\u00e1rios projetos e produ\u00e7\u00f5es at\u00e9 2014. Cursei m\u00fasica popular na UFBA 2014 a 2017 em Salvador, participei do Sambagol\u00e1, Orquestra Popular com o qual gravei o EP Ladu\u00e1, com vasta pesquisa, sobre ritmos regionais. Obteve o 3 lugar no pr\u00eamio de M\u00fasica de Minas Gerais em 2013 e o 1 lugar &nbsp;no Festival do Museu do Clube da Esquina em BH, no ano de 2017. Tenho algumas m\u00fasicas gravadas no CD &nbsp;Dan\u00e7ando a vida e anti-her\u00f3is do Nem Secos, gravado em 2011 e atualmente lidera a Banda Curim\u00e3 no Vale do A\u00e7o.<\/p>\n\n\n\n<p>Arte Educador                                                                                                      Atua como educador musical na rede municipal de Ipatinga.  <\/p>\n\n\n\n<p class=\"has-text-align-right\"><\/p>\n\n\n\n<p>Telefone: (31) 99481-7444<\/p>\n\n\n\n<p>Email:maia.yoga@hotmail.com<\/p>\n\n\n\n<p>Facebook: <a href=\"https:\/\/www.facebook.com\/gustavo.maia1\">Gustavo Maia<\/a><\/p>\n\n\n\n<p>Instagram: <a href=\"https:\/\/www.instagram.com\/gu_maiah\/\">Gustavo Maia<\/a><\/p>\n\n\n\n<p>Youtube: G<a href=\"https:\/\/www.youtube.com\/channel\/UCNnmsJByI6BdMx4Etvc6hpg\">ustavo Maia Cantautor<\/a><\/p>\n\n\n\n<p><\/p>\n\n\n\n<figure class=\"wp-block-embed is-type-video is-provider-youtube wp-block-embed-youtube wp-embed-aspect-16-9 wp-has-aspect-ratio\"><div class=\"wp-block-embed__wrapper\">\n<iframe loading=\"lazy\" title=\"Gustavo Maia\" width=\"944\" height=\"531\" src=\"https:\/\/www.youtube.com\/embed\/FuB5XTC2JuI?feature=oembed\" frameborder=\"0\" allow=\"accelerometer; autoplay; clipboard-write; encrypted-media; gyroscope; picture-in-picture; web-share\" allowfullscreen><\/iframe>\n<\/div><\/figure>\n\n\n\n<figure class=\"wp-block-gallery has-nested-images columns-default is-cropped wp-block-gallery-1 is-layout-flex wp-block-gallery-is-layout-flex\">\n<figure class=\"wp-block-image\"><img loading=\"lazy\" decoding=\"async\" width=\"768\" height=\"1024\" data-id=\"2241\" src=\"https:\/\/mapadadiversidade.com.br\/ipatinga\/wp-content\/uploads\/2019\/07\/GUSTAVO-2-2-768x1024.jpg\" alt=\"\" class=\"wp-image-2241\" srcset=\"https:\/\/mapadadiversidade.com.br\/ipatinga\/wp-content\/uploads\/2019\/07\/GUSTAVO-2-2-768x1024.jpg 768w, https:\/\/mapadadiversidade.com.br\/ipatinga\/wp-content\/uploads\/2019\/07\/GUSTAVO-2-2-225x300.jpg 225w, https:\/\/mapadadiversidade.com.br\/ipatinga\/wp-content\/uploads\/2019\/07\/GUSTAVO-2-2.jpg 1536w\" sizes=\"auto, (max-width: 768px) 100vw, 768px\" \/><\/figure>\n\n\n\n<figure class=\"wp-block-image\"><img loading=\"lazy\" decoding=\"async\" width=\"1024\" height=\"1024\" data-id=\"2242\" src=\"https:\/\/mapadadiversidade.com.br\/ipatinga\/wp-content\/uploads\/2019\/07\/gustavo-2-1024x1024.jpg\" alt=\"\" class=\"wp-image-2242\" srcset=\"https:\/\/mapadadiversidade.com.br\/ipatinga\/wp-content\/uploads\/2019\/07\/gustavo-2-1024x1024.jpg 1024w, https:\/\/mapadadiversidade.com.br\/ipatinga\/wp-content\/uploads\/2019\/07\/gustavo-2-150x150.jpg 150w, https:\/\/mapadadiversidade.com.br\/ipatinga\/wp-content\/uploads\/2019\/07\/gustavo-2-300x300.jpg 300w, https:\/\/mapadadiversidade.com.br\/ipatinga\/wp-content\/uploads\/2019\/07\/gustavo-2-768x768.jpg 768w, https:\/\/mapadadiversidade.com.br\/ipatinga\/wp-content\/uploads\/2019\/07\/gustavo-2.jpg 1080w\" sizes=\"auto, (max-width: 1024px) 100vw, 1024px\" \/><\/figure>\n\n\n\n<figure class=\"wp-block-image\"><img loading=\"lazy\" decoding=\"async\" width=\"774\" height=\"774\" data-id=\"2243\" src=\"https:\/\/mapadadiversidade.com.br\/ipatinga\/wp-content\/uploads\/2019\/07\/GUSTAVO1-2.jpg\" alt=\"\" class=\"wp-image-2243\" srcset=\"https:\/\/mapadadiversidade.com.br\/ipatinga\/wp-content\/uploads\/2019\/07\/GUSTAVO1-2.jpg 774w, https:\/\/mapadadiversidade.com.br\/ipatinga\/wp-content\/uploads\/2019\/07\/GUSTAVO1-2-150x150.jpg 150w, https:\/\/mapadadiversidade.com.br\/ipatinga\/wp-content\/uploads\/2019\/07\/GUSTAVO1-2-300x300.jpg 300w, https:\/\/mapadadiversidade.com.br\/ipatinga\/wp-content\/uploads\/2019\/07\/GUSTAVO1-2-768x768.jpg 768w\" sizes=\"auto, (max-width: 774px) 100vw, 774px\" \/><\/figure>\n\n\n\n<figure class=\"wp-block-image\"><img loading=\"lazy\" decoding=\"async\" width=\"640\" height=\"640\" data-id=\"2244\" src=\"https:\/\/mapadadiversidade.com.br\/ipatinga\/wp-content\/uploads\/2019\/07\/GUSTAVO4-2.jpg\" alt=\"\" class=\"wp-image-2244\" srcset=\"https:\/\/mapadadiversidade.com.br\/ipatinga\/wp-content\/uploads\/2019\/07\/GUSTAVO4-2.jpg 640w, https:\/\/mapadadiversidade.com.br\/ipatinga\/wp-content\/uploads\/2019\/07\/GUSTAVO4-2-150x150.jpg 150w, https:\/\/mapadadiversidade.com.br\/ipatinga\/wp-content\/uploads\/2019\/07\/GUSTAVO4-2-300x300.jpg 300w\" sizes=\"auto, (max-width: 640px) 100vw, 640px\" \/><\/figure>\n\n\n\n<figure class=\"wp-block-image\"><img loading=\"lazy\" decoding=\"async\" width=\"960\" height=\"960\" data-id=\"2245\" src=\"https:\/\/mapadadiversidade.com.br\/ipatinga\/wp-content\/uploads\/2019\/07\/GUSTAVO5-2.jpg\" alt=\"\" class=\"wp-image-2245\" srcset=\"https:\/\/mapadadiversidade.com.br\/ipatinga\/wp-content\/uploads\/2019\/07\/GUSTAVO5-2.jpg 960w, https:\/\/mapadadiversidade.com.br\/ipatinga\/wp-content\/uploads\/2019\/07\/GUSTAVO5-2-150x150.jpg 150w, https:\/\/mapadadiversidade.com.br\/ipatinga\/wp-content\/uploads\/2019\/07\/GUSTAVO5-2-300x300.jpg 300w, https:\/\/mapadadiversidade.com.br\/ipatinga\/wp-content\/uploads\/2019\/07\/GUSTAVO5-2-768x768.jpg 768w\" sizes=\"auto, (max-width: 960px) 100vw, 960px\" \/><\/figure>\n\n\n\n<figure class=\"wp-block-image\"><img loading=\"lazy\" decoding=\"async\" width=\"1024\" height=\"683\" data-id=\"2246\" src=\"https:\/\/mapadadiversidade.com.br\/ipatinga\/wp-content\/uploads\/2019\/07\/GUSTAVO12-2-1024x683.jpg\" alt=\"\" class=\"wp-image-2246\" srcset=\"https:\/\/mapadadiversidade.com.br\/ipatinga\/wp-content\/uploads\/2019\/07\/GUSTAVO12-2-1024x683.jpg 1024w, https:\/\/mapadadiversidade.com.br\/ipatinga\/wp-content\/uploads\/2019\/07\/GUSTAVO12-2-300x200.jpg 300w, https:\/\/mapadadiversidade.com.br\/ipatinga\/wp-content\/uploads\/2019\/07\/GUSTAVO12-2-768x512.jpg 768w, https:\/\/mapadadiversidade.com.br\/ipatinga\/wp-content\/uploads\/2019\/07\/GUSTAVO12-2.jpg 2048w\" sizes=\"auto, (max-width: 1024px) 100vw, 1024px\" \/><\/figure>\n<\/figure>\n","protected":false},"excerpt":{"rendered":"<p>M\u00fasico, compositor, arranjador, atua em apresenta\u00e7\u00f5es solo ou a frente do Grupo Curim\u00e3 como com qual desenvolve experimenta\u00e7\u00f5es autorais.<\/p>\n","protected":false},"author":3,"featured_media":2246,"comment_status":"open","ping_status":"open","sticky":false,"template":"","format":"standard","meta":{"footnotes":""},"categories":[1,5,4,12],"tags":[160,119,161,92],"class_list":["post-2175","post","type-post","status-publish","format-standard","has-post-thumbnail","hentry","category-ipatinga","category-arte-educador-educador-social","category-linguagem-artisticas","category-musica","tag-arranjador","tag-compositor","tag-educador-musical","tag-musica","item-wrap"],"_links":{"self":[{"href":"https:\/\/mapadadiversidade.com.br\/ipatinga\/wp-json\/wp\/v2\/posts\/2175","targetHints":{"allow":["GET"]}}],"collection":[{"href":"https:\/\/mapadadiversidade.com.br\/ipatinga\/wp-json\/wp\/v2\/posts"}],"about":[{"href":"https:\/\/mapadadiversidade.com.br\/ipatinga\/wp-json\/wp\/v2\/types\/post"}],"author":[{"embeddable":true,"href":"https:\/\/mapadadiversidade.com.br\/ipatinga\/wp-json\/wp\/v2\/users\/3"}],"replies":[{"embeddable":true,"href":"https:\/\/mapadadiversidade.com.br\/ipatinga\/wp-json\/wp\/v2\/comments?post=2175"}],"version-history":[{"count":17,"href":"https:\/\/mapadadiversidade.com.br\/ipatinga\/wp-json\/wp\/v2\/posts\/2175\/revisions"}],"predecessor-version":[{"id":2621,"href":"https:\/\/mapadadiversidade.com.br\/ipatinga\/wp-json\/wp\/v2\/posts\/2175\/revisions\/2621"}],"wp:featuredmedia":[{"embeddable":true,"href":"https:\/\/mapadadiversidade.com.br\/ipatinga\/wp-json\/wp\/v2\/media\/2246"}],"wp:attachment":[{"href":"https:\/\/mapadadiversidade.com.br\/ipatinga\/wp-json\/wp\/v2\/media?parent=2175"}],"wp:term":[{"taxonomy":"category","embeddable":true,"href":"https:\/\/mapadadiversidade.com.br\/ipatinga\/wp-json\/wp\/v2\/categories?post=2175"},{"taxonomy":"post_tag","embeddable":true,"href":"https:\/\/mapadadiversidade.com.br\/ipatinga\/wp-json\/wp\/v2\/tags?post=2175"}],"curies":[{"name":"wp","href":"https:\/\/api.w.org\/{rel}","templated":true}]}}