{"id":2197,"date":"2019-07-10T23:43:01","date_gmt":"2019-07-11T02:43:01","guid":{"rendered":"https:\/\/mapadadiversidade.com.br\/ipatinga\/?p=2197"},"modified":"2019-07-11T07:37:10","modified_gmt":"2019-07-11T10:37:10","slug":"marilson-wellington-braga","status":"publish","type":"post","link":"https:\/\/mapadadiversidade.com.br\/ipatinga\/marilson-wellington-braga\/","title":{"rendered":"Marilson Wellington Braga"},"content":{"rendered":"\n<p>Marilson Braga, nasceu em Governador Valadares,  residente em Ipatinga. Desde 2013 atua como professor de dan\u00e7a  de sal\u00e3o com v\u00e1rias modalidades (Bolero, Forr\u00f3, Samba e Dan\u00e7a Cigana com a companhia Esmeralda. Faz apresenta\u00e7\u00f5es diversos locais do munic\u00edpio , atendendo empresas, espa\u00e7os abertos e eventos particulares.<\/p>\n\n\n\n<p>contato: (31) 987709754<\/p>\n\n\n\n<p>Email: marilsonbraga@gmail.com<\/p>\n\n\n\n<p>Facebook: <a href=\"https:\/\/www.facebook.com\/marilson.braga\">Marilson Braga<\/a><\/p>\n\n\n\n<p>Instagram:<a href=\"https:\/\/www.instagram.com\/marilson_braga\/?hl=pt-br\"> Marilson Braga<\/a><\/p>\n\n\n\n<figure class=\"wp-block-embed-youtube wp-block-embed is-type-video is-provider-youtube wp-embed-aspect-16-9 wp-has-aspect-ratio\"><div class=\"wp-block-embed__wrapper\">\n<iframe loading=\"lazy\" title=\"Marilson\" width=\"944\" height=\"531\" src=\"https:\/\/www.youtube.com\/embed\/sfTXc3x_syk?feature=oembed\" frameborder=\"0\" allow=\"accelerometer; autoplay; encrypted-media; gyroscope; picture-in-picture\" allowfullscreen><\/iframe>\n<\/div><\/figure>\n\n\n\n<figure class=\"wp-block-embed-youtube wp-block-embed is-type-video is-provider-youtube wp-embed-aspect-16-9 wp-has-aspect-ratio\"><div class=\"wp-block-embed__wrapper\">\n<iframe loading=\"lazy\" title=\"Marilson2\" width=\"944\" height=\"531\" src=\"https:\/\/www.youtube.com\/embed\/zRHonQZ2Z-0?feature=oembed\" frameborder=\"0\" allow=\"accelerometer; autoplay; encrypted-media; gyroscope; picture-in-picture\" allowfullscreen><\/iframe>\n<\/div><\/figure>\n\n\n\n<figure class=\"wp-block-image is-resized\"><img loading=\"lazy\" decoding=\"async\" src=\"https:\/\/mapadadiversidade.com.br\/ipatinga\/wp-content\/uploads\/2019\/07\/35050966_1672185959495405_993477827359670272_n.jpg\" alt=\"\" class=\"wp-image-2218\" width=\"286\" height=\"508\" srcset=\"https:\/\/mapadadiversidade.com.br\/ipatinga\/wp-content\/uploads\/2019\/07\/35050966_1672185959495405_993477827359670272_n.jpg 540w, https:\/\/mapadadiversidade.com.br\/ipatinga\/wp-content\/uploads\/2019\/07\/35050966_1672185959495405_993477827359670272_n-169x300.jpg 169w\" sizes=\"auto, (max-width: 286px) 100vw, 286px\" \/><\/figure>\n\n\n\n<figure class=\"wp-block-image is-resized\"><img loading=\"lazy\" decoding=\"async\" src=\"https:\/\/mapadadiversidade.com.br\/ipatinga\/wp-content\/uploads\/2019\/07\/43225049_1887618688002734_2348497258831180947_n.jpg\" alt=\"\" class=\"wp-image-2219\" width=\"293\" height=\"293\" srcset=\"https:\/\/mapadadiversidade.com.br\/ipatinga\/wp-content\/uploads\/2019\/07\/43225049_1887618688002734_2348497258831180947_n.jpg 480w, https:\/\/mapadadiversidade.com.br\/ipatinga\/wp-content\/uploads\/2019\/07\/43225049_1887618688002734_2348497258831180947_n-150x150.jpg 150w, https:\/\/mapadadiversidade.com.br\/ipatinga\/wp-content\/uploads\/2019\/07\/43225049_1887618688002734_2348497258831180947_n-300x300.jpg 300w\" sizes=\"auto, (max-width: 293px) 100vw, 293px\" \/><\/figure>\n\n\n\n<figure class=\"wp-block-image is-resized\"><img loading=\"lazy\" decoding=\"async\" src=\"https:\/\/mapadadiversidade.com.br\/ipatinga\/wp-content\/uploads\/2019\/07\/43206155_140757086894854_2293495927298082468_n.jpg\" alt=\"\" class=\"wp-image-2220\" width=\"302\" height=\"302\" srcset=\"https:\/\/mapadadiversidade.com.br\/ipatinga\/wp-content\/uploads\/2019\/07\/43206155_140757086894854_2293495927298082468_n.jpg 400w, https:\/\/mapadadiversidade.com.br\/ipatinga\/wp-content\/uploads\/2019\/07\/43206155_140757086894854_2293495927298082468_n-150x150.jpg 150w, https:\/\/mapadadiversidade.com.br\/ipatinga\/wp-content\/uploads\/2019\/07\/43206155_140757086894854_2293495927298082468_n-300x300.jpg 300w\" sizes=\"auto, (max-width: 302px) 100vw, 302px\" \/><\/figure>\n\n\n\n<figure class=\"wp-block-image is-resized\"><img loading=\"lazy\" decoding=\"async\" src=\"https:\/\/mapadadiversidade.com.br\/ipatinga\/wp-content\/uploads\/2019\/07\/44738827_2190864060924671_1018591209050360318_n.jpg\" alt=\"\" class=\"wp-image-2221\" width=\"305\" height=\"305\" srcset=\"https:\/\/mapadadiversidade.com.br\/ipatinga\/wp-content\/uploads\/2019\/07\/44738827_2190864060924671_1018591209050360318_n.jpg 400w, https:\/\/mapadadiversidade.com.br\/ipatinga\/wp-content\/uploads\/2019\/07\/44738827_2190864060924671_1018591209050360318_n-150x150.jpg 150w, https:\/\/mapadadiversidade.com.br\/ipatinga\/wp-content\/uploads\/2019\/07\/44738827_2190864060924671_1018591209050360318_n-300x300.jpg 300w\" sizes=\"auto, (max-width: 305px) 100vw, 305px\" \/><\/figure>\n\n\n\n<figure class=\"wp-block-image is-resized\"><img loading=\"lazy\" decoding=\"async\" src=\"https:\/\/mapadadiversidade.com.br\/ipatinga\/wp-content\/uploads\/2019\/07\/44926973_312115722735630_6806841427525126234_n.jpg\" alt=\"\" class=\"wp-image-2222\" width=\"307\" height=\"307\" srcset=\"https:\/\/mapadadiversidade.com.br\/ipatinga\/wp-content\/uploads\/2019\/07\/44926973_312115722735630_6806841427525126234_n.jpg 640w, https:\/\/mapadadiversidade.com.br\/ipatinga\/wp-content\/uploads\/2019\/07\/44926973_312115722735630_6806841427525126234_n-150x150.jpg 150w, https:\/\/mapadadiversidade.com.br\/ipatinga\/wp-content\/uploads\/2019\/07\/44926973_312115722735630_6806841427525126234_n-300x300.jpg 300w\" sizes=\"auto, (max-width: 307px) 100vw, 307px\" \/><\/figure>\n","protected":false},"excerpt":{"rendered":"<p>Marilson Braga, nasceu em Governador Valadares, residente em Ipatinga. Desde 2013 atua como professor de dan\u00e7a de sal\u00e3o com v\u00e1rias modalidades (Bolero, Forr\u00f3, Samba e Dan\u00e7a Cigana com a companhia Esmeralda. Faz apresenta\u00e7\u00f5es diversos locais do munic\u00edpio , atendendo empresas, espa\u00e7os abertos e eventos particulares. contato: (31) 987709754 Email: marilsonbraga@gmail.com Facebook: Marilson Braga Instagram: Marilson &hellip; <\/p>\n<p><a class=\"more-link btn\" href=\"https:\/\/mapadadiversidade.com.br\/ipatinga\/marilson-wellington-braga\/\">Continue lendo<\/a><\/p>\n","protected":false},"author":11,"featured_media":0,"comment_status":"open","ping_status":"open","sticky":false,"template":"","format":"standard","meta":{"footnotes":""},"categories":[1,27],"tags":[],"class_list":["post-2197","post","type-post","status-publish","format-standard","hentry","category-ipatinga","category-danca","item-wrap"],"_links":{"self":[{"href":"https:\/\/mapadadiversidade.com.br\/ipatinga\/wp-json\/wp\/v2\/posts\/2197","targetHints":{"allow":["GET"]}}],"collection":[{"href":"https:\/\/mapadadiversidade.com.br\/ipatinga\/wp-json\/wp\/v2\/posts"}],"about":[{"href":"https:\/\/mapadadiversidade.com.br\/ipatinga\/wp-json\/wp\/v2\/types\/post"}],"author":[{"embeddable":true,"href":"https:\/\/mapadadiversidade.com.br\/ipatinga\/wp-json\/wp\/v2\/users\/11"}],"replies":[{"embeddable":true,"href":"https:\/\/mapadadiversidade.com.br\/ipatinga\/wp-json\/wp\/v2\/comments?post=2197"}],"version-history":[{"count":3,"href":"https:\/\/mapadadiversidade.com.br\/ipatinga\/wp-json\/wp\/v2\/posts\/2197\/revisions"}],"predecessor-version":[{"id":2223,"href":"https:\/\/mapadadiversidade.com.br\/ipatinga\/wp-json\/wp\/v2\/posts\/2197\/revisions\/2223"}],"wp:attachment":[{"href":"https:\/\/mapadadiversidade.com.br\/ipatinga\/wp-json\/wp\/v2\/media?parent=2197"}],"wp:term":[{"taxonomy":"category","embeddable":true,"href":"https:\/\/mapadadiversidade.com.br\/ipatinga\/wp-json\/wp\/v2\/categories?post=2197"},{"taxonomy":"post_tag","embeddable":true,"href":"https:\/\/mapadadiversidade.com.br\/ipatinga\/wp-json\/wp\/v2\/tags?post=2197"}],"curies":[{"name":"wp","href":"https:\/\/api.w.org\/{rel}","templated":true}]}}