{"id":2201,"date":"2019-07-11T00:06:56","date_gmt":"2019-07-11T03:06:56","guid":{"rendered":"https:\/\/mapadadiversidade.com.br\/ipatinga\/?p=2201"},"modified":"2024-02-12T14:10:17","modified_gmt":"2024-02-12T17:10:17","slug":"claudia-barros","status":"publish","type":"post","link":"https:\/\/mapadadiversidade.com.br\/ipatinga\/claudia-barros\/","title":{"rendered":"Cl\u00e1udia  Regina Cruz Barros"},"content":{"rendered":"\n<p>Linguagens art\u00edsticas: Dan\u00e7a\/Forr\u00f3<\/p>\n\n\n\n<p>Claudia Barros, nasceu em Ipatinga, atualmente  reside em Santana do Para\u00edso, professora de Dan\u00e7a de Forr\u00f3 desde 2018 com aulas em academia. V\u00e1rias apresenta\u00e7\u00f5es em v\u00e1rios munic\u00edpios.<\/p>\n\n\n\n<p>contato: (31) 985133943<\/p>\n\n\n\n<p>Email: claudia_s2regina@hotmail.com<\/p>\n\n\n\n<p>Instagram: <a href=\"https:\/\/www.instagram.com\/claudia_.barros\/?hl=pt-br\">Claudia Barros<\/a><\/p>\n\n\n\n<p><\/p>\n\n\n\n<p><\/p>\n\n\n\n<figure class=\"wp-block-embed is-type-video is-provider-youtube wp-block-embed-youtube wp-embed-aspect-16-9 wp-has-aspect-ratio\"><div class=\"wp-block-embed__wrapper\">\n<iframe loading=\"lazy\" title=\"Claudia Barros\" width=\"944\" height=\"531\" src=\"https:\/\/www.youtube.com\/embed\/NuqfC8ZagAw?feature=oembed\" frameborder=\"0\" allow=\"accelerometer; autoplay; clipboard-write; encrypted-media; gyroscope; picture-in-picture; web-share\" allowfullscreen><\/iframe>\n<\/div><\/figure>\n","protected":false},"excerpt":{"rendered":"<p>Linguagens art\u00edsticas: Dan\u00e7a\/Forr\u00f3 Claudia Barros, nasceu em Ipatinga, atualmente reside em Santana do Para\u00edso, professora de Dan\u00e7a de Forr\u00f3 desde 2018 com aulas em academia. V\u00e1rias apresenta\u00e7\u00f5es em v\u00e1rios munic\u00edpios. contato: (31) 985133943 Email: claudia_s2regina@hotmail.com Instagram: Claudia Barros<\/p>\n","protected":false},"author":11,"featured_media":0,"comment_status":"open","ping_status":"open","sticky":false,"template":"","format":"standard","meta":{"footnotes":""},"categories":[21,27,4],"tags":[],"class_list":["post-2201","post","type-post","status-publish","format-standard","hentry","category-_regiao-metropolitana-do-vale-do-aco","category-danca","category-linguagem-artisticas","item-wrap"],"_links":{"self":[{"href":"https:\/\/mapadadiversidade.com.br\/ipatinga\/wp-json\/wp\/v2\/posts\/2201","targetHints":{"allow":["GET"]}}],"collection":[{"href":"https:\/\/mapadadiversidade.com.br\/ipatinga\/wp-json\/wp\/v2\/posts"}],"about":[{"href":"https:\/\/mapadadiversidade.com.br\/ipatinga\/wp-json\/wp\/v2\/types\/post"}],"author":[{"embeddable":true,"href":"https:\/\/mapadadiversidade.com.br\/ipatinga\/wp-json\/wp\/v2\/users\/11"}],"replies":[{"embeddable":true,"href":"https:\/\/mapadadiversidade.com.br\/ipatinga\/wp-json\/wp\/v2\/comments?post=2201"}],"version-history":[{"count":5,"href":"https:\/\/mapadadiversidade.com.br\/ipatinga\/wp-json\/wp\/v2\/posts\/2201\/revisions"}],"predecessor-version":[{"id":2682,"href":"https:\/\/mapadadiversidade.com.br\/ipatinga\/wp-json\/wp\/v2\/posts\/2201\/revisions\/2682"}],"wp:attachment":[{"href":"https:\/\/mapadadiversidade.com.br\/ipatinga\/wp-json\/wp\/v2\/media?parent=2201"}],"wp:term":[{"taxonomy":"category","embeddable":true,"href":"https:\/\/mapadadiversidade.com.br\/ipatinga\/wp-json\/wp\/v2\/categories?post=2201"},{"taxonomy":"post_tag","embeddable":true,"href":"https:\/\/mapadadiversidade.com.br\/ipatinga\/wp-json\/wp\/v2\/tags?post=2201"}],"curies":[{"name":"wp","href":"https:\/\/api.w.org\/{rel}","templated":true}]}}