{"id":2203,"date":"2019-07-11T00:27:35","date_gmt":"2019-07-11T03:27:35","guid":{"rendered":"https:\/\/mapadadiversidade.com.br\/ipatinga\/?p=2203"},"modified":"2019-07-11T16:11:41","modified_gmt":"2019-07-11T19:11:41","slug":"aline-reiter","status":"publish","type":"post","link":"https:\/\/mapadadiversidade.com.br\/ipatinga\/aline-reiter\/","title":{"rendered":"Aline Reiter de Ara\u00fajo"},"content":{"rendered":"\n<p>Aline Reiter, nasceu em Ipatinga onde reside at\u00e9 hoje, Come\u00e7ou com aulas de jazz ainda  crian\u00e7a. Desde 2002 faz apresenta\u00e7\u00f5es com a Dan\u00e7a recebendo cach\u00eas, trabalha atualmente com Fitdance em academias, eventos dentro e fora da regi\u00e3o. <\/p>\n\n\n\n<p>Contato: (31)999878812<\/p>\n\n\n\n<p>Facebook: <a href=\"https:\/\/www.facebook.com\/aline.reiter.89\">Aline Reiter<\/a><\/p>\n\n\n\n<p>Instagram: <a href=\"https:\/\/www.instagram.com\/alinereiter\/?hl=pt-br\">Aline Reiter<\/a><\/p>\n\n\n\n<figure class=\"wp-block-embed-youtube wp-block-embed is-type-video is-provider-youtube wp-embed-aspect-16-9 wp-has-aspect-ratio\"><div class=\"wp-block-embed__wrapper\">\n<iframe loading=\"lazy\" title=\"Aline\" width=\"944\" height=\"531\" src=\"https:\/\/www.youtube.com\/embed\/kw5dZylO4tg?feature=oembed\" frameborder=\"0\" allow=\"accelerometer; autoplay; encrypted-media; gyroscope; picture-in-picture\" allowfullscreen><\/iframe>\n<\/div><\/figure>\n\n\n\n<figure class=\"wp-block-image is-resized\"><img loading=\"lazy\" decoding=\"async\" src=\"https:\/\/mapadadiversidade.com.br\/ipatinga\/wp-content\/uploads\/2019\/07\/60394526_10206137785521843_2275215039080169472_o-1024x684.jpg\" alt=\"\" class=\"wp-image-2361\" width=\"360\" height=\"240\" srcset=\"https:\/\/mapadadiversidade.com.br\/ipatinga\/wp-content\/uploads\/2019\/07\/60394526_10206137785521843_2275215039080169472_o-1024x684.jpg 1024w, https:\/\/mapadadiversidade.com.br\/ipatinga\/wp-content\/uploads\/2019\/07\/60394526_10206137785521843_2275215039080169472_o-300x200.jpg 300w, https:\/\/mapadadiversidade.com.br\/ipatinga\/wp-content\/uploads\/2019\/07\/60394526_10206137785521843_2275215039080169472_o-768x513.jpg 768w, https:\/\/mapadadiversidade.com.br\/ipatinga\/wp-content\/uploads\/2019\/07\/60394526_10206137785521843_2275215039080169472_o.jpg 1770w\" sizes=\"auto, (max-width: 360px) 100vw, 360px\" \/><\/figure>\n\n\n\n<figure class=\"wp-block-image is-resized\"><img loading=\"lazy\" decoding=\"async\" src=\"https:\/\/mapadadiversidade.com.br\/ipatinga\/wp-content\/uploads\/2019\/07\/10616938_1473550112906563_693761931_n.jpg\" alt=\"\" class=\"wp-image-2363\" width=\"375\" height=\"375\" srcset=\"https:\/\/mapadadiversidade.com.br\/ipatinga\/wp-content\/uploads\/2019\/07\/10616938_1473550112906563_693761931_n.jpg 640w, https:\/\/mapadadiversidade.com.br\/ipatinga\/wp-content\/uploads\/2019\/07\/10616938_1473550112906563_693761931_n-150x150.jpg 150w, https:\/\/mapadadiversidade.com.br\/ipatinga\/wp-content\/uploads\/2019\/07\/10616938_1473550112906563_693761931_n-300x300.jpg 300w\" sizes=\"auto, (max-width: 375px) 100vw, 375px\" \/><\/figure>\n\n\n\n<p><\/p>\n","protected":false},"excerpt":{"rendered":"<p>Aline Reiter, nasceu em Ipatinga onde reside at\u00e9 hoje, Come\u00e7ou com aulas de jazz ainda crian\u00e7a. Desde 2002 faz apresenta\u00e7\u00f5es com a Dan\u00e7a recebendo cach\u00eas, trabalha atualmente com Fitdance em academias, eventos dentro e fora da regi\u00e3o. Contato: (31)999878812 Facebook: Aline Reiter Instagram: Aline Reiter<\/p>\n","protected":false},"author":11,"featured_media":0,"comment_status":"open","ping_status":"open","sticky":false,"template":"","format":"standard","meta":{"footnotes":""},"categories":[1,27,4],"tags":[],"class_list":["post-2203","post","type-post","status-publish","format-standard","hentry","category-ipatinga","category-danca","category-linguagem-artisticas","item-wrap"],"_links":{"self":[{"href":"https:\/\/mapadadiversidade.com.br\/ipatinga\/wp-json\/wp\/v2\/posts\/2203","targetHints":{"allow":["GET"]}}],"collection":[{"href":"https:\/\/mapadadiversidade.com.br\/ipatinga\/wp-json\/wp\/v2\/posts"}],"about":[{"href":"https:\/\/mapadadiversidade.com.br\/ipatinga\/wp-json\/wp\/v2\/types\/post"}],"author":[{"embeddable":true,"href":"https:\/\/mapadadiversidade.com.br\/ipatinga\/wp-json\/wp\/v2\/users\/11"}],"replies":[{"embeddable":true,"href":"https:\/\/mapadadiversidade.com.br\/ipatinga\/wp-json\/wp\/v2\/comments?post=2203"}],"version-history":[{"count":2,"href":"https:\/\/mapadadiversidade.com.br\/ipatinga\/wp-json\/wp\/v2\/posts\/2203\/revisions"}],"predecessor-version":[{"id":2365,"href":"https:\/\/mapadadiversidade.com.br\/ipatinga\/wp-json\/wp\/v2\/posts\/2203\/revisions\/2365"}],"wp:attachment":[{"href":"https:\/\/mapadadiversidade.com.br\/ipatinga\/wp-json\/wp\/v2\/media?parent=2203"}],"wp:term":[{"taxonomy":"category","embeddable":true,"href":"https:\/\/mapadadiversidade.com.br\/ipatinga\/wp-json\/wp\/v2\/categories?post=2203"},{"taxonomy":"post_tag","embeddable":true,"href":"https:\/\/mapadadiversidade.com.br\/ipatinga\/wp-json\/wp\/v2\/tags?post=2203"}],"curies":[{"name":"wp","href":"https:\/\/api.w.org\/{rel}","templated":true}]}}