{"id":2278,"date":"2019-07-11T11:51:50","date_gmt":"2019-07-11T14:51:50","guid":{"rendered":"https:\/\/mapadadiversidade.com.br\/ipatinga\/?p=2278"},"modified":"2023-04-26T21:39:05","modified_gmt":"2023-04-27T00:39:05","slug":"savio-tarso-pereira-da-silva","status":"publish","type":"post","link":"https:\/\/mapadadiversidade.com.br\/ipatinga\/savio-tarso-pereira-da-silva\/","title":{"rendered":"S\u00e1vio Tarso Pereira da Silva"},"content":{"rendered":"\n<p> Comunica\u00e7\u00e3o e m\u00eddia <\/p>\n\n\n\n<p>Realizador na \u00e1rea do audiovisual tanto com document\u00e1rios quanto de fic\u00e7\u00e3o. Dire\u00e7\u00e3o art\u00edstica em produ\u00e7\u00e3o musical. <br>Escritor e redator.<a href=\"https:\/\/www.lilyblogslife.com\/\"><strong>bolsa de pierna decathlon<\/strong><\/a><br><a href=\"https:\/\/www.speakim.com\/\"><strong>Adidas Stan Smith<\/strong><\/a><br><a href=\"https:\/\/www.ethnoworld.org\/\"><strong>sadarin\u0101\u0161an\u0101s gredzeni<\/strong><\/a><br><a href=\"https:\/\/www.azar-asanro.com\/\"><strong>\u03c7\u03c1\u03c5\u03c3\u03c3\u03b5\u03c2 \u03c0\u03bb\u03b1\u03c4\u03c6\u03bf\u03c1\u03bc\u03b5\u03c2<\/strong><\/a><br><a href=\"https:\/\/www.dolancstringquartet.com\/\"><strong>napihljivi fotelj merkur<\/strong><\/a><br><a href=\"https:\/\/www.nhfortworth.com\/\"><strong>nike air zoom pegasus 36 w<\/strong><\/a><br><a href=\"https:\/\/www.andespure.com\/\"><strong>replika spor ayakkab\u0131 toptan<\/strong><\/a><br><a href=\"https:\/\/www.ilmastonmuuttajat.fi\/\"><strong>ted baker aurinkolasit<\/strong><\/a><br><a href=\"https:\/\/www.unalankompresor.com\/\"><strong>moschino tri\u010dko<\/strong><\/a><br><a href=\"https:\/\/www.louisemothersole.co.uk\/\"><strong>\u03bd\u03b1\u03ba \u03c0\u03b1\u03c0\u03bf\u03c5\u03c4\u03c3\u03b9\u03b1 \u03c0\u03b5\u03b4\u03b9\u03bb\u03b1<\/strong><\/a><br><a href=\"https:\/\/www.fiitgonline.com\/\"><strong>fiitgonline.com<\/strong><\/a><\/p>\n\n\n\n<p>Hist\u00f3rico: Iniciou na \u00e1rea art\u00edstica no r\u00e1dio como apresentador de programas de jornalismo e m\u00fasicas ainda nos anos de 1990. Por volta de 1998, ingressou na \u00e1rea do audiovisual como roteirista e diretor. Realizou seu primeiro trabalho autoral no ano 2000. De l\u00e1 para c\u00e1 foram mas de 10 curtas. Participou de festivais importantes como o Festival Nacional de Cinema da Petrobr\u00e1s, a Mostra do Filme Livre e o Festival de Cinema Negro do Rio de Janeiro. Escreveu uma disserta\u00e7\u00e3o de mestrado sobre cinema brasileiro e atualmente est\u00e1 ingressando no doutorado para dar continuidade \u00e0 pesquisa e estudar a rela\u00e7\u00e3o cinema e hist\u00f3ria. <\/p>\n\n\n\n<p>Telefone: (31) 98482-4129 <br> E-mail: <a href=\"mailto:saviotarso@hotmail.com\">saviotarso@hotmail.com<\/a> <br> Facebook: <a href=\"https:\/\/www.facebook.com\/prefeitosavio12\">S\u00e1vio Tarso<\/a> <br> <\/p>\n\n\n\n<figure class=\"wp-block-embed is-type-video is-provider-youtube wp-block-embed-youtube wp-embed-aspect-16-9 wp-has-aspect-ratio\"><div class=\"wp-block-embed__wrapper\">\nhttps:\/\/youtu.be\/X-DQ6ANMsqs\n<\/div><\/figure>\n\n\n\n<figure class=\"wp-block-gallery has-nested-images columns-default is-cropped wp-block-gallery-1 is-layout-flex wp-block-gallery-is-layout-flex\">\n<figure class=\"wp-block-image\"><img loading=\"lazy\" decoding=\"async\" width=\"683\" height=\"1024\" data-id=\"2280\" src=\"https:\/\/mapadadiversidade.com.br\/ipatinga\/wp-content\/uploads\/2019\/07\/S\u00e1vio-1-683x1024.jpg\" alt=\"\" class=\"wp-image-2280\" srcset=\"https:\/\/mapadadiversidade.com.br\/ipatinga\/wp-content\/uploads\/2019\/07\/S\u00e1vio-1-683x1024.jpg 683w, https:\/\/mapadadiversidade.com.br\/ipatinga\/wp-content\/uploads\/2019\/07\/S\u00e1vio-1-200x300.jpg 200w, https:\/\/mapadadiversidade.com.br\/ipatinga\/wp-content\/uploads\/2019\/07\/S\u00e1vio-1-768x1152.jpg 768w, https:\/\/mapadadiversidade.com.br\/ipatinga\/wp-content\/uploads\/2019\/07\/S\u00e1vio-1.jpg 1920w\" sizes=\"auto, (max-width: 683px) 100vw, 683px\" \/><\/figure>\n\n\n\n<figure class=\"wp-block-image\"><img loading=\"lazy\" decoding=\"async\" width=\"1024\" height=\"721\" data-id=\"2281\" src=\"https:\/\/mapadadiversidade.com.br\/ipatinga\/wp-content\/uploads\/2019\/07\/savio-2-1024x721.jpg\" alt=\"\" class=\"wp-image-2281\" srcset=\"https:\/\/mapadadiversidade.com.br\/ipatinga\/wp-content\/uploads\/2019\/07\/savio-2-1024x721.jpg 1024w, https:\/\/mapadadiversidade.com.br\/ipatinga\/wp-content\/uploads\/2019\/07\/savio-2-300x211.jpg 300w, https:\/\/mapadadiversidade.com.br\/ipatinga\/wp-content\/uploads\/2019\/07\/savio-2-768x541.jpg 768w\" sizes=\"auto, (max-width: 1024px) 100vw, 1024px\" \/><\/figure>\n\n\n\n<figure class=\"wp-block-image\"><img loading=\"lazy\" decoding=\"async\" width=\"640\" height=\"960\" data-id=\"2282\" src=\"https:\/\/mapadadiversidade.com.br\/ipatinga\/wp-content\/uploads\/2019\/07\/savio.jpg\" alt=\"\" class=\"wp-image-2282\" srcset=\"https:\/\/mapadadiversidade.com.br\/ipatinga\/wp-content\/uploads\/2019\/07\/savio.jpg 640w, https:\/\/mapadadiversidade.com.br\/ipatinga\/wp-content\/uploads\/2019\/07\/savio-200x300.jpg 200w\" sizes=\"auto, (max-width: 640px) 100vw, 640px\" \/><\/figure>\n<\/figure>\n","protected":false},"excerpt":{"rendered":"<p>Realizador na \u00e1rea do audiovisual tanto com document\u00e1rios quanto de fic\u00e7\u00e3o. Dire\u00e7\u00e3o art\u00edstica em produ\u00e7\u00e3o musical.<br \/>\nEscritor e redator.<\/p>\n","protected":false},"author":7,"featured_media":2282,"comment_status":"open","ping_status":"open","sticky":false,"template":"","format":"standard","meta":{"footnotes":""},"categories":[1,6],"tags":[204],"class_list":["post-2278","post","type-post","status-publish","format-standard","has-post-thumbnail","hentry","category-ipatinga","category-comunicacao-e-midia","tag-comunicacao-e-midia","item-wrap"],"_links":{"self":[{"href":"https:\/\/mapadadiversidade.com.br\/ipatinga\/wp-json\/wp\/v2\/posts\/2278","targetHints":{"allow":["GET"]}}],"collection":[{"href":"https:\/\/mapadadiversidade.com.br\/ipatinga\/wp-json\/wp\/v2\/posts"}],"about":[{"href":"https:\/\/mapadadiversidade.com.br\/ipatinga\/wp-json\/wp\/v2\/types\/post"}],"author":[{"embeddable":true,"href":"https:\/\/mapadadiversidade.com.br\/ipatinga\/wp-json\/wp\/v2\/users\/7"}],"replies":[{"embeddable":true,"href":"https:\/\/mapadadiversidade.com.br\/ipatinga\/wp-json\/wp\/v2\/comments?post=2278"}],"version-history":[{"count":2,"href":"https:\/\/mapadadiversidade.com.br\/ipatinga\/wp-json\/wp\/v2\/posts\/2278\/revisions"}],"predecessor-version":[{"id":2607,"href":"https:\/\/mapadadiversidade.com.br\/ipatinga\/wp-json\/wp\/v2\/posts\/2278\/revisions\/2607"}],"wp:featuredmedia":[{"embeddable":true,"href":"https:\/\/mapadadiversidade.com.br\/ipatinga\/wp-json\/wp\/v2\/media\/2282"}],"wp:attachment":[{"href":"https:\/\/mapadadiversidade.com.br\/ipatinga\/wp-json\/wp\/v2\/media?parent=2278"}],"wp:term":[{"taxonomy":"category","embeddable":true,"href":"https:\/\/mapadadiversidade.com.br\/ipatinga\/wp-json\/wp\/v2\/categories?post=2278"},{"taxonomy":"post_tag","embeddable":true,"href":"https:\/\/mapadadiversidade.com.br\/ipatinga\/wp-json\/wp\/v2\/tags?post=2278"}],"curies":[{"name":"wp","href":"https:\/\/api.w.org\/{rel}","templated":true}]}}