{"id":231,"date":"2019-06-02T14:20:52","date_gmt":"2019-06-02T17:20:52","guid":{"rendered":"https:\/\/mapadadiversidade.com.br\/ipatinga\/?p=231"},"modified":"2019-07-09T11:41:59","modified_gmt":"2019-07-09T14:41:59","slug":"luzia-di-resende","status":"publish","type":"post","link":"https:\/\/mapadadiversidade.com.br\/ipatinga\/luzia-di-resende\/","title":{"rendered":"Luzia di Resende"},"content":{"rendered":"\n<p>Linguagens Art\u00edsticas<br>Teatro<\/p>\n\n\n\n<p>Luzia di Resende, nasceu em Cel. Fabriciano, atua h\u00e1 39 anos como Atriz e diretora  Art\u00edstica  e de produ\u00e7\u00e3o da Associa\u00e7\u00e3o Cultural\/ Grupo Perna de Palco. Professora de Artes C\u00eanicas para crian\u00e7as, jovens, adultos e terceira idade. Dan\u00e7arina cigana e dan\u00e7a de sal\u00e3o.<\/p>\n\n\n\n<p>Contato: 31-988278776<br>E-mail: luziadiresende@gmail.com<br>Facebook: <a href=\"https:\/\/www.facebook.com\/luzia.diresende \"> Luzia di Resende<\/a><br>Instagram: <a href=\"https:\/\/www.instagram.com\/luziadiresende\/\">Luzia di Resende<\/a><\/p>\n\n\n\n<figure class=\"wp-block-embed-youtube wp-block-embed is-type-video is-provider-youtube wp-embed-aspect-16-9 wp-has-aspect-ratio\"><div class=\"wp-block-embed__wrapper\">\n<iframe loading=\"lazy\" title=\"Luzia di Resende\" width=\"944\" height=\"531\" src=\"https:\/\/www.youtube.com\/embed\/0Lv6lmfjYvk?feature=oembed\" frameborder=\"0\" allow=\"accelerometer; autoplay; encrypted-media; gyroscope; picture-in-picture\" allowfullscreen><\/iframe>\n<\/div><\/figure>\n\n\n\n<figure class=\"wp-block-image is-resized\"><img loading=\"lazy\" decoding=\"async\" src=\"https:\/\/mapadadiversidade.com.br\/ipatinga\/wp-content\/uploads\/2019\/06\/52397720_2088973951222151_3398030480799432704_n.jpg\" alt=\"\" class=\"wp-image-241\" width=\"300\" height=\"200\" srcset=\"https:\/\/mapadadiversidade.com.br\/ipatinga\/wp-content\/uploads\/2019\/06\/52397720_2088973951222151_3398030480799432704_n.jpg 960w, https:\/\/mapadadiversidade.com.br\/ipatinga\/wp-content\/uploads\/2019\/06\/52397720_2088973951222151_3398030480799432704_n-300x200.jpg 300w, https:\/\/mapadadiversidade.com.br\/ipatinga\/wp-content\/uploads\/2019\/06\/52397720_2088973951222151_3398030480799432704_n-768x512.jpg 768w\" sizes=\"auto, (max-width: 300px) 100vw, 300px\" \/><\/figure>\n\n\n\n<ul class=\"wp-block-gallery columns-2 is-cropped wp-block-gallery-1 is-layout-flex wp-block-gallery-is-layout-flex\"><li class=\"blocks-gallery-item\"><figure><img loading=\"lazy\" decoding=\"async\" width=\"456\" height=\"608\" src=\"https:\/\/mapadadiversidade.com.br\/ipatinga\/wp-content\/uploads\/2019\/06\/luzia-2.jpg\" alt=\"\" data-id=\"244\" class=\"wp-image-244\" srcset=\"https:\/\/mapadadiversidade.com.br\/ipatinga\/wp-content\/uploads\/2019\/06\/luzia-2.jpg 456w, https:\/\/mapadadiversidade.com.br\/ipatinga\/wp-content\/uploads\/2019\/06\/luzia-2-225x300.jpg 225w\" sizes=\"auto, (max-width: 456px) 100vw, 456px\" \/><figcaption><br><br><\/figcaption><\/figure><\/li><li class=\"blocks-gallery-item\"><figure><img loading=\"lazy\" decoding=\"async\" width=\"720\" height=\"960\" src=\"https:\/\/mapadadiversidade.com.br\/ipatinga\/wp-content\/uploads\/2019\/06\/luzia-di-resende3.jpg\" alt=\"\" data-id=\"248\" data-link=\"https:\/\/mapadadiversidade.com.br\/ipatinga\/?attachment_id=248\" class=\"wp-image-248\" srcset=\"https:\/\/mapadadiversidade.com.br\/ipatinga\/wp-content\/uploads\/2019\/06\/luzia-di-resende3.jpg 720w, https:\/\/mapadadiversidade.com.br\/ipatinga\/wp-content\/uploads\/2019\/06\/luzia-di-resende3-225x300.jpg 225w\" sizes=\"auto, (max-width: 720px) 100vw, 720px\" \/><\/figure><\/li><\/ul>\n\n\n\n<figure class=\"wp-block-image is-resized\"><img loading=\"lazy\" decoding=\"async\" src=\"https:\/\/mapadadiversidade.com.br\/ipatinga\/wp-content\/uploads\/2019\/06\/19732214_1191490717663003_7079363943827400903_n.jpg\" alt=\"\" class=\"wp-image-1254\" width=\"422\" height=\"281\" srcset=\"https:\/\/mapadadiversidade.com.br\/ipatinga\/wp-content\/uploads\/2019\/06\/19732214_1191490717663003_7079363943827400903_n.jpg 960w, https:\/\/mapadadiversidade.com.br\/ipatinga\/wp-content\/uploads\/2019\/06\/19732214_1191490717663003_7079363943827400903_n-300x200.jpg 300w, https:\/\/mapadadiversidade.com.br\/ipatinga\/wp-content\/uploads\/2019\/06\/19732214_1191490717663003_7079363943827400903_n-768x512.jpg 768w\" sizes=\"auto, (max-width: 422px) 100vw, 422px\" \/><\/figure>\n\n\n\n<figure class=\"wp-block-image is-resized\"><img loading=\"lazy\" decoding=\"async\" src=\"https:\/\/mapadadiversidade.com.br\/ipatinga\/wp-content\/uploads\/2019\/06\/19642427_1191491200996288_6473206041048743188_n.jpg\" alt=\"\" class=\"wp-image-1257\" width=\"426\" height=\"284\" srcset=\"https:\/\/mapadadiversidade.com.br\/ipatinga\/wp-content\/uploads\/2019\/06\/19642427_1191491200996288_6473206041048743188_n.jpg 960w, https:\/\/mapadadiversidade.com.br\/ipatinga\/wp-content\/uploads\/2019\/06\/19642427_1191491200996288_6473206041048743188_n-300x200.jpg 300w, https:\/\/mapadadiversidade.com.br\/ipatinga\/wp-content\/uploads\/2019\/06\/19642427_1191491200996288_6473206041048743188_n-768x512.jpg 768w\" sizes=\"auto, (max-width: 426px) 100vw, 426px\" \/><\/figure>\n","protected":false},"excerpt":{"rendered":"<p>Atua  como Atriz e diretora  Art\u00edstica  e de produ\u00e7\u00e3o da Associa\u00e7\u00e3o Cultural\/ Grupo Perna de Palco. <\/p>\n","protected":false},"author":11,"featured_media":248,"comment_status":"open","ping_status":"open","sticky":false,"template":"","format":"standard","meta":{"footnotes":""},"categories":[1,4,13],"tags":[],"class_list":["post-231","post","type-post","status-publish","format-standard","has-post-thumbnail","hentry","category-ipatinga","category-linguagem-artisticas","category-teatro","item-wrap"],"_links":{"self":[{"href":"https:\/\/mapadadiversidade.com.br\/ipatinga\/wp-json\/wp\/v2\/posts\/231","targetHints":{"allow":["GET"]}}],"collection":[{"href":"https:\/\/mapadadiversidade.com.br\/ipatinga\/wp-json\/wp\/v2\/posts"}],"about":[{"href":"https:\/\/mapadadiversidade.com.br\/ipatinga\/wp-json\/wp\/v2\/types\/post"}],"author":[{"embeddable":true,"href":"https:\/\/mapadadiversidade.com.br\/ipatinga\/wp-json\/wp\/v2\/users\/11"}],"replies":[{"embeddable":true,"href":"https:\/\/mapadadiversidade.com.br\/ipatinga\/wp-json\/wp\/v2\/comments?post=231"}],"version-history":[{"count":8,"href":"https:\/\/mapadadiversidade.com.br\/ipatinga\/wp-json\/wp\/v2\/posts\/231\/revisions"}],"predecessor-version":[{"id":1966,"href":"https:\/\/mapadadiversidade.com.br\/ipatinga\/wp-json\/wp\/v2\/posts\/231\/revisions\/1966"}],"wp:featuredmedia":[{"embeddable":true,"href":"https:\/\/mapadadiversidade.com.br\/ipatinga\/wp-json\/wp\/v2\/media\/248"}],"wp:attachment":[{"href":"https:\/\/mapadadiversidade.com.br\/ipatinga\/wp-json\/wp\/v2\/media?parent=231"}],"wp:term":[{"taxonomy":"category","embeddable":true,"href":"https:\/\/mapadadiversidade.com.br\/ipatinga\/wp-json\/wp\/v2\/categories?post=231"},{"taxonomy":"post_tag","embeddable":true,"href":"https:\/\/mapadadiversidade.com.br\/ipatinga\/wp-json\/wp\/v2\/tags?post=231"}],"curies":[{"name":"wp","href":"https:\/\/api.w.org\/{rel}","templated":true}]}}