{"id":2325,"date":"2019-07-11T15:25:02","date_gmt":"2019-07-11T18:25:02","guid":{"rendered":"https:\/\/mapadadiversidade.com.br\/ipatinga\/?p=2325"},"modified":"2023-08-20T18:02:04","modified_gmt":"2023-08-20T21:02:04","slug":"b-boy-luizin-ribeiro","status":"publish","type":"post","link":"https:\/\/mapadadiversidade.com.br\/ipatinga\/b-boy-luizin-ribeiro\/","title":{"rendered":"B.Boy Luizin Ribeiro"},"content":{"rendered":"\n<p>Arte educador \/  educador social<\/p>\n\n\n\n<p>Pesquisador das dan\u00e7as derivados do funk (Funk Styles), breaking e a capoeira.  Al\u00e9m das pesquisas, ministra oficinas de dan\u00e7a.<a href=\"https:\/\/www.lilyblogslife.com\/\"><strong>bolsa de pierna decathlon<\/strong><\/a><br><a href=\"https:\/\/www.speakim.com\/\"><strong>Adidas Stan Smith<\/strong><\/a><br><a href=\"https:\/\/www.ethnoworld.org\/\"><strong>sadarin\u0101\u0161an\u0101s gredzeni<\/strong><\/a><br><a href=\"https:\/\/www.azar-asanro.com\/\"><strong>\u03c7\u03c1\u03c5\u03c3\u03c3\u03b5\u03c2 \u03c0\u03bb\u03b1\u03c4\u03c6\u03bf\u03c1\u03bc\u03b5\u03c2<\/strong><\/a><br><a href=\"https:\/\/www.dolancstringquartet.com\/\"><strong>napihljivi fotelj merkur<\/strong><\/a><br><a href=\"https:\/\/www.nhfortworth.com\/\"><strong>nike air zoom pegasus 36 w<\/strong><\/a><br><a href=\"https:\/\/www.andespure.com\/\"><strong>replika spor ayakkab\u0131 toptan<\/strong><\/a><br><a href=\"https:\/\/www.ilmastonmuuttajat.fi\/\"><strong>ted baker aurinkolasit<\/strong><\/a><br><a href=\"https:\/\/www.unalankompresor.com\/\"><strong>moschino tri\u010dko<\/strong><\/a><br><a href=\"https:\/\/www.louisemothersole.co.uk\/\"><strong>\u03bd\u03b1\u03ba \u03c0\u03b1\u03c0\u03bf\u03c5\u03c4\u03c3\u03b9\u03b1 \u03c0\u03b5\u03b4\u03b9\u03bb\u03b1<\/strong><\/a><br><a href=\"https:\/\/www.fiitgonline.com\/\"><strong>fiitgonline.com<\/strong><\/a><\/p>\n\n\n\n<p>Hist\u00f3rico: <\/p>\n\n\n\n<p>B. Boy Luizin \u00e9 Wesley Luiz Costa Ribeiro, nasceu  em Governador Valadares, no ano de 1989, e Membro do Conselho Municipal de  Pol\u00edticas Culturais de Ipatinga, empreendedor na \u00e1rea da constru\u00e7\u00e3o civil e  criador de conte\u00fado, fundou o Portal de Cultura Urbana (Portal nascido em  Ipatinga e conhecido internacionalmente), e a Ribeiro Solu\u00e7\u00f5es em Pinturas  (Empresa respons\u00e1vel por reformas de pinturas em geral). Luizin foi criado em  Ipatinga, a partir de 1992, arriscou seus primeiros passos de dan\u00e7a por  incentivo de sua m\u00e3e de cria\u00e7\u00e3o Gloria Maria, a glorinha que incentivava as  crian\u00e7as imitar o astro norte-americano Michael Jackson, na Rua Ant\u00f4nio Boa  Ventura Batista, Vila Celeste, em 1995. Ingressou-se pela primeira vez na  Escola Estadual Manoela Soares Bicalho onde observava e acompanhava de perto o  grafiteiro Jhonatan, o Jhons Mendes que dava dicas de graffiti para as pessoas  que curtiam a arte visual, em 1999. Praticou capoeira na Escola Estadual  Manoela Soares Bicalho atrav\u00e9s do Projeto Art Vida, na comunidade do Vale do  Sol, em 2001. Em 2002, fez amizade com v\u00e1rios emcee\u2019s da Vila Celeste que na <div class=\"hq\">\n\t<a style=\"text-decoration: none;\" href=\"http:\/\/www.cipf-es.org\/comprar-viagra-generica-en-espana\/\"http:\/\/www.cipf-es.org\/comprar-viagra-generica-en-espana\/<\/a>\n<\/div>  \u00e9poca foram respons\u00e1veis em levar a batalha de rima pela primeira vez a  ciclovia e o Shooping do Vale. Antes de iniciar na dan\u00e7a breaking, Luizin jogava  volley Ball, chegou ser medalhista de ouro em 2005, e bronze em 2006, atrav\u00e9s  do JEI (Jogos Escolares de Ipatinga). Foi atrav\u00e9s deste esporte que ele  percebeu certa movimenta\u00e7\u00e3o de jovens com vestimenta caracter\u00edstica  norte-americana. O jovem que na \u00e9poca tinha apenas 14 anos, foi at\u00e9 ao  encontro dessa galerinha que se alegravam ali atrav\u00e9s da dan\u00e7a. Luizin pensou  na hora, \u201c\u00c9 isso que eu sempre quis fazer\u201d. Por ser uma pessoa muito  vergonhosa e t\u00edmida na \u00e9poca, Luizin esperou um momento certo para abordar uma  colega chamada Gabriela que ele avistou fazendo as aulas de breaking de  Markin, o Marcos Santos. Gabriela residia na Rua Main\u00e1, no bairro Vila Celeste  antes de se mudar para a It\u00e1lia. Depois de um tempo envolvido com as aulas de  Markin, Luizin dividia seu tempo entre o breaking, capoeira e volley. Passa um  tempo \u00e0 galera do markin se vai, e depois aparece a turminha do Waldeci, o  Cidiboy que apareceu dan\u00e7ando nas quadras do parque Ipanema tamb\u00e9m. Luizin tem  uma amiga que se chama Rosana que foi grande respons\u00e1vel por apresentar Luizin  a esta nova galera que acabara de chegar no peda\u00e7o. Rapidamente Luizin fez  amizade com esta galera, e at\u00e9 hoje permanece em contato com eles. Foi atrav\u00e9s  da turma do Cidiboy que hoje \u00e9 o Revolution Break Crew que o B.Boy Luizin se  aperfei\u00e7oa na dan\u00e7a breaking. Atrav\u00e9s do breaking, Luizin participou de v\u00e1rios  v\u00eddeos clips com os artistas do Vale do A\u00e7o, dan\u00e7ou em eventos regionais,  nacionais e internacionais, conheceu v\u00e1rios e importantes \u00edcones da cultura  hip hop nacional e internacional, desde 2007 vem ministrando aulas gratuitas  para as comunidades de Ipatinga, foi homenageado no segundo cd do grupo Porti  Jesus, homenageado na C\u00e2mera dos Vereadores de Peru\u00edbe ,SP em 2017, e&nbsp; viajou por Serra (ES), Vila Velha (ES),  Vit\u00f3ria (ES), Periquito (MG), Governador Valadares (MG), Santana do Para\u00edso  (MG), Mesquita (MG), Manhua\u00e7u (MG), Caratinga (MG), A\u00e7ucena (MG), S\u00e3o  Sebasti\u00e3o do Anta (MG), Frutal (MG), Belo Horizonte (MG), Jo\u00e3o Monlevade (MG),  Itabira (MG), S\u00e3o Vicente (SP), S\u00e3o Paulo (SP), Ana Dias (SP), S\u00e3o Jos\u00e9 do Rio  Preto (SP), Guarulhos (SP) e Ribeir\u00e3o Preto (SP). &nbsp;<br><strong>Conquistou os seguintes pr\u00eamios: <\/strong><br>2017 \u2013 3\u00ba lugar na batalha de  Breaking do evento Batalha do Boca (Peru\u00edbe,SP);<br>  2017 \u2013 1\u00ba lugar na batalha de Breaking do  evento Batalha do Boca (Peru\u00edbe,SP).<br>  2015 \u2013 1\u00ba lugar no  Seven To Smoke promovido pelo coletivo Projeto de Rua na Pra\u00e7a do Bom Jardim  (Ipatinga, MG);<br>  2014 &#8211; 2\u00ba lugar na batalha de Breaking da II  Mostra de Jovens Talentos promovido pelo Fica Vivo na Pra\u00e7a da Ma\u00e7\u00f4nica  (Ipatinga,MG);<br>  2011 &#8211; 1\u00ba lugar na batalha de Breaking do evento  Encontr\u00e3o Hip Hop promovido pelo Sintonia Crew (Ipatinga,MG);<br>  2011 &#8211; 1\u00ba lugar batalha de coreografia promovida  pela Igreja Universal do Bairro Cana\u00e3 (Ipatinga,MG);<\/p>\n\n\n\n<p>Telefone: (31)  98741-7292 <br> E-mail:  bboyluizinribeiro@gmail.com  <br> Site: www.bboyluizin.com  <br> Facebook: <a href=\"https:\/\/www.facebook.com\/profile.php?id=100009843460399\">Bboyluizim <\/a><br> Instagram: <a href=\"https:\/\/www.instagram.com\/b.boyluizind301\/\">Bboyluizim <\/a><br> Youtube: <a href=\"https:\/\/www.youtube.com\/channel\/UCdRyMvoHESAOKdpeo0OLnoQ\">Bboyluizim<\/a><br><\/p>\n\n\n\n<figure class=\"wp-block-embed is-type-video is-provider-youtube wp-block-embed-youtube wp-embed-aspect-16-9 wp-has-aspect-ratio\"><div class=\"wp-block-embed__wrapper\">\nhttps:\/\/youtu.be\/JKgS1WuGcRU\n<\/div><\/figure>\n\n\n\n<figure class=\"wp-block-gallery has-nested-images columns-default is-cropped wp-block-gallery-1 is-layout-flex wp-block-gallery-is-layout-flex\">\n<figure class=\"wp-block-image\"><img loading=\"lazy\" decoding=\"async\" width=\"960\" height=\"605\" data-id=\"2331\" src=\"https:\/\/mapadadiversidade.com.br\/ipatinga\/wp-content\/uploads\/2019\/07\/Luizim-1.jpg\" alt=\"\" class=\"wp-image-2331\" srcset=\"https:\/\/mapadadiversidade.com.br\/ipatinga\/wp-content\/uploads\/2019\/07\/Luizim-1.jpg 960w, https:\/\/mapadadiversidade.com.br\/ipatinga\/wp-content\/uploads\/2019\/07\/Luizim-1-300x189.jpg 300w, https:\/\/mapadadiversidade.com.br\/ipatinga\/wp-content\/uploads\/2019\/07\/Luizim-1-768x484.jpg 768w\" sizes=\"auto, (max-width: 960px) 100vw, 960px\" \/><\/figure>\n\n\n\n<figure class=\"wp-block-image\"><img loading=\"lazy\" decoding=\"async\" width=\"720\" height=\"662\" data-id=\"2332\" src=\"https:\/\/mapadadiversidade.com.br\/ipatinga\/wp-content\/uploads\/2019\/07\/Luizim-2.jpg\" alt=\"\" class=\"wp-image-2332\" srcset=\"https:\/\/mapadadiversidade.com.br\/ipatinga\/wp-content\/uploads\/2019\/07\/Luizim-2.jpg 720w, https:\/\/mapadadiversidade.com.br\/ipatinga\/wp-content\/uploads\/2019\/07\/Luizim-2-300x276.jpg 300w\" sizes=\"auto, (max-width: 720px) 100vw, 720px\" \/><\/figure>\n\n\n\n<figure class=\"wp-block-image\"><img loading=\"lazy\" decoding=\"async\" width=\"329\" height=\"484\" data-id=\"2333\" src=\"https:\/\/mapadadiversidade.com.br\/ipatinga\/wp-content\/uploads\/2019\/07\/Luizim-3.jpg\" alt=\"\" class=\"wp-image-2333\" srcset=\"https:\/\/mapadadiversidade.com.br\/ipatinga\/wp-content\/uploads\/2019\/07\/Luizim-3.jpg 329w, https:\/\/mapadadiversidade.com.br\/ipatinga\/wp-content\/uploads\/2019\/07\/Luizim-3-204x300.jpg 204w\" sizes=\"auto, (max-width: 329px) 100vw, 329px\" \/><\/figure>\n\n\n\n<figure class=\"wp-block-image\"><img loading=\"lazy\" decoding=\"async\" width=\"960\" height=\"960\" data-id=\"2334\" src=\"https:\/\/mapadadiversidade.com.br\/ipatinga\/wp-content\/uploads\/2019\/07\/Luizim-4.jpg\" alt=\"\" class=\"wp-image-2334\" srcset=\"https:\/\/mapadadiversidade.com.br\/ipatinga\/wp-content\/uploads\/2019\/07\/Luizim-4.jpg 960w, https:\/\/mapadadiversidade.com.br\/ipatinga\/wp-content\/uploads\/2019\/07\/Luizim-4-150x150.jpg 150w, https:\/\/mapadadiversidade.com.br\/ipatinga\/wp-content\/uploads\/2019\/07\/Luizim-4-300x300.jpg 300w, https:\/\/mapadadiversidade.com.br\/ipatinga\/wp-content\/uploads\/2019\/07\/Luizim-4-768x768.jpg 768w\" sizes=\"auto, (max-width: 960px) 100vw, 960px\" \/><\/figure>\n\n\n\n<figure class=\"wp-block-image\"><img loading=\"lazy\" decoding=\"async\" width=\"683\" height=\"1024\" data-id=\"2335\" src=\"https:\/\/mapadadiversidade.com.br\/ipatinga\/wp-content\/uploads\/2019\/07\/Luizim-5-683x1024.jpg\" alt=\"\" class=\"wp-image-2335\" srcset=\"https:\/\/mapadadiversidade.com.br\/ipatinga\/wp-content\/uploads\/2019\/07\/Luizim-5-683x1024.jpg 683w, https:\/\/mapadadiversidade.com.br\/ipatinga\/wp-content\/uploads\/2019\/07\/Luizim-5-200x300.jpg 200w, https:\/\/mapadadiversidade.com.br\/ipatinga\/wp-content\/uploads\/2019\/07\/Luizim-5.jpg 720w\" sizes=\"auto, (max-width: 683px) 100vw, 683px\" \/><\/figure>\n\n\n\n<figure class=\"wp-block-image\"><img loading=\"lazy\" decoding=\"async\" width=\"720\" height=\"540\" data-id=\"2337\" src=\"https:\/\/mapadadiversidade.com.br\/ipatinga\/wp-content\/uploads\/2019\/07\/Luizim-6.jpg\" alt=\"\" class=\"wp-image-2337\" srcset=\"https:\/\/mapadadiversidade.com.br\/ipatinga\/wp-content\/uploads\/2019\/07\/Luizim-6.jpg 720w, https:\/\/mapadadiversidade.com.br\/ipatinga\/wp-content\/uploads\/2019\/07\/Luizim-6-300x225.jpg 300w\" sizes=\"auto, (max-width: 720px) 100vw, 720px\" \/><\/figure>\n<\/figure>\n","protected":false},"excerpt":{"rendered":"<p>Pesquisador das dan\u00e7as derivados do funk (Funk Styles), breaking e a capoeira.  Al\u00e9m das pesquisas, ministra oficinas de dan\u00e7a.<\/p>\n","protected":false},"author":7,"featured_media":2331,"comment_status":"open","ping_status":"open","sticky":false,"template":"","format":"standard","meta":{"footnotes":""},"categories":[1,5,27],"tags":[267],"class_list":["post-2325","post","type-post","status-publish","format-standard","has-post-thumbnail","hentry","category-ipatinga","category-arte-educador-educador-social","category-danca","tag-dancas-urbanas","item-wrap"],"_links":{"self":[{"href":"https:\/\/mapadadiversidade.com.br\/ipatinga\/wp-json\/wp\/v2\/posts\/2325","targetHints":{"allow":["GET"]}}],"collection":[{"href":"https:\/\/mapadadiversidade.com.br\/ipatinga\/wp-json\/wp\/v2\/posts"}],"about":[{"href":"https:\/\/mapadadiversidade.com.br\/ipatinga\/wp-json\/wp\/v2\/types\/post"}],"author":[{"embeddable":true,"href":"https:\/\/mapadadiversidade.com.br\/ipatinga\/wp-json\/wp\/v2\/users\/7"}],"replies":[{"embeddable":true,"href":"https:\/\/mapadadiversidade.com.br\/ipatinga\/wp-json\/wp\/v2\/comments?post=2325"}],"version-history":[{"count":4,"href":"https:\/\/mapadadiversidade.com.br\/ipatinga\/wp-json\/wp\/v2\/posts\/2325\/revisions"}],"predecessor-version":[{"id":2639,"href":"https:\/\/mapadadiversidade.com.br\/ipatinga\/wp-json\/wp\/v2\/posts\/2325\/revisions\/2639"}],"wp:featuredmedia":[{"embeddable":true,"href":"https:\/\/mapadadiversidade.com.br\/ipatinga\/wp-json\/wp\/v2\/media\/2331"}],"wp:attachment":[{"href":"https:\/\/mapadadiversidade.com.br\/ipatinga\/wp-json\/wp\/v2\/media?parent=2325"}],"wp:term":[{"taxonomy":"category","embeddable":true,"href":"https:\/\/mapadadiversidade.com.br\/ipatinga\/wp-json\/wp\/v2\/categories?post=2325"},{"taxonomy":"post_tag","embeddable":true,"href":"https:\/\/mapadadiversidade.com.br\/ipatinga\/wp-json\/wp\/v2\/tags?post=2325"}],"curies":[{"name":"wp","href":"https:\/\/api.w.org\/{rel}","templated":true}]}}